{"id":25203,"date":"2018-11-27T09:31:26","date_gmt":"2018-11-27T06:31:26","guid":{"rendered":"http:\/\/arantv.az\/?p=25203"},"modified":"2018-11-27T09:31:26","modified_gmt":"2018-11-27T06:31:26","slug":"baki-qisa-hazirlasir-foto","status":"publish","type":"post","link":"https:\/\/arantv.az\/?p=25203","title":{"rendered":"Bak\u0131 q\u0131\u015fa haz\u0131rla\u015f\u0131r &#8211; FOTO"},"content":{"rendered":"<p>2018-2019-cu ilin pay\u0131z-q\u0131z m\u00f6vs\u00fcm\u00fcn\u0259 haz\u0131rl\u0131qla ba\u011fl\u0131 Bak\u0131\u00a0\u015f\u0259h\u0259r icra hakimiyy\u0259tind\u0259 m\u00fcvafiq s\u0259r\u0259ncam imzalan\u0131b, t\u0259dbirl\u0259r plan\u0131 t\u0259sdiq olunub v\u0259 x\u00fcsusi q\u0259rargah yarad\u0131l\u0131b.<\/p>\n<p><b>ARANTV.AZ\u00a0<\/b> x\u0259b\u0259r verir ki, bu haqda \u201cAz\u0259rbaycan\u201d q\u0259zetin\u0259 Bak\u0131 \u015e\u0259h\u0259r \u0130cra Hakimiyy\u0259ti ba\u015f\u00e7\u0131s\u0131 aparat\u0131 \u015f\u0259h\u0259r t\u0259s\u0259rr\u00fcfat\u0131, sosial-iqtisadi inki\u015faf\u0131n t\u0259hlili v\u0259 proqnozla\u015fd\u0131r\u0131lmas\u0131 \u015f\u00f6b\u0259sinin m\u00fcdiri\u00a0<strong>Ayaz H\u00fcseynov\u00a0<\/strong>bildirib.<\/p>\n<p>Paytaxt rayonlar\u0131na Bak\u0131 \u015e\u0259h\u0259r \u0130cra Hakimiyy\u0259tinin q\u0131\u015f m\u00f6vs\u00fcm\u00fc il\u0259 ba\u011fl\u0131 t\u00f6vsiy\u0259l\u0259ri paylan\u0131l\u0131b.<\/p>\n<p>\u201cAz\u0259riqaz\u201d\u00a0 \u0130B, \u201cAz\u0259ri\u015f\u0131q\u201d ASC, \u201cAz\u0259rsu\u201d ASC, Bak\u0131 Su kanal\u0131 \u0130dar\u0259si, \u201cAz\u0259rbaycan Avtomobil Yollar\u0131 D\u00f6vl\u0259t Agentliyi\u201d, Bak\u0131 N\u0259qliyyat Agentliyi pay\u0131z-q\u0131\u015f m\u00f6vs\u00fcm\u00fc il\u0259 ba\u011fl\u0131 t\u0259dbirl\u0259r planlar\u0131n\u0131 haz\u0131rlayaraq q\u0259rargaha t\u0259qdim edibl\u0259r. Ad\u0131\u00e7\u0259kil\u0259n t\u0259\u015fkilatlar\u0131n m\u00f6vs\u00fcmi t\u0259dbirl\u0259rl\u0259 ba\u011fl\u0131 g\u00f6r\u0259c\u0259kl\u0259ri i\u015fl\u0259r q\u0259rargah t\u0259r\u0259find\u0259n koordinasiya olunacaq.<\/p>\n<p>Ayaz H\u00fcseynovun s\u00f6zl\u0259rin\u0259 g\u00f6r\u0259, haz\u0131rda q\u0259rargah \u00fczvl\u0259ri m\u00fct\u0259madi olaraq topla\u015f\u0131r v\u0259 qar\u015f\u0131ya \u00e7\u0131xan probleml\u0259rin aradan qald\u0131r\u0131lmas\u0131 yollar\u0131n\u0131 m\u00fczakir\u0259 edirl\u0259r. G\u00f6r\u00fcl\u0259n i\u015fl\u0259rin \u0259sas m\u0259qs\u0259di q\u0131\u015f aylar\u0131nda \u015f\u0259h\u0259r sakinl\u0259rinin elektrik enerjisi, t\u0259bii qaz, su, istilik t\u0259chizat\u0131 v\u0259 dig\u0259r probleml\u0259rl\u0259 \u00fczl\u0259\u015fm\u0259m\u0259sin\u0259 nail olmaqd\u0131r.<\/p>\n<p>\u0130H-nin M\u0259nzil-Kommunal T\u0259s\u0259rr\u00fcfat\u0131 Departamentinin Sanitariya v\u0259 Texniki T\u0259mizlik \u0130dar\u0259sinin r\u0259isi M\u00fcbariz H\u00fcseynov deyib ki, idar\u0259nin balans\u0131nda olan q\u0131\u015f texnikas\u0131 v\u0259 n\u0259qliyyat vasit\u0259l\u0259ri bokslardan bay\u0131ra \u00e7\u0131xar\u0131laraq start v\u0259ziyy\u0259tin\u0259 g\u0259tirilib:<\/p>\n<p>\u201c\u0130dar\u0259nin anbar\u0131nda haz\u0131rda 2000 ton texniki duz var. G\u0259l\u0259c\u0259kd\u0259 \u0259lav\u0259 olaraq daha 1000 ton duzun al\u0131nmas\u0131 n\u0259z\u0259rd\u0259 tutulub. Oktyabr ay\u0131nda 300 ton duz al\u0131naraq anbarlara y\u0131\u011f\u0131l\u0131b. Bundan ba\u015fqa, qum ehtiyatlar\u0131 da kifay\u0259t q\u0259d\u0259r yarad\u0131l\u0131b\u201d.<\/p>\n<div class=\"gallery\">\n<div class=\"gallery-i\"><img src=\"https:\/\/assets.oxu.az\/uploads\/W1siZiIsIjIwMTgvMTEvMjcvMDkvNTYvMDkvZDc1NGZkYWItZGI0Ny00MDUxLTgwZTUtODA1ZDE2YmI2OGQ2LzAxLkpQRyJdLFsicCIsImVuY29kZSIsImpwZyIsIi1xdWFsaXR5IDgwIl0sWyJwIiwidGh1bWIiLCI1OTB4NTkwXHUwMDNlIl1d?sha=2cec83d927987588\" \/><\/p>\n<div class=\"gallery-i-caption\"><\/div>\n<\/div>\n<div class=\"gallery-i\"><img src=\"https:\/\/assets.oxu.az\/uploads\/W1siZiIsIjIwMTgvMTEvMjcvMDkvNTYvMTAvMmFjNTc2YTItMTg2My00NjllLWIxZjItMWEyNjQ1YWY2YmU5LzAzLkpQRyJdLFsicCIsImVuY29kZSIsImpwZyIsIi1xdWFsaXR5IDgwIl0sWyJwIiwidGh1bWIiLCI1OTB4NTkwXHUwMDNlIl1d?sha=97c9c369b6cb2e8c\" \/><\/p>\n<div class=\"gallery-i-caption\"><\/div>\n<\/div>\n<div class=\"gallery-i\"><img src=\"https:\/\/assets.oxu.az\/uploads\/W1siZiIsIjIwMTgvMTEvMjcvMDkvNTYvMTEvOGI4ZTQ5YzQtZGYyOC00YmExLWE0ZjQtNmRiZTgwODQzNDBlLzAyLkpQRyJdLFsicCIsImVuY29kZSIsImpwZyIsIi1xdWFsaXR5IDgwIl0sWyJwIiwidGh1bWIiLCI1OTB4NTkwXHUwMDNlIl1d?sha=a9ceac96f80f27f2\" \/><\/div>\n<div>oxu.az<\/div>\n<\/div>\n","protected":false},"excerpt":{"rendered":"<p>2018-2019-cu ilin pay\u0131z-q\u0131z m\u00f6vs\u00fcm\u00fcn\u0259 haz\u0131rl\u0131qla ba\u011fl\u0131 Bak\u0131\u00a0\u015f\u0259h\u0259r icra hakimiyy\u0259tind\u0259 m\u00fcvafiq s\u0259r\u0259ncam imzalan\u0131b, t\u0259dbirl\u0259r plan\u0131 t\u0259sdiq olunub v\u0259 x\u00fcsusi q\u0259rargah yarad\u0131l\u0131b. ARANTV.AZ\u00a0 x\u0259b\u0259r verir ki, bu haqda \u201cAz\u0259rbaycan\u201d q\u0259zetin\u0259 Bak\u0131 \u015e\u0259h\u0259r \u0130cra Hakimiyy\u0259ti ba\u015f\u00e7\u0131s\u0131 aparat\u0131 \u015f\u0259h\u0259r t\u0259s\u0259rr\u00fcfat\u0131, sosial-iqtisadi inki\u015faf\u0131n t\u0259hlili v\u0259 proqnozla\u015fd\u0131r\u0131lmas\u0131 \u015f\u00f6b\u0259sinin m\u00fcdiri\u00a0Ayaz H\u00fcseynov\u00a0bildirib. Paytaxt rayonlar\u0131na Bak\u0131 \u015e\u0259h\u0259r \u0130cra Hakimiyy\u0259tinin q\u0131\u015f m\u00f6vs\u00fcm\u00fc il\u0259 ba\u011fl\u0131 t\u00f6vsiy\u0259l\u0259ri paylan\u0131l\u0131b. \u201cAz\u0259riqaz\u201d\u00a0 \u0130B, \u201cAz\u0259ri\u015f\u0131q\u201d ASC, \u201cAz\u0259rsu\u201d ASC, Bak\u0131 Su kanal\u0131 \u0130dar\u0259si, \u201cAz\u0259rbaycan Avtomobil Yollar\u0131 D\u00f6vl\u0259t Agentliyi\u201d, Bak\u0131 N\u0259qliyyat Agentliyi pay\u0131z-q\u0131\u015f m\u00f6vs\u00fcm\u00fc il\u0259 ba\u011fl\u0131 t\u0259dbirl\u0259r planlar\u0131n\u0131 haz\u0131rlayaraq q\u0259rargaha t\u0259qdim edibl\u0259r. Ad\u0131\u00e7\u0259kil\u0259n t\u0259\u015fkilatlar\u0131n m\u00f6vs\u00fcmi t\u0259dbirl\u0259rl\u0259 ba\u011fl\u0131 g\u00f6r\u0259c\u0259kl\u0259ri&hellip;<\/p>\n","protected":false},"author":2,"featured_media":25204,"comment_status":"closed","ping_status":"closed","sticky":false,"template":"","format":"standard","meta":{"om_disable_all_campaigns":false,"_monsterinsights_skip_tracking":false,"_monsterinsights_sitenote_active":false,"_monsterinsights_sitenote_note":"","_monsterinsights_sitenote_category":0},"categories":[1],"tags":[],"aioseo_notices":[],"gutentor_comment":0,"rttpg_featured_image_url":{"full":["https:\/\/arantv.az\/wp-content\/uploads\/2018\/11\/02.jpg",620,389,false],"landscape":["https:\/\/arantv.az\/wp-content\/uploads\/2018\/11\/02.jpg",620,389,false],"portraits":["https:\/\/arantv.az\/wp-content\/uploads\/2018\/11\/02.jpg",620,389,false],"thumbnail":["https:\/\/arantv.az\/wp-content\/uploads\/2018\/11\/02-150x150.jpg",150,150,true],"medium":["https:\/\/arantv.az\/wp-content\/uploads\/2018\/11\/02-300x188.jpg",300,188,true],"large":["https:\/\/arantv.az\/wp-content\/uploads\/2018\/11\/02.jpg",620,389,false],"1536x1536":["https:\/\/arantv.az\/wp-content\/uploads\/2018\/11\/02.jpg",620,389,false],"2048x2048":["https:\/\/arantv.az\/wp-content\/uploads\/2018\/11\/02.jpg",620,389,false],"post-thumbnail":["https:\/\/arantv.az\/wp-content\/uploads\/2018\/11\/02-240x172.jpg",240,172,true],"advps-thumb-one":["https:\/\/arantv.az\/wp-content\/uploads\/2018\/11\/02.jpg",620,389,false]},"rttpg_author":{"display_name":"V\u00fcsal Rafiqo\u011flu","author_link":"https:\/\/arantv.az\/?author=2"},"rttpg_comment":0,"rttpg_category":"<a href=\"https:\/\/arantv.az\/?cat=1\" rel=\"category\">C\u0259miyy\u0259t<\/a>","rttpg_excerpt":"2018-2019-cu ilin pay\u0131z-q\u0131z m\u00f6vs\u00fcm\u00fcn\u0259 haz\u0131rl\u0131qla ba\u011fl\u0131 Bak\u0131\u00a0\u015f\u0259h\u0259r icra hakimiyy\u0259tind\u0259 m\u00fcvafiq s\u0259r\u0259ncam imzalan\u0131b, t\u0259dbirl\u0259r plan\u0131 t\u0259sdiq olunub v\u0259 x\u00fcsusi q\u0259rargah yarad\u0131l\u0131b. ARANTV.AZ\u00a0 x\u0259b\u0259r verir ki, bu haqda \u201cAz\u0259rbaycan\u201d q\u0259zetin\u0259 Bak\u0131 \u015e\u0259h\u0259r \u0130cra Hakimiyy\u0259ti ba\u015f\u00e7\u0131s\u0131 aparat\u0131 \u015f\u0259h\u0259r t\u0259s\u0259rr\u00fcfat\u0131, sosial-iqtisadi inki\u015faf\u0131n t\u0259hlili v\u0259 proqnozla\u015fd\u0131r\u0131lmas\u0131 \u015f\u00f6b\u0259sinin m\u00fcdiri\u00a0Ayaz H\u00fcseynov\u00a0bildirib. Paytaxt rayonlar\u0131na Bak\u0131 \u015e\u0259h\u0259r \u0130cra Hakimiyy\u0259tinin q\u0131\u015f m\u00f6vs\u00fcm\u00fc il\u0259 ba\u011fl\u0131 t\u00f6vsiy\u0259l\u0259ri&hellip;","_links":{"self":[{"href":"https:\/\/arantv.az\/index.php?rest_route=\/wp\/v2\/posts\/25203"}],"collection":[{"href":"https:\/\/arantv.az\/index.php?rest_route=\/wp\/v2\/posts"}],"about":[{"href":"https:\/\/arantv.az\/index.php?rest_route=\/wp\/v2\/types\/post"}],"author":[{"embeddable":true,"href":"https:\/\/arantv.az\/index.php?rest_route=\/wp\/v2\/users\/2"}],"replies":[{"embeddable":true,"href":"https:\/\/arantv.az\/index.php?rest_route=%2Fwp%2Fv2%2Fcomments&post=25203"}],"version-history":[{"count":0,"href":"https:\/\/arantv.az\/index.php?rest_route=\/wp\/v2\/posts\/25203\/revisions"}],"wp:featuredmedia":[{"embeddable":true,"href":"https:\/\/arantv.az\/index.php?rest_route=\/wp\/v2\/media\/25204"}],"wp:attachment":[{"href":"https:\/\/arantv.az\/index.php?rest_route=%2Fwp%2Fv2%2Fmedia&parent=25203"}],"wp:term":[{"taxonomy":"category","embeddable":true,"href":"https:\/\/arantv.az\/index.php?rest_route=%2Fwp%2Fv2%2Fcategories&post=25203"},{"taxonomy":"post_tag","embeddable":true,"href":"https:\/\/arantv.az\/index.php?rest_route=%2Fwp%2Fv2%2Ftags&post=25203"}],"curies":[{"name":"wp","href":"https:\/\/api.w.org\/{rel}","templated":true}]}}