{"id":25209,"date":"2018-11-27T09:42:24","date_gmt":"2018-11-27T06:42:24","guid":{"rendered":"http:\/\/arantv.az\/?p=25209"},"modified":"2018-11-27T09:42:24","modified_gmt":"2018-11-27T06:42:24","slug":"bakida-sevgilisin%c9%99-%c9%99s%c9%99bil%c9%99s%c9%99n-qadin-yuks%c9%99k-dozali-d%c9%99rman-icib","status":"publish","type":"post","link":"https:\/\/arantv.az\/?p=25209","title":{"rendered":"Bak\u0131da sevgilisin\u0259 \u0259s\u0259bil\u0259\u015f\u0259n qad\u0131n y\u00fcks\u0259k dozal\u0131 d\u0259rman i\u00e7ib &#8230;"},"content":{"rendered":"<p>Bak\u0131da qad\u0131n \u0259s\u0259bil\u0259\u015f\u0259r\u0259k d\u0259rman i\u00e7ib.<br \/>\n<b>ARANTV.AZ<\/b> Trend-\u0259 istinad\u0259n bildirir ki, hadis\u0259 paytaxt\u0131n Suraxan\u0131 rayonunda ba\u015f verib.<\/p>\n<p>Rayon sakini, 1987-ci il t\u0259v\u0259ll\u00fcdl\u00fc \u015eahv\u0259l\u0259dova M\u0259lah\u0259t Nadir q\u0131z\u0131 Famil adl\u0131 tan\u0131\u015f\u0131 il\u0259 m\u00fcbahis\u0259 edib. Famil adl\u0131 \u015f\u0259xs ona yalan v\u0259dl\u0259r ver\u0259r\u0259k onun hissl\u0259ri il\u0259 oynad\u0131\u011f\u0131ndan qad\u0131n \u0259s\u0259bil\u0259\u015f\u0259r\u0259k &#8220;Majezik&#8221; adl\u0131 a\u011fr\u0131k\u0259sici h\u0259bind\u0259n 6-7 \u0259d\u0259d i\u00e7ib.<\/p>\n<p>N\u0259tic\u0259d\u0259 qad\u0131n z\u0259h\u0259rl\u0259nm\u0259 il\u0259 x\u0259st\u0259xanaya g\u0259tirilib.<\/p>\n<p>Faktla ba\u011fl\u0131 ara\u015fd\u0131rmalara ba\u015flan\u0131l\u0131b.<\/p>\n","protected":false},"excerpt":{"rendered":"<p>Bak\u0131da qad\u0131n \u0259s\u0259bil\u0259\u015f\u0259r\u0259k d\u0259rman i\u00e7ib. ARANTV.AZ Trend-\u0259 istinad\u0259n bildirir ki, hadis\u0259 paytaxt\u0131n Suraxan\u0131 rayonunda ba\u015f verib. Rayon sakini, 1987-ci il t\u0259v\u0259ll\u00fcdl\u00fc \u015eahv\u0259l\u0259dova M\u0259lah\u0259t Nadir q\u0131z\u0131 Famil adl\u0131 tan\u0131\u015f\u0131 il\u0259 m\u00fcbahis\u0259 edib. Famil adl\u0131 \u015f\u0259xs ona yalan v\u0259dl\u0259r ver\u0259r\u0259k onun hissl\u0259ri il\u0259 oynad\u0131\u011f\u0131ndan qad\u0131n \u0259s\u0259bil\u0259\u015f\u0259r\u0259k &#8220;Majezik&#8221; adl\u0131 a\u011fr\u0131k\u0259sici h\u0259bind\u0259n 6-7 \u0259d\u0259d i\u00e7ib. N\u0259tic\u0259d\u0259 qad\u0131n z\u0259h\u0259rl\u0259nm\u0259 il\u0259 x\u0259st\u0259xanaya g\u0259tirilib. Faktla ba\u011fl\u0131 ara\u015fd\u0131rmalara ba\u015flan\u0131l\u0131b.<\/p>\n","protected":false},"author":2,"featured_media":25210,"comment_status":"closed","ping_status":"closed","sticky":false,"template":"","format":"standard","meta":{"om_disable_all_campaigns":false,"_monsterinsights_skip_tracking":false,"_monsterinsights_sitenote_active":false,"_monsterinsights_sitenote_note":"","_monsterinsights_sitenote_category":0},"categories":[5],"tags":[],"aioseo_notices":[],"gutentor_comment":0,"rttpg_featured_image_url":{"full":["https:\/\/arantv.az\/wp-content\/uploads\/2018\/11\/derman_intihar_284756_71543300526.jpg",649,487,false],"landscape":["https:\/\/arantv.az\/wp-content\/uploads\/2018\/11\/derman_intihar_284756_71543300526.jpg",649,487,false],"portraits":["https:\/\/arantv.az\/wp-content\/uploads\/2018\/11\/derman_intihar_284756_71543300526.jpg",649,487,false],"thumbnail":["https:\/\/arantv.az\/wp-content\/uploads\/2018\/11\/derman_intihar_284756_71543300526-150x150.jpg",150,150,true],"medium":["https:\/\/arantv.az\/wp-content\/uploads\/2018\/11\/derman_intihar_284756_71543300526-300x225.jpg",300,225,true],"large":["https:\/\/arantv.az\/wp-content\/uploads\/2018\/11\/derman_intihar_284756_71543300526.jpg",640,480,false],"1536x1536":["https:\/\/arantv.az\/wp-content\/uploads\/2018\/11\/derman_intihar_284756_71543300526.jpg",649,487,false],"2048x2048":["https:\/\/arantv.az\/wp-content\/uploads\/2018\/11\/derman_intihar_284756_71543300526.jpg",649,487,false],"post-thumbnail":["https:\/\/arantv.az\/wp-content\/uploads\/2018\/11\/derman_intihar_284756_71543300526-240x172.jpg",240,172,true],"advps-thumb-one":["https:\/\/arantv.az\/wp-content\/uploads\/2018\/11\/derman_intihar_284756_71543300526.jpg",649,487,false]},"rttpg_author":{"display_name":"V\u00fcsal Rafiqo\u011flu","author_link":"https:\/\/arantv.az\/?author=2"},"rttpg_comment":0,"rttpg_category":"<a href=\"https:\/\/arantv.az\/?cat=5\" rel=\"category\">Hadis\u0259<\/a>","rttpg_excerpt":"Bak\u0131da qad\u0131n \u0259s\u0259bil\u0259\u015f\u0259r\u0259k d\u0259rman i\u00e7ib. ARANTV.AZ Trend-\u0259 istinad\u0259n bildirir ki, hadis\u0259 paytaxt\u0131n Suraxan\u0131 rayonunda ba\u015f verib. Rayon sakini, 1987-ci il t\u0259v\u0259ll\u00fcdl\u00fc \u015eahv\u0259l\u0259dova M\u0259lah\u0259t Nadir q\u0131z\u0131 Famil adl\u0131 tan\u0131\u015f\u0131 il\u0259 m\u00fcbahis\u0259 edib. Famil adl\u0131 \u015f\u0259xs ona yalan v\u0259dl\u0259r ver\u0259r\u0259k onun hissl\u0259ri il\u0259 oynad\u0131\u011f\u0131ndan qad\u0131n \u0259s\u0259bil\u0259\u015f\u0259r\u0259k &#8220;Majezik&#8221; adl\u0131 a\u011fr\u0131k\u0259sici h\u0259bind\u0259n 6-7 \u0259d\u0259d i\u00e7ib. N\u0259tic\u0259d\u0259 qad\u0131n z\u0259h\u0259rl\u0259nm\u0259 il\u0259&hellip;","_links":{"self":[{"href":"https:\/\/arantv.az\/index.php?rest_route=\/wp\/v2\/posts\/25209"}],"collection":[{"href":"https:\/\/arantv.az\/index.php?rest_route=\/wp\/v2\/posts"}],"about":[{"href":"https:\/\/arantv.az\/index.php?rest_route=\/wp\/v2\/types\/post"}],"author":[{"embeddable":true,"href":"https:\/\/arantv.az\/index.php?rest_route=\/wp\/v2\/users\/2"}],"replies":[{"embeddable":true,"href":"https:\/\/arantv.az\/index.php?rest_route=%2Fwp%2Fv2%2Fcomments&post=25209"}],"version-history":[{"count":0,"href":"https:\/\/arantv.az\/index.php?rest_route=\/wp\/v2\/posts\/25209\/revisions"}],"wp:featuredmedia":[{"embeddable":true,"href":"https:\/\/arantv.az\/index.php?rest_route=\/wp\/v2\/media\/25210"}],"wp:attachment":[{"href":"https:\/\/arantv.az\/index.php?rest_route=%2Fwp%2Fv2%2Fmedia&parent=25209"}],"wp:term":[{"taxonomy":"category","embeddable":true,"href":"https:\/\/arantv.az\/index.php?rest_route=%2Fwp%2Fv2%2Fcategories&post=25209"},{"taxonomy":"post_tag","embeddable":true,"href":"https:\/\/arantv.az\/index.php?rest_route=%2Fwp%2Fv2%2Ftags&post=25209"}],"curies":[{"name":"wp","href":"https:\/\/api.w.org\/{rel}","templated":true}]}}