{"id":25212,"date":"2018-11-27T09:44:26","date_gmt":"2018-11-27T06:44:26","guid":{"rendered":"http:\/\/arantv.az\/?p=25212"},"modified":"2018-11-27T09:44:26","modified_gmt":"2018-11-27T06:44:26","slug":"deputatlar-bu-gun-budc%c9%99-muzakir%c9%99l%c9%99rin%c9%99-toplasir-2","status":"publish","type":"post","link":"https:\/\/arantv.az\/?p=25212","title":{"rendered":"Deputatlar bu g\u00fcn b\u00fcdc\u0259 m\u00fczakir\u0259l\u0259rin\u0259 topla\u015f\u0131r"},"content":{"rendered":"<p><strong>Bu g\u00fcn Milli M\u0259clisin n\u00f6vb\u0259ti plenar iclas\u0131 ke\u00e7iril\u0259c\u0259k.<\/strong><\/p>\n<p><strong>ARANTV.AZ<\/strong> trend-\u0259 istinad\u0259n x\u0259b\u0259r verir ki, noyabr\u0131n 27-d\u0259 v\u0259 30-da ke\u00e7iril\u0259c\u0259k iclaslarda &#8220;Az\u0259rbaycan Respublikas\u0131n\u0131n 2019-cu il d\u00f6vl\u0259t b\u00fcdc\u0259si haqq\u0131nda&#8221; qanun layih\u0259si ikinci oxunu\u015f v\u0259 \u00fc\u00e7\u00fcnc\u00fc oxunu\u015flarda m\u00fczakir\u0259y\u0259 \u00e7\u0131xar\u0131lacaq.<\/p>\n<p>\u0130claslarda, h\u0259m\u00e7inin &#8220;Az\u0259rbaycan Respublikas\u0131nda 2019-cu il \u00fc\u00e7\u00fcn ehtiyac meyar\u0131n\u0131n h\u0259ddi haqq\u0131nda&#8221; qanun layih\u0259si m\u00fczakir\u0259 edil\u0259c\u0259k, o c\u00fcml\u0259d\u0259n &#8220;B\u00fcdc\u0259 sistemi haqq\u0131nda&#8221;, &#8220;D\u00f6vl\u0259t borcu haqq\u0131nda&#8221;, &#8220;Sosial s\u0131\u011forta haqq\u0131nda&#8221;, &#8220;\u018fm\u0259k pensiyalar\u0131 haqq\u0131nda&#8221; qanunlara d\u0259yi\u015fiklikl\u0259r, Az\u0259rbaycanla bir s\u0131ra \u00f6lk\u0259l\u0259r aras\u0131nda sazi\u015fl\u0259rin t\u0259sdiq edilm\u0259si m\u00fczakir\u0259y\u0259 \u00e7\u0131xar\u0131lacaq.<\/p>\n<p>\u00dcmumilikd\u0259 iclaslar\u0131n g\u00fcnd\u0259liyin\u0259 58 m\u0259s\u0259l\u0259 daxildir.<\/p>\n","protected":false},"excerpt":{"rendered":"<p>Bu g\u00fcn Milli M\u0259clisin n\u00f6vb\u0259ti plenar iclas\u0131 ke\u00e7iril\u0259c\u0259k. ARANTV.AZ trend-\u0259 istinad\u0259n x\u0259b\u0259r verir ki, noyabr\u0131n 27-d\u0259 v\u0259 30-da ke\u00e7iril\u0259c\u0259k iclaslarda &#8220;Az\u0259rbaycan Respublikas\u0131n\u0131n 2019-cu il d\u00f6vl\u0259t b\u00fcdc\u0259si haqq\u0131nda&#8221; qanun layih\u0259si ikinci oxunu\u015f v\u0259 \u00fc\u00e7\u00fcnc\u00fc oxunu\u015flarda m\u00fczakir\u0259y\u0259 \u00e7\u0131xar\u0131lacaq. \u0130claslarda, h\u0259m\u00e7inin &#8220;Az\u0259rbaycan Respublikas\u0131nda 2019-cu il \u00fc\u00e7\u00fcn ehtiyac meyar\u0131n\u0131n h\u0259ddi haqq\u0131nda&#8221; qanun layih\u0259si m\u00fczakir\u0259 edil\u0259c\u0259k, o c\u00fcml\u0259d\u0259n &#8220;B\u00fcdc\u0259 sistemi haqq\u0131nda&#8221;, &#8220;D\u00f6vl\u0259t borcu haqq\u0131nda&#8221;, &#8220;Sosial s\u0131\u011forta haqq\u0131nda&#8221;, &#8220;\u018fm\u0259k pensiyalar\u0131 haqq\u0131nda&#8221; qanunlara d\u0259yi\u015fiklikl\u0259r, Az\u0259rbaycanla bir s\u0131ra \u00f6lk\u0259l\u0259r aras\u0131nda sazi\u015fl\u0259rin t\u0259sdiq edilm\u0259si m\u00fczakir\u0259y\u0259 \u00e7\u0131xar\u0131lacaq. \u00dcmumilikd\u0259 iclaslar\u0131n g\u00fcnd\u0259liyin\u0259 58 m\u0259s\u0259l\u0259 daxildir.<\/p>\n","protected":false},"author":2,"featured_media":25213,"comment_status":"closed","ping_status":"closed","sticky":false,"template":"","format":"standard","meta":{"om_disable_all_campaigns":false,"_monsterinsights_skip_tracking":false,"_monsterinsights_sitenote_active":false,"_monsterinsights_sitenote_note":"","_monsterinsights_sitenote_category":0},"categories":[4],"tags":[],"aioseo_notices":[],"gutentor_comment":0,"rttpg_featured_image_url":{"full":["https:\/\/arantv.az\/wp-content\/uploads\/2018\/11\/milli_meclis_0001-1.jpg",482,361,false],"landscape":["https:\/\/arantv.az\/wp-content\/uploads\/2018\/11\/milli_meclis_0001-1.jpg",482,361,false],"portraits":["https:\/\/arantv.az\/wp-content\/uploads\/2018\/11\/milli_meclis_0001-1.jpg",482,361,false],"thumbnail":["https:\/\/arantv.az\/wp-content\/uploads\/2018\/11\/milli_meclis_0001-1-150x150.jpg",150,150,true],"medium":["https:\/\/arantv.az\/wp-content\/uploads\/2018\/11\/milli_meclis_0001-1-300x225.jpg",300,225,true],"large":["https:\/\/arantv.az\/wp-content\/uploads\/2018\/11\/milli_meclis_0001-1.jpg",482,361,false],"1536x1536":["https:\/\/arantv.az\/wp-content\/uploads\/2018\/11\/milli_meclis_0001-1.jpg",482,361,false],"2048x2048":["https:\/\/arantv.az\/wp-content\/uploads\/2018\/11\/milli_meclis_0001-1.jpg",482,361,false],"post-thumbnail":["https:\/\/arantv.az\/wp-content\/uploads\/2018\/11\/milli_meclis_0001-1-240x172.jpg",240,172,true],"advps-thumb-one":["https:\/\/arantv.az\/wp-content\/uploads\/2018\/11\/milli_meclis_0001-1.jpg",482,361,false]},"rttpg_author":{"display_name":"V\u00fcsal Rafiqo\u011flu","author_link":"https:\/\/arantv.az\/?author=2"},"rttpg_comment":0,"rttpg_category":"<a href=\"https:\/\/arantv.az\/?cat=4\" rel=\"category\">Siyas\u0259t<\/a>","rttpg_excerpt":"Bu g\u00fcn Milli M\u0259clisin n\u00f6vb\u0259ti plenar iclas\u0131 ke\u00e7iril\u0259c\u0259k. ARANTV.AZ trend-\u0259 istinad\u0259n x\u0259b\u0259r verir ki, noyabr\u0131n 27-d\u0259 v\u0259 30-da ke\u00e7iril\u0259c\u0259k iclaslarda &#8220;Az\u0259rbaycan Respublikas\u0131n\u0131n 2019-cu il d\u00f6vl\u0259t b\u00fcdc\u0259si haqq\u0131nda&#8221; qanun layih\u0259si ikinci oxunu\u015f v\u0259 \u00fc\u00e7\u00fcnc\u00fc oxunu\u015flarda m\u00fczakir\u0259y\u0259 \u00e7\u0131xar\u0131lacaq. \u0130claslarda, h\u0259m\u00e7inin &#8220;Az\u0259rbaycan Respublikas\u0131nda 2019-cu il \u00fc\u00e7\u00fcn ehtiyac meyar\u0131n\u0131n h\u0259ddi haqq\u0131nda&#8221; qanun layih\u0259si m\u00fczakir\u0259 edil\u0259c\u0259k, o c\u00fcml\u0259d\u0259n &#8220;B\u00fcdc\u0259 sistemi&hellip;","_links":{"self":[{"href":"https:\/\/arantv.az\/index.php?rest_route=\/wp\/v2\/posts\/25212"}],"collection":[{"href":"https:\/\/arantv.az\/index.php?rest_route=\/wp\/v2\/posts"}],"about":[{"href":"https:\/\/arantv.az\/index.php?rest_route=\/wp\/v2\/types\/post"}],"author":[{"embeddable":true,"href":"https:\/\/arantv.az\/index.php?rest_route=\/wp\/v2\/users\/2"}],"replies":[{"embeddable":true,"href":"https:\/\/arantv.az\/index.php?rest_route=%2Fwp%2Fv2%2Fcomments&post=25212"}],"version-history":[{"count":0,"href":"https:\/\/arantv.az\/index.php?rest_route=\/wp\/v2\/posts\/25212\/revisions"}],"wp:featuredmedia":[{"embeddable":true,"href":"https:\/\/arantv.az\/index.php?rest_route=\/wp\/v2\/media\/25213"}],"wp:attachment":[{"href":"https:\/\/arantv.az\/index.php?rest_route=%2Fwp%2Fv2%2Fmedia&parent=25212"}],"wp:term":[{"taxonomy":"category","embeddable":true,"href":"https:\/\/arantv.az\/index.php?rest_route=%2Fwp%2Fv2%2Fcategories&post=25212"},{"taxonomy":"post_tag","embeddable":true,"href":"https:\/\/arantv.az\/index.php?rest_route=%2Fwp%2Fv2%2Ftags&post=25212"}],"curies":[{"name":"wp","href":"https:\/\/api.w.org\/{rel}","templated":true}]}}