{"id":25221,"date":"2018-11-27T09:49:50","date_gmt":"2018-11-27T06:49:50","guid":{"rendered":"http:\/\/arantv.az\/?p=25221"},"modified":"2018-11-27T09:49:50","modified_gmt":"2018-11-27T06:49:50","slug":"astarada-agir-q%c9%99za-ol%c9%99n-var","status":"publish","type":"post","link":"https:\/\/arantv.az\/?p=25221","title":{"rendered":"Astarada a\u011f\u0131r q\u0259za: \u00d6L\u018fN VAR"},"content":{"rendered":"<p><strong>Astara rayonunda \u00f6l\u00fcml\u0259 n\u0259tic\u0259l\u0259n\u0259n yol q\u0259zas\u0131 ba\u015f verib.<\/strong><\/p>\n<p><strong>ARANTV.AZ<\/strong>\u00a0 x\u0259b\u0259r verir ki, d\u00fcn\u0259n saat 19 rad\u0259l\u0259rind\u0259 rayonun Pens\u0259r k\u0259ndind\u0259 Nahid \u018fbilov idar\u0259 etdiyi \u201cMercedes\u201d markal\u0131 avtomobill\u0259 yolu ke\u00e7\u0259n piyadan\u0131 vurub. N\u0259tic\u0259d\u0259 a\u011f\u0131r x\u0259sar\u0259t alan, rayonun Ma\u015fxan k\u0259nd sakini 48 ya\u015fl\u0131 Rafiq Teymurov a\u011f\u0131r x\u0259sar\u0259tl\u0259r al\u0131b. Onun h\u0259yat\u0131n\u0131 xilas etm\u0259k m\u00fcmk\u00fcn olmay\u0131b.<\/p>\n<p>Faktla ba\u011fl\u0131 cinay\u0259t i\u015fi a\u00e7\u0131l\u0131b, ara\u015fd\u0131rma apar\u0131l\u0131r.<\/p>\n<p>publika.az<\/p>\n","protected":false},"excerpt":{"rendered":"<p>Astara rayonunda \u00f6l\u00fcml\u0259 n\u0259tic\u0259l\u0259n\u0259n yol q\u0259zas\u0131 ba\u015f verib. ARANTV.AZ\u00a0 x\u0259b\u0259r verir ki, d\u00fcn\u0259n saat 19 rad\u0259l\u0259rind\u0259 rayonun Pens\u0259r k\u0259ndind\u0259 Nahid \u018fbilov idar\u0259 etdiyi \u201cMercedes\u201d markal\u0131 avtomobill\u0259 yolu ke\u00e7\u0259n piyadan\u0131 vurub. N\u0259tic\u0259d\u0259 a\u011f\u0131r x\u0259sar\u0259t alan, rayonun Ma\u015fxan k\u0259nd sakini 48 ya\u015fl\u0131 Rafiq Teymurov a\u011f\u0131r x\u0259sar\u0259tl\u0259r al\u0131b. Onun h\u0259yat\u0131n\u0131 xilas etm\u0259k m\u00fcmk\u00fcn olmay\u0131b. Faktla ba\u011fl\u0131 cinay\u0259t i\u015fi a\u00e7\u0131l\u0131b, ara\u015fd\u0131rma apar\u0131l\u0131r. publika.az<\/p>\n","protected":false},"author":2,"featured_media":25222,"comment_status":"closed","ping_status":"closed","sticky":false,"template":"","format":"standard","meta":{"om_disable_all_campaigns":false,"_monsterinsights_skip_tracking":false,"_monsterinsights_sitenote_active":false,"_monsterinsights_sitenote_note":"","_monsterinsights_sitenote_category":0},"categories":[5],"tags":[],"aioseo_notices":[],"gutentor_comment":0,"rttpg_featured_image_url":{"full":["https:\/\/arantv.az\/wp-content\/uploads\/2018\/11\/su-anbarindan-meyit-tapilib-ehaliye-orad_51519281986.jpg",800,450,false],"landscape":["https:\/\/arantv.az\/wp-content\/uploads\/2018\/11\/su-anbarindan-meyit-tapilib-ehaliye-orad_51519281986.jpg",800,450,false],"portraits":["https:\/\/arantv.az\/wp-content\/uploads\/2018\/11\/su-anbarindan-meyit-tapilib-ehaliye-orad_51519281986.jpg",800,450,false],"thumbnail":["https:\/\/arantv.az\/wp-content\/uploads\/2018\/11\/su-anbarindan-meyit-tapilib-ehaliye-orad_51519281986-150x150.jpg",150,150,true],"medium":["https:\/\/arantv.az\/wp-content\/uploads\/2018\/11\/su-anbarindan-meyit-tapilib-ehaliye-orad_51519281986-300x169.jpg",300,169,true],"large":["https:\/\/arantv.az\/wp-content\/uploads\/2018\/11\/su-anbarindan-meyit-tapilib-ehaliye-orad_51519281986.jpg",640,360,false],"1536x1536":["https:\/\/arantv.az\/wp-content\/uploads\/2018\/11\/su-anbarindan-meyit-tapilib-ehaliye-orad_51519281986.jpg",800,450,false],"2048x2048":["https:\/\/arantv.az\/wp-content\/uploads\/2018\/11\/su-anbarindan-meyit-tapilib-ehaliye-orad_51519281986.jpg",800,450,false],"post-thumbnail":["https:\/\/arantv.az\/wp-content\/uploads\/2018\/11\/su-anbarindan-meyit-tapilib-ehaliye-orad_51519281986-240x172.jpg",240,172,true],"advps-thumb-one":["https:\/\/arantv.az\/wp-content\/uploads\/2018\/11\/su-anbarindan-meyit-tapilib-ehaliye-orad_51519281986.jpg",800,450,false]},"rttpg_author":{"display_name":"V\u00fcsal Rafiqo\u011flu","author_link":"https:\/\/arantv.az\/?author=2"},"rttpg_comment":0,"rttpg_category":"<a href=\"https:\/\/arantv.az\/?cat=5\" rel=\"category\">Hadis\u0259<\/a>","rttpg_excerpt":"Astara rayonunda \u00f6l\u00fcml\u0259 n\u0259tic\u0259l\u0259n\u0259n yol q\u0259zas\u0131 ba\u015f verib. ARANTV.AZ\u00a0 x\u0259b\u0259r verir ki, d\u00fcn\u0259n saat 19 rad\u0259l\u0259rind\u0259 rayonun Pens\u0259r k\u0259ndind\u0259 Nahid \u018fbilov idar\u0259 etdiyi \u201cMercedes\u201d markal\u0131 avtomobill\u0259 yolu ke\u00e7\u0259n piyadan\u0131 vurub. N\u0259tic\u0259d\u0259 a\u011f\u0131r x\u0259sar\u0259t alan, rayonun Ma\u015fxan k\u0259nd sakini 48 ya\u015fl\u0131 Rafiq Teymurov a\u011f\u0131r x\u0259sar\u0259tl\u0259r al\u0131b. Onun h\u0259yat\u0131n\u0131 xilas etm\u0259k m\u00fcmk\u00fcn olmay\u0131b. Faktla ba\u011fl\u0131 cinay\u0259t i\u015fi&hellip;","_links":{"self":[{"href":"https:\/\/arantv.az\/index.php?rest_route=\/wp\/v2\/posts\/25221"}],"collection":[{"href":"https:\/\/arantv.az\/index.php?rest_route=\/wp\/v2\/posts"}],"about":[{"href":"https:\/\/arantv.az\/index.php?rest_route=\/wp\/v2\/types\/post"}],"author":[{"embeddable":true,"href":"https:\/\/arantv.az\/index.php?rest_route=\/wp\/v2\/users\/2"}],"replies":[{"embeddable":true,"href":"https:\/\/arantv.az\/index.php?rest_route=%2Fwp%2Fv2%2Fcomments&post=25221"}],"version-history":[{"count":0,"href":"https:\/\/arantv.az\/index.php?rest_route=\/wp\/v2\/posts\/25221\/revisions"}],"wp:featuredmedia":[{"embeddable":true,"href":"https:\/\/arantv.az\/index.php?rest_route=\/wp\/v2\/media\/25222"}],"wp:attachment":[{"href":"https:\/\/arantv.az\/index.php?rest_route=%2Fwp%2Fv2%2Fmedia&parent=25221"}],"wp:term":[{"taxonomy":"category","embeddable":true,"href":"https:\/\/arantv.az\/index.php?rest_route=%2Fwp%2Fv2%2Fcategories&post=25221"},{"taxonomy":"post_tag","embeddable":true,"href":"https:\/\/arantv.az\/index.php?rest_route=%2Fwp%2Fv2%2Ftags&post=25221"}],"curies":[{"name":"wp","href":"https:\/\/api.w.org\/{rel}","templated":true}]}}