{"id":25224,"date":"2018-11-27T09:51:56","date_gmt":"2018-11-27T06:51:56","guid":{"rendered":"http:\/\/arantv.az\/?p=25224"},"modified":"2018-11-27T09:51:56","modified_gmt":"2018-11-27T06:51:56","slug":"az%c9%99rbaycan-megafonla-bagli-rusiya-qarsisinda-t%c9%99l%c9%99b-qoydu","status":"publish","type":"post","link":"https:\/\/arantv.az\/?p=25224","title":{"rendered":"Az\u0259rbaycan \u201cMegaFon\u201dla ba\u011fl\u0131 Rusiya qar\u015f\u0131s\u0131nda t\u0259l\u0259b qoydu"},"content":{"rendered":"<div class=\"spot\">Az\u0259rbaycan n\u0259qliyyat, rabit\u0259 v\u0259 y\u00fcks\u0259k texnologiyalar naziri Ramin Quluzad\u0259 Rusiya Federasiyas\u0131n\u0131n r\u0259q\u0259msal inki\u015faf, rabit\u0259 v\u0259 k\u00fctl\u0259vi kommunikasiyalar naziri Konstantin Noskovla g\u00f6r\u00fc\u015f\u00fcb.<\/div>\n<p><strong>ARANTV.AZ<\/strong>-\u0131n m\u0259lumat\u0131na g\u00f6r\u0259, nazirl\u0259r informasiya texnologiyalar\u0131, po\u00e7t v\u0259 telekommunikasiya sah\u0259sind\u0259 Az\u0259rbaycan-Rusiya \u0259m\u0259kda\u015fl\u0131\u011f\u0131n\u0131 m\u00fczakir\u0259 edibl\u0259r. \u00d6lk\u0259l\u0259r aras\u0131nda informasiya t\u0259hl\u00fck\u0259sizliyi sah\u0259sind\u0259 \u0259m\u0259kda\u015fl\u0131q, informasiya-kommunikasiya sah\u0259sind\u0259 t\u0259hsil, &#8220;a\u011f\u0131ll\u0131&#8221; \u015f\u0259h\u0259r konsepsiyas\u0131n\u0131n inki\u015faf\u0131, mobil rabit\u0259nin keyfiyy\u0259tin\u0259 n\u0259zar\u0259t, beyn\u0259lxalq rouminq tarifl\u0259rinin a\u015fa\u011f\u0131 sal\u0131nmas\u0131 m\u0259s\u0259l\u0259l\u0259ri \u0259traf\u0131nda fikir m\u00fcbadil\u0259si apar\u0131l\u0131b.<\/p>\n<p>Rusiya t\u0259r\u0259fi radiotezlik spektrind\u0259n istifad\u0259y\u0259 g\u00f6r\u0259 \u00f6d\u0259ni\u015f proseduru, h\u0259m\u00e7inin Rusiya Federasiyas\u0131nda 2014-c\u00fc ild\u0259n r\u0259q\u0259mli b\u0259rab\u0259rsizliyin aradan qald\u0131r\u0131lmas\u0131 proqram\u0131 \u00e7\u0259r\u00e7iv\u0259sind\u0259 universal rabit\u0259 xidm\u0259tl\u0259ri istiqam\u0259tind\u0259 h\u0259yata ke\u00e7iril\u0259n islahatlar bar\u0259d\u0259 m\u0259lumat verib. Ramin Quluzad\u0259 \u00f6lk\u0259mizin sah\u0259 \u00fczr\u0259 ikit\u0259r\u0259fli \u0259m\u0259kda\u015fl\u0131\u011f\u0131n inki\u015faf\u0131nda, el\u0259c\u0259 d\u0259 Rusiya \u015firk\u0259tl\u0259ri il\u0259 \u0259laq\u0259l\u0259rin geni\u015fl\u0259ndirilm\u0259sind\u0259 maraql\u0131 oldu\u011funu bildirib.<\/p>\n<p>Nazir Rusiyaya m\u0259xsus &#8220;MegaFon&#8221; operatoru t\u0259r\u0259find\u0259n Az\u0259rbaycan\u0131n i\u015f\u011fal olunmu\u015f \u0259razil\u0259rind\u0259 qanunsuz f\u0259aliyy\u0259tin qar\u015f\u0131s\u0131n\u0131n al\u0131nmas\u0131 \u00fc\u00e7\u00fcn birg\u0259 t\u0259dbirl\u0259rin t\u0259\u015fkil olunmas\u0131n\u0131n vacibliyini qeyd edib. Rusiya t\u0259r\u0259fi qeyd olunan \u015firk\u0259t t\u0259r\u0259find\u0259n i\u015f\u011fal olunmu\u015f \u0259razil\u0259rimizd\u0259 he\u00e7 bir f\u0259aliyy\u0259t h\u0259yata ke\u00e7irilm\u0259diyini qeyd edib v\u0259 bununla ba\u011fl\u0131 nazirliy\u0259 r\u0259smi m\u0259lumat g\u00f6nd\u0259ril\u0259c\u0259yini bildirib.<\/p>\n<p>Bundan ba\u015fqa, Az\u0259rbaycana daxil olan beyn\u0259lxalq giri\u015f trafikinin tam h\u0259cmd\u0259, y\u00fcks\u0259k keyfiyy\u0259tli birba\u015fa kanallarla \u00f6t\u00fcr\u00fclm\u0259sinin t\u0259min edilm\u0259si d\u0259 m\u00fczakir\u0259 m\u00f6vzusu olub.Eyni zamanda, po\u00e7t sah\u0259sind\u0259 regional \u0259m\u0259kda\u015fl\u0131\u011f\u0131n t\u0259\u015fkil olunmas\u0131 v\u0259 iki \u00f6lk\u0259 aras\u0131nda beyn\u0259lxalq po\u00e7tda\u015f\u0131malar\u0131n\u0131n m\u00fcbadil\u0259sind\u0259 qar\u015f\u0131l\u0131ql\u0131 g\u00fcz\u0259\u015ftli \u00e7atd\u0131rma tarifl\u0259rinin t\u0259tbiqi m\u0259s\u0259l\u0259sinin ara\u015fd\u0131r\u0131lmas\u0131, &#8220;Az\u0259rpo\u00e7t&#8221; MMC v\u0259 &#8220;Rusiya Po\u00e7tu&#8221; aras\u0131nda beyn\u0259lxalq po\u00e7t rabit\u0259si sah\u0259sind\u0259 \u0259m\u0259kda\u015fl\u0131q haqq\u0131nda sazi\u015fin imzalanmas\u0131 q\u0259rara al\u0131n\u0131b.<\/p>\n<p>G\u00f6r\u00fc\u015f\u00fcn sonunda cari ilin 4-7 dekabr tarixl\u0259rind\u0259 Bak\u0131 \u015f\u0259h\u0259rind\u0259 ke\u00e7iril\u0259c\u0259k \u201cBakutel-2018\u201d 24-c\u00fc Az\u0259rbaycan Beyn\u0259lxalq Telekommunikasiya, \u0130nnovasiya v\u0259 Y\u00fcks\u0259k Texnologiyalar s\u0259rgi-konfrans\u0131nda Rusiya \u015firk\u0259tl\u0259rinin i\u015ftirak\u0131 bar\u0259d\u0259 dan\u0131\u015f\u0131qlar apar\u0131l\u0131b. S\u0259f\u0259r \u00e7\u0259r\u00e7iv\u0259sind\u0259 Rusiyan\u0131n n\u0259qliyyat nazirinin m\u00fcavini Sergey Aristovla t\u0259\u015fkil olunmu\u015f g\u00f6r\u00fc\u015fd\u0259 is\u0259 cari ild\u0259 So\u00e7i \u015f\u0259h\u0259rind\u0259 imzalanm\u0131\u015f \u201cYol x\u0259rit\u0259si\u201d v\u0259 &#8220;\u015eimal-C\u0259nub&#8221; n\u0259qliyyat d\u0259hlizinin inki\u015faf\u0131, el\u0259c\u0259 d\u0259, Samur k\u00f6rp\u00fcs\u00fcn\u00fcn tikintisinin cari v\u0259ziyy\u0259ti il\u0259 ba\u011fl\u0131 m\u0259s\u0259l\u0259l\u0259r \u0259traf\u0131nda m\u00fczakir\u0259l\u0259r apar\u0131l\u0131b.<\/p>\n<p>G\u00f6r\u00fc\u015fd\u0259 iki \u00f6lk\u0259 aras\u0131nda d\u0259niz n\u0259qliyyat\u0131 sah\u0259sind\u0259 sazi\u015f layih\u0259l\u0259rinin imzalanmas\u0131n\u0131n vacibliyi x\u00fcsusi qeyd olunub. H\u0259r iki g\u00f6r\u00fc\u015fd\u0259 Az\u0259rbaycan\u0131n Rusiyadak\u0131 f\u00f6vq\u0259lad\u0259 v\u0259 s\u0259lahiyy\u0259tli s\u0259firi Polad B\u00fclb\u00fclo\u011flu i\u015ftirak edib.<\/p>\n<p><img src=\"http:\/\/olke.az\/uploads\/images\/quluz-1543298612.jpg\" alt=\"\" width=\"100%\" \/><\/p>\n<p>\u00f6lk\u0259.az<\/p>\n","protected":false},"excerpt":{"rendered":"<p>Az\u0259rbaycan n\u0259qliyyat, rabit\u0259 v\u0259 y\u00fcks\u0259k texnologiyalar naziri Ramin Quluzad\u0259 Rusiya Federasiyas\u0131n\u0131n r\u0259q\u0259msal inki\u015faf, rabit\u0259 v\u0259 k\u00fctl\u0259vi kommunikasiyalar naziri Konstantin Noskovla g\u00f6r\u00fc\u015f\u00fcb. ARANTV.AZ-\u0131n m\u0259lumat\u0131na g\u00f6r\u0259, nazirl\u0259r informasiya texnologiyalar\u0131, po\u00e7t v\u0259 telekommunikasiya sah\u0259sind\u0259 Az\u0259rbaycan-Rusiya \u0259m\u0259kda\u015fl\u0131\u011f\u0131n\u0131 m\u00fczakir\u0259 edibl\u0259r. \u00d6lk\u0259l\u0259r aras\u0131nda informasiya t\u0259hl\u00fck\u0259sizliyi sah\u0259sind\u0259 \u0259m\u0259kda\u015fl\u0131q, informasiya-kommunikasiya sah\u0259sind\u0259 t\u0259hsil, &#8220;a\u011f\u0131ll\u0131&#8221; \u015f\u0259h\u0259r konsepsiyas\u0131n\u0131n inki\u015faf\u0131, mobil rabit\u0259nin keyfiyy\u0259tin\u0259 n\u0259zar\u0259t, beyn\u0259lxalq rouminq tarifl\u0259rinin a\u015fa\u011f\u0131 sal\u0131nmas\u0131 m\u0259s\u0259l\u0259l\u0259ri \u0259traf\u0131nda fikir m\u00fcbadil\u0259si apar\u0131l\u0131b. Rusiya t\u0259r\u0259fi radiotezlik spektrind\u0259n istifad\u0259y\u0259 g\u00f6r\u0259 \u00f6d\u0259ni\u015f proseduru, h\u0259m\u00e7inin Rusiya Federasiyas\u0131nda 2014-c\u00fc ild\u0259n r\u0259q\u0259mli b\u0259rab\u0259rsizliyin aradan qald\u0131r\u0131lmas\u0131 proqram\u0131 \u00e7\u0259r\u00e7iv\u0259sind\u0259 universal rabit\u0259 xidm\u0259tl\u0259ri istiqam\u0259tind\u0259 h\u0259yata ke\u00e7iril\u0259n islahatlar bar\u0259d\u0259 m\u0259lumat&hellip;<\/p>\n","protected":false},"author":2,"featured_media":25225,"comment_status":"closed","ping_status":"closed","sticky":false,"template":"","format":"standard","meta":{"om_disable_all_campaigns":false,"_monsterinsights_skip_tracking":false,"_monsterinsights_sitenote_active":false,"_monsterinsights_sitenote_note":"","_monsterinsights_sitenote_category":0},"categories":[1],"tags":[],"aioseo_notices":[],"gutentor_comment":0,"rttpg_featured_image_url":{"full":["https:\/\/arantv.az\/wp-content\/uploads\/2018\/11\/rss.jpg",620,375,false],"landscape":["https:\/\/arantv.az\/wp-content\/uploads\/2018\/11\/rss.jpg",620,375,false],"portraits":["https:\/\/arantv.az\/wp-content\/uploads\/2018\/11\/rss.jpg",620,375,false],"thumbnail":["https:\/\/arantv.az\/wp-content\/uploads\/2018\/11\/rss-150x150.jpg",150,150,true],"medium":["https:\/\/arantv.az\/wp-content\/uploads\/2018\/11\/rss-300x181.jpg",300,181,true],"large":["https:\/\/arantv.az\/wp-content\/uploads\/2018\/11\/rss.jpg",620,375,false],"1536x1536":["https:\/\/arantv.az\/wp-content\/uploads\/2018\/11\/rss.jpg",620,375,false],"2048x2048":["https:\/\/arantv.az\/wp-content\/uploads\/2018\/11\/rss.jpg",620,375,false],"post-thumbnail":["https:\/\/arantv.az\/wp-content\/uploads\/2018\/11\/rss-240x172.jpg",240,172,true],"advps-thumb-one":["https:\/\/arantv.az\/wp-content\/uploads\/2018\/11\/rss.jpg",620,375,false]},"rttpg_author":{"display_name":"V\u00fcsal Rafiqo\u011flu","author_link":"https:\/\/arantv.az\/?author=2"},"rttpg_comment":0,"rttpg_category":"<a href=\"https:\/\/arantv.az\/?cat=1\" rel=\"category\">C\u0259miyy\u0259t<\/a>","rttpg_excerpt":"Az\u0259rbaycan n\u0259qliyyat, rabit\u0259 v\u0259 y\u00fcks\u0259k texnologiyalar naziri Ramin Quluzad\u0259 Rusiya Federasiyas\u0131n\u0131n r\u0259q\u0259msal inki\u015faf, rabit\u0259 v\u0259 k\u00fctl\u0259vi kommunikasiyalar naziri Konstantin Noskovla g\u00f6r\u00fc\u015f\u00fcb. ARANTV.AZ-\u0131n m\u0259lumat\u0131na g\u00f6r\u0259, nazirl\u0259r informasiya texnologiyalar\u0131, po\u00e7t v\u0259 telekommunikasiya sah\u0259sind\u0259 Az\u0259rbaycan-Rusiya \u0259m\u0259kda\u015fl\u0131\u011f\u0131n\u0131 m\u00fczakir\u0259 edibl\u0259r. \u00d6lk\u0259l\u0259r aras\u0131nda informasiya t\u0259hl\u00fck\u0259sizliyi sah\u0259sind\u0259 \u0259m\u0259kda\u015fl\u0131q, informasiya-kommunikasiya sah\u0259sind\u0259 t\u0259hsil, &#8220;a\u011f\u0131ll\u0131&#8221; \u015f\u0259h\u0259r konsepsiyas\u0131n\u0131n inki\u015faf\u0131, mobil rabit\u0259nin keyfiyy\u0259tin\u0259 n\u0259zar\u0259t, beyn\u0259lxalq rouminq tarifl\u0259rinin&hellip;","_links":{"self":[{"href":"https:\/\/arantv.az\/index.php?rest_route=\/wp\/v2\/posts\/25224"}],"collection":[{"href":"https:\/\/arantv.az\/index.php?rest_route=\/wp\/v2\/posts"}],"about":[{"href":"https:\/\/arantv.az\/index.php?rest_route=\/wp\/v2\/types\/post"}],"author":[{"embeddable":true,"href":"https:\/\/arantv.az\/index.php?rest_route=\/wp\/v2\/users\/2"}],"replies":[{"embeddable":true,"href":"https:\/\/arantv.az\/index.php?rest_route=%2Fwp%2Fv2%2Fcomments&post=25224"}],"version-history":[{"count":0,"href":"https:\/\/arantv.az\/index.php?rest_route=\/wp\/v2\/posts\/25224\/revisions"}],"wp:featuredmedia":[{"embeddable":true,"href":"https:\/\/arantv.az\/index.php?rest_route=\/wp\/v2\/media\/25225"}],"wp:attachment":[{"href":"https:\/\/arantv.az\/index.php?rest_route=%2Fwp%2Fv2%2Fmedia&parent=25224"}],"wp:term":[{"taxonomy":"category","embeddable":true,"href":"https:\/\/arantv.az\/index.php?rest_route=%2Fwp%2Fv2%2Fcategories&post=25224"},{"taxonomy":"post_tag","embeddable":true,"href":"https:\/\/arantv.az\/index.php?rest_route=%2Fwp%2Fv2%2Ftags&post=25224"}],"curies":[{"name":"wp","href":"https:\/\/api.w.org\/{rel}","templated":true}]}}