{"id":25237,"date":"2018-11-27T10:47:18","date_gmt":"2018-11-27T07:47:18","guid":{"rendered":"http:\/\/arantv.az\/?p=25237"},"modified":"2018-11-27T10:47:18","modified_gmt":"2018-11-27T07:47:18","slug":"olk%c9%99d%c9%99-tv-v%c9%99-radio-yayimi-novb%c9%99ti-d%c9%99f%c9%99-dayandirilacaq","status":"publish","type":"post","link":"https:\/\/arantv.az\/?p=25237","title":{"rendered":"\u00d6lk\u0259d\u0259 TV v\u0259 radio yay\u0131m\u0131 n\u00f6vb\u0259ti d\u0259f\u0259 dayand\u0131r\u0131lacaq"},"content":{"rendered":"<p><strong>Dekabr\u0131n 3-d\u0259 Az\u0259rbaycan\u0131n efir m\u0259kan\u0131nda kompleks profilaktika ke\u00e7iril\u0259c\u0259k.<\/strong><\/p>\n<p><strong>ARANTV.AZ<\/strong> x\u0259b\u0259r verir ki, bu bar\u0259d\u0259 trend-\u0259 \u00f6lk\u0259nin telekommunikasiya bazar\u0131ndak\u0131 m\u0259nb\u0259 bildirib.<\/p>\n<p>Kompleks profilaktika il\u0259 \u0259laq\u0259dar telekanal v\u0259 radiolar\u0131n yay\u0131m\u0131 h\u0259min g\u00fcn saat 06:00-dan 15:00-d\u0259k dayand\u0131r\u0131lacaq.<\/p>\n<p>Qeyd ed\u0259k ki, profilaktika i\u015fl\u0259ri daha \u0259vv\u0259l t\u0259sdiq olunmu\u015f c\u0259dv\u0259l\u0259 uy\u011fun h\u0259yata ke\u00e7irilir. 2018-ci ilin c\u0259dv\u0259lin\u0259 \u0259sas\u0259n d\u00f6rd profilaktika n\u0259z\u0259rd\u0259 tutulub.<\/p>\n<p>Birinci kompleks profilaktika fevral\u0131n 5-i, ikincisi iyunun 11-i, \u00fc\u00e7\u00fcnc\u00fcs\u00fc is\u0259 sentyabr\u0131n 3-d\u0259 ke\u00e7irilib.<\/p>\n","protected":false},"excerpt":{"rendered":"<p>Dekabr\u0131n 3-d\u0259 Az\u0259rbaycan\u0131n efir m\u0259kan\u0131nda kompleks profilaktika ke\u00e7iril\u0259c\u0259k. ARANTV.AZ x\u0259b\u0259r verir ki, bu bar\u0259d\u0259 trend-\u0259 \u00f6lk\u0259nin telekommunikasiya bazar\u0131ndak\u0131 m\u0259nb\u0259 bildirib. Kompleks profilaktika il\u0259 \u0259laq\u0259dar telekanal v\u0259 radiolar\u0131n yay\u0131m\u0131 h\u0259min g\u00fcn saat 06:00-dan 15:00-d\u0259k dayand\u0131r\u0131lacaq. Qeyd ed\u0259k ki, profilaktika i\u015fl\u0259ri daha \u0259vv\u0259l t\u0259sdiq olunmu\u015f c\u0259dv\u0259l\u0259 uy\u011fun h\u0259yata ke\u00e7irilir. 2018-ci ilin c\u0259dv\u0259lin\u0259 \u0259sas\u0259n d\u00f6rd profilaktika n\u0259z\u0259rd\u0259 tutulub. Birinci kompleks profilaktika fevral\u0131n 5-i, ikincisi iyunun 11-i, \u00fc\u00e7\u00fcnc\u00fcs\u00fc is\u0259 sentyabr\u0131n 3-d\u0259 ke\u00e7irilib.<\/p>\n","protected":false},"author":2,"featured_media":25239,"comment_status":"closed","ping_status":"closed","sticky":false,"template":"","format":"standard","meta":{"om_disable_all_campaigns":false,"_monsterinsights_skip_tracking":false,"_monsterinsights_sitenote_active":false,"_monsterinsights_sitenote_note":"","_monsterinsights_sitenote_category":0},"categories":[1],"tags":[],"aioseo_notices":[],"gutentor_comment":0,"rttpg_featured_image_url":{"full":["https:\/\/arantv.az\/wp-content\/uploads\/2018\/11\/pult02-1.jpg",482,361,false],"landscape":["https:\/\/arantv.az\/wp-content\/uploads\/2018\/11\/pult02-1.jpg",482,361,false],"portraits":["https:\/\/arantv.az\/wp-content\/uploads\/2018\/11\/pult02-1.jpg",482,361,false],"thumbnail":["https:\/\/arantv.az\/wp-content\/uploads\/2018\/11\/pult02-1-150x150.jpg",150,150,true],"medium":["https:\/\/arantv.az\/wp-content\/uploads\/2018\/11\/pult02-1-300x225.jpg",300,225,true],"large":["https:\/\/arantv.az\/wp-content\/uploads\/2018\/11\/pult02-1.jpg",482,361,false],"1536x1536":["https:\/\/arantv.az\/wp-content\/uploads\/2018\/11\/pult02-1.jpg",482,361,false],"2048x2048":["https:\/\/arantv.az\/wp-content\/uploads\/2018\/11\/pult02-1.jpg",482,361,false],"post-thumbnail":["https:\/\/arantv.az\/wp-content\/uploads\/2018\/11\/pult02-1-240x172.jpg",240,172,true],"advps-thumb-one":["https:\/\/arantv.az\/wp-content\/uploads\/2018\/11\/pult02-1.jpg",482,361,false]},"rttpg_author":{"display_name":"V\u00fcsal Rafiqo\u011flu","author_link":"https:\/\/arantv.az\/?author=2"},"rttpg_comment":0,"rttpg_category":"<a href=\"https:\/\/arantv.az\/?cat=1\" rel=\"category\">C\u0259miyy\u0259t<\/a>","rttpg_excerpt":"Dekabr\u0131n 3-d\u0259 Az\u0259rbaycan\u0131n efir m\u0259kan\u0131nda kompleks profilaktika ke\u00e7iril\u0259c\u0259k. ARANTV.AZ x\u0259b\u0259r verir ki, bu bar\u0259d\u0259 trend-\u0259 \u00f6lk\u0259nin telekommunikasiya bazar\u0131ndak\u0131 m\u0259nb\u0259 bildirib. Kompleks profilaktika il\u0259 \u0259laq\u0259dar telekanal v\u0259 radiolar\u0131n yay\u0131m\u0131 h\u0259min g\u00fcn saat 06:00-dan 15:00-d\u0259k dayand\u0131r\u0131lacaq. Qeyd ed\u0259k ki, profilaktika i\u015fl\u0259ri daha \u0259vv\u0259l t\u0259sdiq olunmu\u015f c\u0259dv\u0259l\u0259 uy\u011fun h\u0259yata ke\u00e7irilir. 2018-ci ilin c\u0259dv\u0259lin\u0259 \u0259sas\u0259n d\u00f6rd profilaktika n\u0259z\u0259rd\u0259 tutulub.&hellip;","_links":{"self":[{"href":"https:\/\/arantv.az\/index.php?rest_route=\/wp\/v2\/posts\/25237"}],"collection":[{"href":"https:\/\/arantv.az\/index.php?rest_route=\/wp\/v2\/posts"}],"about":[{"href":"https:\/\/arantv.az\/index.php?rest_route=\/wp\/v2\/types\/post"}],"author":[{"embeddable":true,"href":"https:\/\/arantv.az\/index.php?rest_route=\/wp\/v2\/users\/2"}],"replies":[{"embeddable":true,"href":"https:\/\/arantv.az\/index.php?rest_route=%2Fwp%2Fv2%2Fcomments&post=25237"}],"version-history":[{"count":0,"href":"https:\/\/arantv.az\/index.php?rest_route=\/wp\/v2\/posts\/25237\/revisions"}],"wp:featuredmedia":[{"embeddable":true,"href":"https:\/\/arantv.az\/index.php?rest_route=\/wp\/v2\/media\/25239"}],"wp:attachment":[{"href":"https:\/\/arantv.az\/index.php?rest_route=%2Fwp%2Fv2%2Fmedia&parent=25237"}],"wp:term":[{"taxonomy":"category","embeddable":true,"href":"https:\/\/arantv.az\/index.php?rest_route=%2Fwp%2Fv2%2Fcategories&post=25237"},{"taxonomy":"post_tag","embeddable":true,"href":"https:\/\/arantv.az\/index.php?rest_route=%2Fwp%2Fv2%2Ftags&post=25237"}],"curies":[{"name":"wp","href":"https:\/\/api.w.org\/{rel}","templated":true}]}}