{"id":25241,"date":"2018-11-27T10:48:09","date_gmt":"2018-11-27T07:48:09","guid":{"rendered":"http:\/\/arantv.az\/?p=25241"},"modified":"2018-11-27T10:48:09","modified_gmt":"2018-11-27T07:48:09","slug":"az%c9%99rbaycan-numay%c9%99nd%c9%99-hey%c9%99ti-yerevanda-keciril%c9%99n-pabsec-iclasinda-yubiley-medalini-almaqdan-imtina-edib","status":"publish","type":"post","link":"https:\/\/arantv.az\/?p=25241","title":{"rendered":"Az\u0259rbaycan n\u00fcmay\u0259nd\u0259 hey\u0259ti Yerevanda ke\u00e7iril\u0259n PABSEC iclas\u0131nda yubiley medal\u0131n\u0131 almaqdan imtina edib"},"content":{"rendered":"<p><strong>Eyni anda d\u00f6rd \u00f6lk\u0259 bu g\u00fcn Erm\u0259nistan paytaxt\u0131 Yerevanda i\u015fin\u0259 ba\u015flayan Qara D\u0259niz \u0130qtisadi \u018fm\u0259kda\u015fl\u0131q T\u0259\u015fkilat\u0131n\u0131n Parlament Assambleyas\u0131n\u0131n (QD\u0130\u018fT PA) 52-ci iclas\u0131nda yubiley medal\u0131n\u0131 almaqdan imtina edib.<\/strong><\/p>\n<p><strong>ARANTV.AZ<\/strong> report-a istinad\u0259n x\u0259b\u0259r verir ki, giri\u015f nitqind\u0259n sonra Erm\u0259nistan parlamentinin s\u0259dri Ara Babloyan t\u0259\u015fkilat\u0131n 25 illiyi m\u00fcnasib\u0259til\u0259 b\u00fct\u00fcn milli n\u00fcmay\u0259nd\u0259 hey\u0259tl\u0259rinin medallarla t\u0259ltif olunaca\u011f\u0131n\u0131 elan edib. Lakin bird\u0259n-bir\u0259 d\u00f6rd \u00f6lk\u0259nin &#8211; Az\u0259rbaycan, T\u00fcrkiy\u0259, G\u00fcrc\u00fcstan v\u0259 Ukraynan\u0131n n\u00fcmay\u0259nd\u0259 hey\u0259tl\u0259ri medallardan imtina edib.<\/p>\n<p>M\u0259s\u0259l\u0259 il\u0259 \u0259laq\u0259dar A.Babloyan m\u00fckafat\u0131n yaln\u0131z n\u00fcmay\u0259nd\u0259 hey\u0259tinin r\u0259hb\u0259rl\u0259rin\u0259 yox, b\u00fct\u00fcn hey\u0259t\u0259 aid oldu\u011funu bildirib.<\/p>\n<p>QD\u0130\u018fT PA-n\u0131n Ba\u015f katibi As\u0259f Hac\u0131yev is\u0259, \u00f6z n\u00f6vb\u0259sind\u0259, deyib ki, bundan faci\u0259 d\u00fcz\u0259ltm\u0259k laz\u0131m deyil.<\/p>\n<p>Qeyd ed\u0259k ki, iclasda Az\u0259rbaycan n\u00fcmay\u0259nd\u0259 hey\u0259tin\u0259 deputat Eldar Quliyev r\u0259hb\u0259rlik edir.<\/p>\n","protected":false},"excerpt":{"rendered":"<p>Eyni anda d\u00f6rd \u00f6lk\u0259 bu g\u00fcn Erm\u0259nistan paytaxt\u0131 Yerevanda i\u015fin\u0259 ba\u015flayan Qara D\u0259niz \u0130qtisadi \u018fm\u0259kda\u015fl\u0131q T\u0259\u015fkilat\u0131n\u0131n Parlament Assambleyas\u0131n\u0131n (QD\u0130\u018fT PA) 52-ci iclas\u0131nda yubiley medal\u0131n\u0131 almaqdan imtina edib. ARANTV.AZ report-a istinad\u0259n x\u0259b\u0259r verir ki, giri\u015f nitqind\u0259n sonra Erm\u0259nistan parlamentinin s\u0259dri Ara Babloyan t\u0259\u015fkilat\u0131n 25 illiyi m\u00fcnasib\u0259til\u0259 b\u00fct\u00fcn milli n\u00fcmay\u0259nd\u0259 hey\u0259tl\u0259rinin medallarla t\u0259ltif olunaca\u011f\u0131n\u0131 elan edib. Lakin bird\u0259n-bir\u0259 d\u00f6rd \u00f6lk\u0259nin &#8211; Az\u0259rbaycan, T\u00fcrkiy\u0259, G\u00fcrc\u00fcstan v\u0259 Ukraynan\u0131n n\u00fcmay\u0259nd\u0259 hey\u0259tl\u0259ri medallardan imtina edib. M\u0259s\u0259l\u0259 il\u0259 \u0259laq\u0259dar A.Babloyan m\u00fckafat\u0131n yaln\u0131z n\u00fcmay\u0259nd\u0259 hey\u0259tinin r\u0259hb\u0259rl\u0259rin\u0259 yox, b\u00fct\u00fcn hey\u0259t\u0259 aid oldu\u011funu bildirib. QD\u0130\u018fT PA-n\u0131n Ba\u015f katibi As\u0259f Hac\u0131yev&hellip;<\/p>\n","protected":false},"author":2,"featured_media":25242,"comment_status":"closed","ping_status":"closed","sticky":false,"template":"","format":"standard","meta":{"om_disable_all_campaigns":false,"_monsterinsights_skip_tracking":false,"_monsterinsights_sitenote_active":false,"_monsterinsights_sitenote_note":"","_monsterinsights_sitenote_category":0},"categories":[4],"tags":[],"aioseo_notices":[],"gutentor_comment":0,"rttpg_featured_image_url":{"full":["https:\/\/arantv.az\/wp-content\/uploads\/2018\/11\/707393.jpg",800,600,false],"landscape":["https:\/\/arantv.az\/wp-content\/uploads\/2018\/11\/707393.jpg",800,600,false],"portraits":["https:\/\/arantv.az\/wp-content\/uploads\/2018\/11\/707393.jpg",800,600,false],"thumbnail":["https:\/\/arantv.az\/wp-content\/uploads\/2018\/11\/707393-150x150.jpg",150,150,true],"medium":["https:\/\/arantv.az\/wp-content\/uploads\/2018\/11\/707393-300x225.jpg",300,225,true],"large":["https:\/\/arantv.az\/wp-content\/uploads\/2018\/11\/707393.jpg",640,480,false],"1536x1536":["https:\/\/arantv.az\/wp-content\/uploads\/2018\/11\/707393.jpg",800,600,false],"2048x2048":["https:\/\/arantv.az\/wp-content\/uploads\/2018\/11\/707393.jpg",800,600,false],"post-thumbnail":["https:\/\/arantv.az\/wp-content\/uploads\/2018\/11\/707393-240x172.jpg",240,172,true],"advps-thumb-one":["https:\/\/arantv.az\/wp-content\/uploads\/2018\/11\/707393.jpg",800,600,false]},"rttpg_author":{"display_name":"V\u00fcsal Rafiqo\u011flu","author_link":"https:\/\/arantv.az\/?author=2"},"rttpg_comment":0,"rttpg_category":"<a href=\"https:\/\/arantv.az\/?cat=4\" rel=\"category\">Siyas\u0259t<\/a>","rttpg_excerpt":"Eyni anda d\u00f6rd \u00f6lk\u0259 bu g\u00fcn Erm\u0259nistan paytaxt\u0131 Yerevanda i\u015fin\u0259 ba\u015flayan Qara D\u0259niz \u0130qtisadi \u018fm\u0259kda\u015fl\u0131q T\u0259\u015fkilat\u0131n\u0131n Parlament Assambleyas\u0131n\u0131n (QD\u0130\u018fT PA) 52-ci iclas\u0131nda yubiley medal\u0131n\u0131 almaqdan imtina edib. ARANTV.AZ report-a istinad\u0259n x\u0259b\u0259r verir ki, giri\u015f nitqind\u0259n sonra Erm\u0259nistan parlamentinin s\u0259dri Ara Babloyan t\u0259\u015fkilat\u0131n 25 illiyi m\u00fcnasib\u0259til\u0259 b\u00fct\u00fcn milli n\u00fcmay\u0259nd\u0259 hey\u0259tl\u0259rinin medallarla t\u0259ltif olunaca\u011f\u0131n\u0131 elan edib. Lakin&hellip;","_links":{"self":[{"href":"https:\/\/arantv.az\/index.php?rest_route=\/wp\/v2\/posts\/25241"}],"collection":[{"href":"https:\/\/arantv.az\/index.php?rest_route=\/wp\/v2\/posts"}],"about":[{"href":"https:\/\/arantv.az\/index.php?rest_route=\/wp\/v2\/types\/post"}],"author":[{"embeddable":true,"href":"https:\/\/arantv.az\/index.php?rest_route=\/wp\/v2\/users\/2"}],"replies":[{"embeddable":true,"href":"https:\/\/arantv.az\/index.php?rest_route=%2Fwp%2Fv2%2Fcomments&post=25241"}],"version-history":[{"count":0,"href":"https:\/\/arantv.az\/index.php?rest_route=\/wp\/v2\/posts\/25241\/revisions"}],"wp:featuredmedia":[{"embeddable":true,"href":"https:\/\/arantv.az\/index.php?rest_route=\/wp\/v2\/media\/25242"}],"wp:attachment":[{"href":"https:\/\/arantv.az\/index.php?rest_route=%2Fwp%2Fv2%2Fmedia&parent=25241"}],"wp:term":[{"taxonomy":"category","embeddable":true,"href":"https:\/\/arantv.az\/index.php?rest_route=%2Fwp%2Fv2%2Fcategories&post=25241"},{"taxonomy":"post_tag","embeddable":true,"href":"https:\/\/arantv.az\/index.php?rest_route=%2Fwp%2Fv2%2Ftags&post=25241"}],"curies":[{"name":"wp","href":"https:\/\/api.w.org\/{rel}","templated":true}]}}