{"id":25247,"date":"2018-11-27T10:52:08","date_gmt":"2018-11-27T07:52:08","guid":{"rendered":"http:\/\/arantv.az\/?p=25247"},"modified":"2018-11-27T10:52:08","modified_gmt":"2018-11-27T07:52:08","slug":"astanada-beyn%c9%99lxalq-parlament-konfransi-kecirilib","status":"publish","type":"post","link":"https:\/\/arantv.az\/?p=25247","title":{"rendered":"Astanada beyn\u0259lxalq parlament konfransi ke\u00e7irilib"},"content":{"rendered":"<p><strong>ARANTV.AZ<\/strong> x\u0259b\u0259r verir ki, \u201cAz\u0259rbaycan-Qazax\u0131stan m\u00fcnasib\u0259tl\u0259ri qarda\u015fl\u0131q, mehriban qon\u015fuluq \u0259laq\u0259l\u0259rin\u0259 \u0259saslan\u0131r. H\u0259r iki \u00f6lk\u0259nin beyn\u0259xalq m\u00fcst\u0259vid\u0259 eyni m\u00f6vqed\u0259n \u00e7\u0131x\u0131\u015f\u0131 bunu bir daha t\u0259sdiql\u0259yir\u201d. Bu fikirl\u0259r\u00a0Astanada Qazax\u0131stan\u0131n Birinci Prezident G\u00fcn\u00fc m\u00fcnasib\u0259til\u0259 ke\u00e7iril\u0259n beyn\u0259lxalq parlament konfrans\u0131nda s\u0259sl\u0259nib.<\/p>\n<p>\u201cAstana &#8211; qlobal inteqrasiya, t\u0259hl\u00fck\u0259sizlik v\u0259 s\u00fclh m\u0259rk\u0259zi\u201d m\u00f6vzusunda ke\u00e7iril\u0259n beyn\u0259lxalq parlament konfrans\u0131nda regionda v\u0259 d\u00fcnyada sabitliyin, t\u0259hl\u00fck\u0259sizliyin t\u0259mini, terrorizm\u0259 qar\u015f\u0131 m\u00fcbariz\u0259 il\u0259 ba\u011fl\u0131 m\u0259s\u0259l\u0259l\u0259r m\u00fczakir\u0259 m\u00f6vzusu oldu. \u018fvv\u0259lc\u0259 Qazax\u0131stan Parlamenti M\u0259clisinin s\u0259dri Nurlan Niqmatulin v\u0259 Xarici i\u015fl\u0259r naziri Kayrat Abduraxmanov M\u0259rk\u0259zi Asiya d\u00f6vl\u0259tl\u0259ri aras\u0131nda qar\u015f\u0131l\u0131ql\u0131 \u0259laq\u0259l\u0259rin m\u00f6hk\u0259ml\u0259ndirilm\u0259si bar\u0259d\u0259 m\u0259lumat verdil\u0259r. Birinci Prezident G\u00fcn\u00fc m\u00fcnasib\u0259til\u0259 t\u0259brikl\u0259rini \u00e7atd\u0131ran Milli M\u0259clis s\u0259drinin birinci m\u00fcavini Ziyaf\u0259t \u018fsg\u0259rov is\u0259 dedi ki, bu g\u00fcn iki \u00f6lk\u0259 aras\u0131nda y\u00fcks\u0259l\u0259n x\u0259tl\u0259 inki\u015faf ed\u0259n \u0259laq\u0259l\u0259r m\u00f6vcuddur. Vur\u011fulad\u0131 ki, bu \u0259m\u0259kda\u015fl\u0131\u011f\u0131n daha da geni\u015fl\u0259ndirilm\u0259sind\u0259 h\u0259r iki \u00f6lk\u0259 maraql\u0131d\u0131r.<\/p>\n<p>Ziyaf\u0259t \u018fsg\u0259rov diqq\u0259t\u0259 \u00e7atd\u0131rd\u0131 ki, Az\u0259rbaycan\u0131n v\u0259 Qazax\u0131stan\u0131n beyn\u0259lxalq v\u0259 regional t\u0259\u015fkilatlarda m\u00f6vqel\u0259ri \u00fcst-\u00fcst\u0259 d\u00fc\u015f\u00fcr. X\u0259z\u0259rin h\u00fcquqi statusu il\u0259 ba\u011fl\u0131 Konvensiyan\u0131n q\u0259bul olunmas\u0131 m\u00fcnasib\u0259tl\u0259rin daha da inki\u015faf\u0131 \u00fc\u00e7\u00fcn geni\u015f imkanlar yarad\u0131r. Konfrans \u00e7\u0259r\u00e7iv\u0259sind\u0259 Ziyaf\u0259t \u018fsg\u0259rov Qazax\u0131stan Parlamenti M\u0259clisinin s\u0259dri Nurlan Niqmatulinl\u0259 d\u0259 g\u00f6r\u00fc\u015fd\u00fc. G\u00f6r\u00fc\u015fd\u0259 ikit\u0259r\u0259fli \u0259laq\u0259l\u0259rin daha da geni\u015fl\u0259ndirilm\u0259sind\u0259 parlamentl\u0259rin rolu x\u00fcsusi qeyd edilib.<\/p>\n","protected":false},"excerpt":{"rendered":"<p>ARANTV.AZ x\u0259b\u0259r verir ki, \u201cAz\u0259rbaycan-Qazax\u0131stan m\u00fcnasib\u0259tl\u0259ri qarda\u015fl\u0131q, mehriban qon\u015fuluq \u0259laq\u0259l\u0259rin\u0259 \u0259saslan\u0131r. H\u0259r iki \u00f6lk\u0259nin beyn\u0259xalq m\u00fcst\u0259vid\u0259 eyni m\u00f6vqed\u0259n \u00e7\u0131x\u0131\u015f\u0131 bunu bir daha t\u0259sdiql\u0259yir\u201d. Bu fikirl\u0259r\u00a0Astanada Qazax\u0131stan\u0131n Birinci Prezident G\u00fcn\u00fc m\u00fcnasib\u0259til\u0259 ke\u00e7iril\u0259n beyn\u0259lxalq parlament konfrans\u0131nda s\u0259sl\u0259nib. \u201cAstana &#8211; qlobal inteqrasiya, t\u0259hl\u00fck\u0259sizlik v\u0259 s\u00fclh m\u0259rk\u0259zi\u201d m\u00f6vzusunda ke\u00e7iril\u0259n beyn\u0259lxalq parlament konfrans\u0131nda regionda v\u0259 d\u00fcnyada sabitliyin, t\u0259hl\u00fck\u0259sizliyin t\u0259mini, terrorizm\u0259 qar\u015f\u0131 m\u00fcbariz\u0259 il\u0259 ba\u011fl\u0131 m\u0259s\u0259l\u0259l\u0259r m\u00fczakir\u0259 m\u00f6vzusu oldu. \u018fvv\u0259lc\u0259 Qazax\u0131stan Parlamenti M\u0259clisinin s\u0259dri Nurlan Niqmatulin v\u0259 Xarici i\u015fl\u0259r naziri Kayrat Abduraxmanov M\u0259rk\u0259zi Asiya d\u00f6vl\u0259tl\u0259ri aras\u0131nda qar\u015f\u0131l\u0131ql\u0131 \u0259laq\u0259l\u0259rin m\u00f6hk\u0259ml\u0259ndirilm\u0259si bar\u0259d\u0259 m\u0259lumat verdil\u0259r. Birinci Prezident G\u00fcn\u00fc m\u00fcnasib\u0259til\u0259&hellip;<\/p>\n","protected":false},"author":2,"featured_media":25248,"comment_status":"closed","ping_status":"closed","sticky":false,"template":"","format":"standard","meta":{"om_disable_all_campaigns":false,"_monsterinsights_skip_tracking":false,"_monsterinsights_sitenote_active":false,"_monsterinsights_sitenote_note":"","_monsterinsights_sitenote_category":0},"categories":[4],"tags":[],"aioseo_notices":[],"gutentor_comment":0,"rttpg_featured_image_url":{"full":["https:\/\/arantv.az\/wp-content\/uploads\/2018\/11\/es4a7927b0or43htgk0vanm453as.jpg",1000,666,false],"landscape":["https:\/\/arantv.az\/wp-content\/uploads\/2018\/11\/es4a7927b0or43htgk0vanm453as.jpg",1000,666,false],"portraits":["https:\/\/arantv.az\/wp-content\/uploads\/2018\/11\/es4a7927b0or43htgk0vanm453as.jpg",1000,666,false],"thumbnail":["https:\/\/arantv.az\/wp-content\/uploads\/2018\/11\/es4a7927b0or43htgk0vanm453as-150x150.jpg",150,150,true],"medium":["https:\/\/arantv.az\/wp-content\/uploads\/2018\/11\/es4a7927b0or43htgk0vanm453as-300x200.jpg",300,200,true],"large":["https:\/\/arantv.az\/wp-content\/uploads\/2018\/11\/es4a7927b0or43htgk0vanm453as.jpg",640,426,false],"1536x1536":["https:\/\/arantv.az\/wp-content\/uploads\/2018\/11\/es4a7927b0or43htgk0vanm453as.jpg",1000,666,false],"2048x2048":["https:\/\/arantv.az\/wp-content\/uploads\/2018\/11\/es4a7927b0or43htgk0vanm453as.jpg",1000,666,false],"post-thumbnail":["https:\/\/arantv.az\/wp-content\/uploads\/2018\/11\/es4a7927b0or43htgk0vanm453as-240x172.jpg",240,172,true],"advps-thumb-one":["https:\/\/arantv.az\/wp-content\/uploads\/2018\/11\/es4a7927b0or43htgk0vanm453as-1000x620.jpg",1000,620,true]},"rttpg_author":{"display_name":"V\u00fcsal Rafiqo\u011flu","author_link":"https:\/\/arantv.az\/?author=2"},"rttpg_comment":0,"rttpg_category":"<a href=\"https:\/\/arantv.az\/?cat=4\" rel=\"category\">Siyas\u0259t<\/a>","rttpg_excerpt":"ARANTV.AZ x\u0259b\u0259r verir ki, \u201cAz\u0259rbaycan-Qazax\u0131stan m\u00fcnasib\u0259tl\u0259ri qarda\u015fl\u0131q, mehriban qon\u015fuluq \u0259laq\u0259l\u0259rin\u0259 \u0259saslan\u0131r. H\u0259r iki \u00f6lk\u0259nin beyn\u0259xalq m\u00fcst\u0259vid\u0259 eyni m\u00f6vqed\u0259n \u00e7\u0131x\u0131\u015f\u0131 bunu bir daha t\u0259sdiql\u0259yir\u201d. Bu fikirl\u0259r\u00a0Astanada Qazax\u0131stan\u0131n Birinci Prezident G\u00fcn\u00fc m\u00fcnasib\u0259til\u0259 ke\u00e7iril\u0259n beyn\u0259lxalq parlament konfrans\u0131nda s\u0259sl\u0259nib. \u201cAstana &#8211; qlobal inteqrasiya, t\u0259hl\u00fck\u0259sizlik v\u0259 s\u00fclh m\u0259rk\u0259zi\u201d m\u00f6vzusunda ke\u00e7iril\u0259n beyn\u0259lxalq parlament konfrans\u0131nda regionda v\u0259 d\u00fcnyada sabitliyin, t\u0259hl\u00fck\u0259sizliyin t\u0259mini, terrorizm\u0259&hellip;","_links":{"self":[{"href":"https:\/\/arantv.az\/index.php?rest_route=\/wp\/v2\/posts\/25247"}],"collection":[{"href":"https:\/\/arantv.az\/index.php?rest_route=\/wp\/v2\/posts"}],"about":[{"href":"https:\/\/arantv.az\/index.php?rest_route=\/wp\/v2\/types\/post"}],"author":[{"embeddable":true,"href":"https:\/\/arantv.az\/index.php?rest_route=\/wp\/v2\/users\/2"}],"replies":[{"embeddable":true,"href":"https:\/\/arantv.az\/index.php?rest_route=%2Fwp%2Fv2%2Fcomments&post=25247"}],"version-history":[{"count":0,"href":"https:\/\/arantv.az\/index.php?rest_route=\/wp\/v2\/posts\/25247\/revisions"}],"wp:featuredmedia":[{"embeddable":true,"href":"https:\/\/arantv.az\/index.php?rest_route=\/wp\/v2\/media\/25248"}],"wp:attachment":[{"href":"https:\/\/arantv.az\/index.php?rest_route=%2Fwp%2Fv2%2Fmedia&parent=25247"}],"wp:term":[{"taxonomy":"category","embeddable":true,"href":"https:\/\/arantv.az\/index.php?rest_route=%2Fwp%2Fv2%2Fcategories&post=25247"},{"taxonomy":"post_tag","embeddable":true,"href":"https:\/\/arantv.az\/index.php?rest_route=%2Fwp%2Fv2%2Ftags&post=25247"}],"curies":[{"name":"wp","href":"https:\/\/api.w.org\/{rel}","templated":true}]}}