{"id":25250,"date":"2018-11-27T10:52:55","date_gmt":"2018-11-27T07:52:55","guid":{"rendered":"http:\/\/arantv.az\/?p=25250"},"modified":"2018-11-27T10:52:55","modified_gmt":"2018-11-27T07:52:55","slug":"bu-gun-guam-in-milli-%c9%99laq%c9%99l%c9%99ndiricil%c9%99r-surasinin-48-ci-iclasi-baslayacaq","status":"publish","type":"post","link":"https:\/\/arantv.az\/?p=25250","title":{"rendered":"Bu g\u00fcn GUAM-\u0131n Milli \u018flaq\u0259l\u0259ndiricil\u0259r \u015euras\u0131n\u0131n 48-ci iclas\u0131 ba\u015flayacaq"},"content":{"rendered":"<p><strong>ARANTV.AZ<\/strong> x\u0259b\u0259r verir ki, bu g\u00fcn<strong>\u00a0<\/strong>GUAM-\u0131n Milli \u018flaq\u0259l\u0259ndiricil\u0259r \u015euras\u0131n\u0131n 48-ci iclas\u0131 ba\u015flayacaq. Ukraynan\u0131n paytaxt\u0131 Kiyevd\u0259 ke\u00e7iril\u0259c\u0259k toplant\u0131n\u0131n ilk g\u00fcn\u00fc quruma \u00fczv \u00f6lk\u0259l\u0259rin ekspertl\u0259r s\u0259viyy\u0259sind\u0259 m\u00fczakir\u0259l\u0259ri olacaq. GUAM \u00e7\u0259r\u00e7iv\u0259sind\u0259 siyasi, iqtisadi \u0259m\u0259kda\u015fl\u0131\u011f\u0131n perspektivl\u0259rin\u0259 dair fikir m\u00fcbadil\u0259si apar\u0131lacaq. Noyabr\u0131n 28-d\u0259 is\u0259 \u00fczv \u00f6lk\u0259l\u0259rin xarici i\u015fl\u0259r nazirl\u0259rinin m\u00fcavinl\u0259rinin i\u015ftirak\u0131 il\u0259 iclas\u0131n r\u0259smi a\u00e7\u0131l\u0131\u015f\u0131 n\u0259z\u0259rd\u0259 tutulur. Toplant\u0131da Az\u0259rbaycan da t\u0259msil olunacaq.<\/p>\n","protected":false},"excerpt":{"rendered":"<p>ARANTV.AZ x\u0259b\u0259r verir ki, bu g\u00fcn\u00a0GUAM-\u0131n Milli \u018flaq\u0259l\u0259ndiricil\u0259r \u015euras\u0131n\u0131n 48-ci iclas\u0131 ba\u015flayacaq. Ukraynan\u0131n paytaxt\u0131 Kiyevd\u0259 ke\u00e7iril\u0259c\u0259k toplant\u0131n\u0131n ilk g\u00fcn\u00fc quruma \u00fczv \u00f6lk\u0259l\u0259rin ekspertl\u0259r s\u0259viyy\u0259sind\u0259 m\u00fczakir\u0259l\u0259ri olacaq. GUAM \u00e7\u0259r\u00e7iv\u0259sind\u0259 siyasi, iqtisadi \u0259m\u0259kda\u015fl\u0131\u011f\u0131n perspektivl\u0259rin\u0259 dair fikir m\u00fcbadil\u0259si apar\u0131lacaq. Noyabr\u0131n 28-d\u0259 is\u0259 \u00fczv \u00f6lk\u0259l\u0259rin xarici i\u015fl\u0259r nazirl\u0259rinin m\u00fcavinl\u0259rinin i\u015ftirak\u0131 il\u0259 iclas\u0131n r\u0259smi a\u00e7\u0131l\u0131\u015f\u0131 n\u0259z\u0259rd\u0259 tutulur. Toplant\u0131da Az\u0259rbaycan da t\u0259msil olunacaq.<\/p>\n","protected":false},"author":2,"featured_media":25251,"comment_status":"closed","ping_status":"closed","sticky":false,"template":"","format":"standard","meta":{"om_disable_all_campaigns":false,"_monsterinsights_skip_tracking":false,"_monsterinsights_sitenote_active":false,"_monsterinsights_sitenote_note":"","_monsterinsights_sitenote_category":0},"categories":[4],"tags":[],"aioseo_notices":[],"gutentor_comment":0,"rttpg_featured_image_url":{"full":["https:\/\/arantv.az\/wp-content\/uploads\/2018\/11\/es4a7927b0or43htgk0vanm453guam.jpg",380,330,false],"landscape":["https:\/\/arantv.az\/wp-content\/uploads\/2018\/11\/es4a7927b0or43htgk0vanm453guam.jpg",380,330,false],"portraits":["https:\/\/arantv.az\/wp-content\/uploads\/2018\/11\/es4a7927b0or43htgk0vanm453guam.jpg",380,330,false],"thumbnail":["https:\/\/arantv.az\/wp-content\/uploads\/2018\/11\/es4a7927b0or43htgk0vanm453guam-150x150.jpg",150,150,true],"medium":["https:\/\/arantv.az\/wp-content\/uploads\/2018\/11\/es4a7927b0or43htgk0vanm453guam-300x261.jpg",300,261,true],"large":["https:\/\/arantv.az\/wp-content\/uploads\/2018\/11\/es4a7927b0or43htgk0vanm453guam.jpg",380,330,false],"1536x1536":["https:\/\/arantv.az\/wp-content\/uploads\/2018\/11\/es4a7927b0or43htgk0vanm453guam.jpg",380,330,false],"2048x2048":["https:\/\/arantv.az\/wp-content\/uploads\/2018\/11\/es4a7927b0or43htgk0vanm453guam.jpg",380,330,false],"post-thumbnail":["https:\/\/arantv.az\/wp-content\/uploads\/2018\/11\/es4a7927b0or43htgk0vanm453guam-240x172.jpg",240,172,true],"advps-thumb-one":["https:\/\/arantv.az\/wp-content\/uploads\/2018\/11\/es4a7927b0or43htgk0vanm453guam.jpg",380,330,false]},"rttpg_author":{"display_name":"V\u00fcsal Rafiqo\u011flu","author_link":"https:\/\/arantv.az\/?author=2"},"rttpg_comment":0,"rttpg_category":"<a href=\"https:\/\/arantv.az\/?cat=4\" rel=\"category\">Siyas\u0259t<\/a>","rttpg_excerpt":"ARANTV.AZ x\u0259b\u0259r verir ki, bu g\u00fcn\u00a0GUAM-\u0131n Milli \u018flaq\u0259l\u0259ndiricil\u0259r \u015euras\u0131n\u0131n 48-ci iclas\u0131 ba\u015flayacaq. Ukraynan\u0131n paytaxt\u0131 Kiyevd\u0259 ke\u00e7iril\u0259c\u0259k toplant\u0131n\u0131n ilk g\u00fcn\u00fc quruma \u00fczv \u00f6lk\u0259l\u0259rin ekspertl\u0259r s\u0259viyy\u0259sind\u0259 m\u00fczakir\u0259l\u0259ri olacaq. GUAM \u00e7\u0259r\u00e7iv\u0259sind\u0259 siyasi, iqtisadi \u0259m\u0259kda\u015fl\u0131\u011f\u0131n perspektivl\u0259rin\u0259 dair fikir m\u00fcbadil\u0259si apar\u0131lacaq. Noyabr\u0131n 28-d\u0259 is\u0259 \u00fczv \u00f6lk\u0259l\u0259rin xarici i\u015fl\u0259r nazirl\u0259rinin m\u00fcavinl\u0259rinin i\u015ftirak\u0131 il\u0259 iclas\u0131n r\u0259smi a\u00e7\u0131l\u0131\u015f\u0131 n\u0259z\u0259rd\u0259 tutulur. Toplant\u0131da Az\u0259rbaycan da&hellip;","_links":{"self":[{"href":"https:\/\/arantv.az\/index.php?rest_route=\/wp\/v2\/posts\/25250"}],"collection":[{"href":"https:\/\/arantv.az\/index.php?rest_route=\/wp\/v2\/posts"}],"about":[{"href":"https:\/\/arantv.az\/index.php?rest_route=\/wp\/v2\/types\/post"}],"author":[{"embeddable":true,"href":"https:\/\/arantv.az\/index.php?rest_route=\/wp\/v2\/users\/2"}],"replies":[{"embeddable":true,"href":"https:\/\/arantv.az\/index.php?rest_route=%2Fwp%2Fv2%2Fcomments&post=25250"}],"version-history":[{"count":0,"href":"https:\/\/arantv.az\/index.php?rest_route=\/wp\/v2\/posts\/25250\/revisions"}],"wp:featuredmedia":[{"embeddable":true,"href":"https:\/\/arantv.az\/index.php?rest_route=\/wp\/v2\/media\/25251"}],"wp:attachment":[{"href":"https:\/\/arantv.az\/index.php?rest_route=%2Fwp%2Fv2%2Fmedia&parent=25250"}],"wp:term":[{"taxonomy":"category","embeddable":true,"href":"https:\/\/arantv.az\/index.php?rest_route=%2Fwp%2Fv2%2Fcategories&post=25250"},{"taxonomy":"post_tag","embeddable":true,"href":"https:\/\/arantv.az\/index.php?rest_route=%2Fwp%2Fv2%2Ftags&post=25250"}],"curies":[{"name":"wp","href":"https:\/\/api.w.org\/{rel}","templated":true}]}}