{"id":25268,"date":"2018-11-27T12:57:37","date_gmt":"2018-11-27T09:57:37","guid":{"rendered":"http:\/\/arantv.az\/?p=25268"},"modified":"2018-11-27T12:57:37","modified_gmt":"2018-11-27T09:57:37","slug":"mikayil-cabbarov-pensiya-v%c9%99-sigorta-islahatlari-bar%c9%99d%c9%99","status":"publish","type":"post","link":"https:\/\/arantv.az\/?p=25268","title":{"rendered":"Mikay\u0131l Cabbarov pensiya v\u0259 s\u0131\u011forta islahatlar\u0131 bar\u0259d\u0259"},"content":{"rendered":"<p>K\u00f6lg\u0259 iqtisadiyyat\u0131nda \u00e7al\u0131\u015fan \u015f\u0259xsl\u0259r pensiya v\u0259 sosial s\u0131\u011forta sistemind\u0259n k\u0259narda qal\u0131rlar. Bu is\u0259 g\u0259l\u0259c\u0259kd\u0259 onlar\u0131 layiqinc\u0259 pensiya almaq h\u00fcququndan m\u0259hrum edir.<\/p>\n<p><strong>ARANTV.AZ\u00a0<\/strong>\u00a0x\u0259b\u0259r verir ki, bunu vergil\u0259r naziri\u00a0<strong>Mikay\u0131l Cabbarov<\/strong>\u00a0Milli M\u0259clisd\u0259 Vergi M\u0259c\u0259ll\u0259sin\u0259 edil\u0259n d\u0259yi\u015fiklikl\u0259rl\u0259 ba\u011fl\u0131 \u00e7\u0131x\u0131\u015f\u0131nda qeyd edib.<\/p>\n<p>Onun s\u00f6zl\u0259rin\u0259 g\u00f6r\u0259, yeni d\u0259yi\u015fiklikl\u0259r\u00a0100 minl\u0259rl\u0259 insan\u0131n pensiya sistemind\u0259n yaralanmas\u0131na\u00a0 xidm\u0259t ed\u0259c\u0259k:<\/p>\n<p>\u201cBu il \u0259rzind\u0259 qeyri-leqal m\u0259\u015f\u011fulluqla ba\u011fl\u0131 4100 cinay\u0259t hal\u0131 a\u015fkar edilib. Ancaq g\u00f6r\u00fcl\u0259n t\u0259dbirl\u0259r ist\u0259nil\u0259n n\u0259tic\u0259ni vermir. M\u0259hz bu s\u0259b\u0259bd\u0259n d\u0259 Vergil\u0259r M\u0259c\u0259ll\u0259sin\u0259 edil\u0259n d\u0259yi\u015fikliyin mahiyy\u0259ti qeyri-r\u0259smi veril\u0259n \u0259m\u0259khaqqlar\u0131n\u0131n k\u00f6lg\u0259d\u0259n \u00e7\u0131xar\u0131lmas\u0131d\u0131r. Bu da bir s\u0131ra sah\u0259l\u0259rin inki\u015faf\u0131na xidm\u0259t ed\u0259c\u0259k. Eyni zamanda banklar\u0131n kredit aktivliyinin y\u00fcks\u0259lm\u0259sin\u0259 d\u0259 xidm\u0259t ed\u0259c\u0259k v\u0259 bank sistemind\u0259 qeyri-na\u011fd d\u00f6vriyy\u0259sinin artmas\u0131na imkan ver\u0259c\u0259k\u201d.oxu.az<\/p>\n","protected":false},"excerpt":{"rendered":"<p>K\u00f6lg\u0259 iqtisadiyyat\u0131nda \u00e7al\u0131\u015fan \u015f\u0259xsl\u0259r pensiya v\u0259 sosial s\u0131\u011forta sistemind\u0259n k\u0259narda qal\u0131rlar. Bu is\u0259 g\u0259l\u0259c\u0259kd\u0259 onlar\u0131 layiqinc\u0259 pensiya almaq h\u00fcququndan m\u0259hrum edir. ARANTV.AZ\u00a0\u00a0x\u0259b\u0259r verir ki, bunu vergil\u0259r naziri\u00a0Mikay\u0131l Cabbarov\u00a0Milli M\u0259clisd\u0259 Vergi M\u0259c\u0259ll\u0259sin\u0259 edil\u0259n d\u0259yi\u015fiklikl\u0259rl\u0259 ba\u011fl\u0131 \u00e7\u0131x\u0131\u015f\u0131nda qeyd edib. Onun s\u00f6zl\u0259rin\u0259 g\u00f6r\u0259, yeni d\u0259yi\u015fiklikl\u0259r\u00a0100 minl\u0259rl\u0259 insan\u0131n pensiya sistemind\u0259n yaralanmas\u0131na\u00a0 xidm\u0259t ed\u0259c\u0259k: \u201cBu il \u0259rzind\u0259 qeyri-leqal m\u0259\u015f\u011fulluqla ba\u011fl\u0131 4100 cinay\u0259t hal\u0131 a\u015fkar edilib. Ancaq g\u00f6r\u00fcl\u0259n t\u0259dbirl\u0259r ist\u0259nil\u0259n n\u0259tic\u0259ni vermir. M\u0259hz bu s\u0259b\u0259bd\u0259n d\u0259 Vergil\u0259r M\u0259c\u0259ll\u0259sin\u0259 edil\u0259n d\u0259yi\u015fikliyin mahiyy\u0259ti qeyri-r\u0259smi veril\u0259n \u0259m\u0259khaqqlar\u0131n\u0131n k\u00f6lg\u0259d\u0259n \u00e7\u0131xar\u0131lmas\u0131d\u0131r. Bu da bir s\u0131ra sah\u0259l\u0259rin inki\u015faf\u0131na xidm\u0259t ed\u0259c\u0259k. Eyni zamanda&hellip;<\/p>\n","protected":false},"author":2,"featured_media":25269,"comment_status":"closed","ping_status":"closed","sticky":false,"template":"","format":"standard","meta":{"om_disable_all_campaigns":false,"_monsterinsights_skip_tracking":false,"_monsterinsights_sitenote_active":false,"_monsterinsights_sitenote_note":"","_monsterinsights_sitenote_category":0},"categories":[19],"tags":[],"aioseo_notices":[],"gutentor_comment":0,"rttpg_featured_image_url":{"full":["https:\/\/arantv.az\/wp-content\/uploads\/2018\/11\/43582767_1701299893333035_4535886558686871552_n.jpg",620,395,false],"landscape":["https:\/\/arantv.az\/wp-content\/uploads\/2018\/11\/43582767_1701299893333035_4535886558686871552_n.jpg",620,395,false],"portraits":["https:\/\/arantv.az\/wp-content\/uploads\/2018\/11\/43582767_1701299893333035_4535886558686871552_n.jpg",620,395,false],"thumbnail":["https:\/\/arantv.az\/wp-content\/uploads\/2018\/11\/43582767_1701299893333035_4535886558686871552_n-150x150.jpg",150,150,true],"medium":["https:\/\/arantv.az\/wp-content\/uploads\/2018\/11\/43582767_1701299893333035_4535886558686871552_n-300x191.jpg",300,191,true],"large":["https:\/\/arantv.az\/wp-content\/uploads\/2018\/11\/43582767_1701299893333035_4535886558686871552_n.jpg",620,395,false],"1536x1536":["https:\/\/arantv.az\/wp-content\/uploads\/2018\/11\/43582767_1701299893333035_4535886558686871552_n.jpg",620,395,false],"2048x2048":["https:\/\/arantv.az\/wp-content\/uploads\/2018\/11\/43582767_1701299893333035_4535886558686871552_n.jpg",620,395,false],"post-thumbnail":["https:\/\/arantv.az\/wp-content\/uploads\/2018\/11\/43582767_1701299893333035_4535886558686871552_n-240x172.jpg",240,172,true],"advps-thumb-one":["https:\/\/arantv.az\/wp-content\/uploads\/2018\/11\/43582767_1701299893333035_4535886558686871552_n.jpg",620,395,false]},"rttpg_author":{"display_name":"V\u00fcsal Rafiqo\u011flu","author_link":"https:\/\/arantv.az\/?author=2"},"rttpg_comment":0,"rttpg_category":"<a href=\"https:\/\/arantv.az\/?cat=19\" rel=\"category\">G\u00fcnd\u0259m<\/a>","rttpg_excerpt":"K\u00f6lg\u0259 iqtisadiyyat\u0131nda \u00e7al\u0131\u015fan \u015f\u0259xsl\u0259r pensiya v\u0259 sosial s\u0131\u011forta sistemind\u0259n k\u0259narda qal\u0131rlar. Bu is\u0259 g\u0259l\u0259c\u0259kd\u0259 onlar\u0131 layiqinc\u0259 pensiya almaq h\u00fcququndan m\u0259hrum edir. ARANTV.AZ\u00a0\u00a0x\u0259b\u0259r verir ki, bunu vergil\u0259r naziri\u00a0Mikay\u0131l Cabbarov\u00a0Milli M\u0259clisd\u0259 Vergi M\u0259c\u0259ll\u0259sin\u0259 edil\u0259n d\u0259yi\u015fiklikl\u0259rl\u0259 ba\u011fl\u0131 \u00e7\u0131x\u0131\u015f\u0131nda qeyd edib. Onun s\u00f6zl\u0259rin\u0259 g\u00f6r\u0259, yeni d\u0259yi\u015fiklikl\u0259r\u00a0100 minl\u0259rl\u0259 insan\u0131n pensiya sistemind\u0259n yaralanmas\u0131na\u00a0 xidm\u0259t ed\u0259c\u0259k: \u201cBu il \u0259rzind\u0259 qeyri-leqal m\u0259\u015f\u011fulluqla ba\u011fl\u0131&hellip;","_links":{"self":[{"href":"https:\/\/arantv.az\/index.php?rest_route=\/wp\/v2\/posts\/25268"}],"collection":[{"href":"https:\/\/arantv.az\/index.php?rest_route=\/wp\/v2\/posts"}],"about":[{"href":"https:\/\/arantv.az\/index.php?rest_route=\/wp\/v2\/types\/post"}],"author":[{"embeddable":true,"href":"https:\/\/arantv.az\/index.php?rest_route=\/wp\/v2\/users\/2"}],"replies":[{"embeddable":true,"href":"https:\/\/arantv.az\/index.php?rest_route=%2Fwp%2Fv2%2Fcomments&post=25268"}],"version-history":[{"count":0,"href":"https:\/\/arantv.az\/index.php?rest_route=\/wp\/v2\/posts\/25268\/revisions"}],"wp:featuredmedia":[{"embeddable":true,"href":"https:\/\/arantv.az\/index.php?rest_route=\/wp\/v2\/media\/25269"}],"wp:attachment":[{"href":"https:\/\/arantv.az\/index.php?rest_route=%2Fwp%2Fv2%2Fmedia&parent=25268"}],"wp:term":[{"taxonomy":"category","embeddable":true,"href":"https:\/\/arantv.az\/index.php?rest_route=%2Fwp%2Fv2%2Fcategories&post=25268"},{"taxonomy":"post_tag","embeddable":true,"href":"https:\/\/arantv.az\/index.php?rest_route=%2Fwp%2Fv2%2Ftags&post=25268"}],"curies":[{"name":"wp","href":"https:\/\/api.w.org\/{rel}","templated":true}]}}