{"id":25271,"date":"2018-11-27T12:59:18","date_gmt":"2018-11-27T09:59:18","guid":{"rendered":"http:\/\/arantv.az\/?p=25271"},"modified":"2018-11-27T12:59:18","modified_gmt":"2018-11-27T09:59:18","slug":"elmira-suleymanovanin-maasi-artirildi-r%c9%99smi","status":"publish","type":"post","link":"https:\/\/arantv.az\/?p=25271","title":{"rendered":"Elmira S\u00fcleymanovan\u0131n maa\u015f\u0131 art\u0131r\u0131ld\u0131 &#8211; R\u018fSM\u0130"},"content":{"rendered":"<p>\u0130nsan h\u00fcquqlar\u0131 \u00fczr\u0259 m\u00fcv\u0259kkilin (Ombudsman) maa\u015f\u0131 art\u0131r\u0131l\u0131b.<\/p>\n<p><strong>ARANTV.AZ\u00a0<\/strong>x\u0259b\u0259r verir ki,\u00a0bununla ba\u011fl\u0131 \u201cAz\u0259rbaycan Respublikas\u0131n\u0131n \u0130nsan h\u00fcquqlar\u0131 \u00fczr\u0259 m\u00fcv\u0259kkili (Ombudsman) haqq\u0131nda\u201d qanunun 16-c\u0131 madd\u0259sin\u0259 (M\u00fcv\u0259kkilin sosial, maliyy\u0259 v\u0259 dig\u0259r t\u0259minatlar\u0131) d\u0259yi\u015fiklik edilir.<\/p>\n<p>D\u0259yi\u015fikliy\u0259 g\u00f6r\u0259, M\u00fcv\u0259kkil 2230 manat m\u0259bl\u0259\u011find\u0259 ayl\u0131q \u0259m\u0259khaqq\u0131 alacaq. M\u0259s\u0259l\u0259 Milli M\u0259clisin bu g\u00fcn ke\u00e7iril\u0259n plenar iclas\u0131nda m\u00fczakir\u0259y\u0259 \u00e7\u0131xar\u0131l\u0131b.<\/p>\n<p>Qeyd ed\u0259k ki, haz\u0131rk\u0131\u00a0qanunvericilikd\u0259 m\u00fcv\u0259kkil 2025 manat m\u0259bl\u0259\u011find\u0259 ayl\u0131q \u0259m\u0259khaqq\u0131 al\u0131r.\u00a0D\u0259yi\u015fiklik 2019-cu il may\u0131n 1-d\u0259n t\u0259tbiq edil\u0259c\u0259k.<\/p>\n<p>Layih\u0259 s\u0259s\u0259 qoyularaq q\u0259bul edilib.<\/p>\n<p>oxu.az<\/p>\n","protected":false},"excerpt":{"rendered":"<p>\u0130nsan h\u00fcquqlar\u0131 \u00fczr\u0259 m\u00fcv\u0259kkilin (Ombudsman) maa\u015f\u0131 art\u0131r\u0131l\u0131b. ARANTV.AZ\u00a0x\u0259b\u0259r verir ki,\u00a0bununla ba\u011fl\u0131 \u201cAz\u0259rbaycan Respublikas\u0131n\u0131n \u0130nsan h\u00fcquqlar\u0131 \u00fczr\u0259 m\u00fcv\u0259kkili (Ombudsman) haqq\u0131nda\u201d qanunun 16-c\u0131 madd\u0259sin\u0259 (M\u00fcv\u0259kkilin sosial, maliyy\u0259 v\u0259 dig\u0259r t\u0259minatlar\u0131) d\u0259yi\u015fiklik edilir. D\u0259yi\u015fikliy\u0259 g\u00f6r\u0259, M\u00fcv\u0259kkil 2230 manat m\u0259bl\u0259\u011find\u0259 ayl\u0131q \u0259m\u0259khaqq\u0131 alacaq. M\u0259s\u0259l\u0259 Milli M\u0259clisin bu g\u00fcn ke\u00e7iril\u0259n plenar iclas\u0131nda m\u00fczakir\u0259y\u0259 \u00e7\u0131xar\u0131l\u0131b. Qeyd ed\u0259k ki, haz\u0131rk\u0131\u00a0qanunvericilikd\u0259 m\u00fcv\u0259kkil 2025 manat m\u0259bl\u0259\u011find\u0259 ayl\u0131q \u0259m\u0259khaqq\u0131 al\u0131r.\u00a0D\u0259yi\u015fiklik 2019-cu il may\u0131n 1-d\u0259n t\u0259tbiq edil\u0259c\u0259k. Layih\u0259 s\u0259s\u0259 qoyularaq q\u0259bul edilib. oxu.az<\/p>\n","protected":false},"author":2,"featured_media":25272,"comment_status":"closed","ping_status":"closed","sticky":false,"template":"","format":"standard","meta":{"om_disable_all_campaigns":false,"_monsterinsights_skip_tracking":false,"_monsterinsights_sitenote_active":false,"_monsterinsights_sitenote_note":"","_monsterinsights_sitenote_category":0},"categories":[11],"tags":[],"aioseo_notices":[],"gutentor_comment":0,"rttpg_featured_image_url":{"full":["https:\/\/arantv.az\/wp-content\/uploads\/2018\/11\/413240081.jpg",620,335,false],"landscape":["https:\/\/arantv.az\/wp-content\/uploads\/2018\/11\/413240081.jpg",620,335,false],"portraits":["https:\/\/arantv.az\/wp-content\/uploads\/2018\/11\/413240081.jpg",620,335,false],"thumbnail":["https:\/\/arantv.az\/wp-content\/uploads\/2018\/11\/413240081-150x150.jpg",150,150,true],"medium":["https:\/\/arantv.az\/wp-content\/uploads\/2018\/11\/413240081-300x162.jpg",300,162,true],"large":["https:\/\/arantv.az\/wp-content\/uploads\/2018\/11\/413240081.jpg",620,335,false],"1536x1536":["https:\/\/arantv.az\/wp-content\/uploads\/2018\/11\/413240081.jpg",620,335,false],"2048x2048":["https:\/\/arantv.az\/wp-content\/uploads\/2018\/11\/413240081.jpg",620,335,false],"post-thumbnail":["https:\/\/arantv.az\/wp-content\/uploads\/2018\/11\/413240081-240x172.jpg",240,172,true],"advps-thumb-one":["https:\/\/arantv.az\/wp-content\/uploads\/2018\/11\/413240081.jpg",620,335,false]},"rttpg_author":{"display_name":"V\u00fcsal Rafiqo\u011flu","author_link":"https:\/\/arantv.az\/?author=2"},"rttpg_comment":0,"rttpg_category":"<a href=\"https:\/\/arantv.az\/?cat=11\" rel=\"category\">Manset<\/a>","rttpg_excerpt":"\u0130nsan h\u00fcquqlar\u0131 \u00fczr\u0259 m\u00fcv\u0259kkilin (Ombudsman) maa\u015f\u0131 art\u0131r\u0131l\u0131b. ARANTV.AZ\u00a0x\u0259b\u0259r verir ki,\u00a0bununla ba\u011fl\u0131 \u201cAz\u0259rbaycan Respublikas\u0131n\u0131n \u0130nsan h\u00fcquqlar\u0131 \u00fczr\u0259 m\u00fcv\u0259kkili (Ombudsman) haqq\u0131nda\u201d qanunun 16-c\u0131 madd\u0259sin\u0259 (M\u00fcv\u0259kkilin sosial, maliyy\u0259 v\u0259 dig\u0259r t\u0259minatlar\u0131) d\u0259yi\u015fiklik edilir. D\u0259yi\u015fikliy\u0259 g\u00f6r\u0259, M\u00fcv\u0259kkil 2230 manat m\u0259bl\u0259\u011find\u0259 ayl\u0131q \u0259m\u0259khaqq\u0131 alacaq. M\u0259s\u0259l\u0259 Milli M\u0259clisin bu g\u00fcn ke\u00e7iril\u0259n plenar iclas\u0131nda m\u00fczakir\u0259y\u0259 \u00e7\u0131xar\u0131l\u0131b. Qeyd ed\u0259k ki, haz\u0131rk\u0131\u00a0qanunvericilikd\u0259 m\u00fcv\u0259kkil 2025&hellip;","_links":{"self":[{"href":"https:\/\/arantv.az\/index.php?rest_route=\/wp\/v2\/posts\/25271"}],"collection":[{"href":"https:\/\/arantv.az\/index.php?rest_route=\/wp\/v2\/posts"}],"about":[{"href":"https:\/\/arantv.az\/index.php?rest_route=\/wp\/v2\/types\/post"}],"author":[{"embeddable":true,"href":"https:\/\/arantv.az\/index.php?rest_route=\/wp\/v2\/users\/2"}],"replies":[{"embeddable":true,"href":"https:\/\/arantv.az\/index.php?rest_route=%2Fwp%2Fv2%2Fcomments&post=25271"}],"version-history":[{"count":0,"href":"https:\/\/arantv.az\/index.php?rest_route=\/wp\/v2\/posts\/25271\/revisions"}],"wp:featuredmedia":[{"embeddable":true,"href":"https:\/\/arantv.az\/index.php?rest_route=\/wp\/v2\/media\/25272"}],"wp:attachment":[{"href":"https:\/\/arantv.az\/index.php?rest_route=%2Fwp%2Fv2%2Fmedia&parent=25271"}],"wp:term":[{"taxonomy":"category","embeddable":true,"href":"https:\/\/arantv.az\/index.php?rest_route=%2Fwp%2Fv2%2Fcategories&post=25271"},{"taxonomy":"post_tag","embeddable":true,"href":"https:\/\/arantv.az\/index.php?rest_route=%2Fwp%2Fv2%2Ftags&post=25271"}],"curies":[{"name":"wp","href":"https:\/\/api.w.org\/{rel}","templated":true}]}}