{"id":25277,"date":"2018-11-27T13:04:52","date_gmt":"2018-11-27T10:04:52","guid":{"rendered":"http:\/\/arantv.az\/?p=25277"},"modified":"2018-11-27T13:04:52","modified_gmt":"2018-11-27T10:04:52","slug":"budc%c9%99-q%c9%99bul-edildi","status":"publish","type":"post","link":"https:\/\/arantv.az\/?p=25277","title":{"rendered":"B\u00fcdc\u0259 q\u0259bul edildi"},"content":{"rendered":"<p>&#8220;Az\u0259rbaycan Respublikas\u0131n\u0131n 2019-cu il d\u00f6vl\u0259t b\u00fcdc\u0259si haqq\u0131nda&#8221; Az\u0259rbaycan Respublikas\u0131 Qanununun layih\u0259si Milli M\u0259clisin bu g\u00fcn ke\u00e7iril\u0259n plenar iclas\u0131nda m\u00fczakir\u0259y\u0259 \u00e7\u0131xar\u0131l\u0131b.<\/p>\n<p><b>ARANTV.AZ<\/b>-\u0131n m\u0259lumat\u0131na g\u00f6r\u0259, noyabr\u0131n 27-d\u0259 ke\u00e7iril\u0259n iclaslarda mill\u0259t v\u0259kill\u0259ri b\u00fcdc\u0259 il\u0259 ba\u011fl\u0131 fikir v\u0259 t\u0259klifl\u0259rini s\u0259sl\u0259ndiribl\u0259r.<\/p>\n<p>M\u00fczakir\u0259l\u0259rd\u0259n sonra qanun layih\u0259si s\u0259s\u0259 qoyularaq ikinci oxunu\u015fda q\u0259bul edilib.<\/p>\n<p>big.az<\/p>\n","protected":false},"excerpt":{"rendered":"<p>&#8220;Az\u0259rbaycan Respublikas\u0131n\u0131n 2019-cu il d\u00f6vl\u0259t b\u00fcdc\u0259si haqq\u0131nda&#8221; Az\u0259rbaycan Respublikas\u0131 Qanununun layih\u0259si Milli M\u0259clisin bu g\u00fcn ke\u00e7iril\u0259n plenar iclas\u0131nda m\u00fczakir\u0259y\u0259 \u00e7\u0131xar\u0131l\u0131b. ARANTV.AZ-\u0131n m\u0259lumat\u0131na g\u00f6r\u0259, noyabr\u0131n 27-d\u0259 ke\u00e7iril\u0259n iclaslarda mill\u0259t v\u0259kill\u0259ri b\u00fcdc\u0259 il\u0259 ba\u011fl\u0131 fikir v\u0259 t\u0259klifl\u0259rini s\u0259sl\u0259ndiribl\u0259r. M\u00fczakir\u0259l\u0259rd\u0259n sonra qanun layih\u0259si s\u0259s\u0259 qoyularaq ikinci oxunu\u015fda q\u0259bul edilib. big.az<\/p>\n","protected":false},"author":2,"featured_media":25278,"comment_status":"closed","ping_status":"closed","sticky":false,"template":"","format":"standard","meta":{"om_disable_all_campaigns":false,"_monsterinsights_skip_tracking":false,"_monsterinsights_sitenote_active":false,"_monsterinsights_sitenote_note":"","_monsterinsights_sitenote_category":0},"categories":[19],"tags":[],"aioseo_notices":[],"gutentor_comment":0,"rttpg_featured_image_url":{"full":["https:\/\/arantv.az\/wp-content\/uploads\/2018\/11\/1543308475100967380_650ba9f5-0ad3-4430-b.jpg",548,297,false],"landscape":["https:\/\/arantv.az\/wp-content\/uploads\/2018\/11\/1543308475100967380_650ba9f5-0ad3-4430-b.jpg",548,297,false],"portraits":["https:\/\/arantv.az\/wp-content\/uploads\/2018\/11\/1543308475100967380_650ba9f5-0ad3-4430-b.jpg",548,297,false],"thumbnail":["https:\/\/arantv.az\/wp-content\/uploads\/2018\/11\/1543308475100967380_650ba9f5-0ad3-4430-b-150x150.jpg",150,150,true],"medium":["https:\/\/arantv.az\/wp-content\/uploads\/2018\/11\/1543308475100967380_650ba9f5-0ad3-4430-b-300x163.jpg",300,163,true],"large":["https:\/\/arantv.az\/wp-content\/uploads\/2018\/11\/1543308475100967380_650ba9f5-0ad3-4430-b.jpg",548,297,false],"1536x1536":["https:\/\/arantv.az\/wp-content\/uploads\/2018\/11\/1543308475100967380_650ba9f5-0ad3-4430-b.jpg",548,297,false],"2048x2048":["https:\/\/arantv.az\/wp-content\/uploads\/2018\/11\/1543308475100967380_650ba9f5-0ad3-4430-b.jpg",548,297,false],"post-thumbnail":["https:\/\/arantv.az\/wp-content\/uploads\/2018\/11\/1543308475100967380_650ba9f5-0ad3-4430-b-240x172.jpg",240,172,true],"advps-thumb-one":["https:\/\/arantv.az\/wp-content\/uploads\/2018\/11\/1543308475100967380_650ba9f5-0ad3-4430-b.jpg",548,297,false]},"rttpg_author":{"display_name":"V\u00fcsal Rafiqo\u011flu","author_link":"https:\/\/arantv.az\/?author=2"},"rttpg_comment":0,"rttpg_category":"<a href=\"https:\/\/arantv.az\/?cat=19\" rel=\"category\">G\u00fcnd\u0259m<\/a>","rttpg_excerpt":"&#8220;Az\u0259rbaycan Respublikas\u0131n\u0131n 2019-cu il d\u00f6vl\u0259t b\u00fcdc\u0259si haqq\u0131nda&#8221; Az\u0259rbaycan Respublikas\u0131 Qanununun layih\u0259si Milli M\u0259clisin bu g\u00fcn ke\u00e7iril\u0259n plenar iclas\u0131nda m\u00fczakir\u0259y\u0259 \u00e7\u0131xar\u0131l\u0131b. ARANTV.AZ-\u0131n m\u0259lumat\u0131na g\u00f6r\u0259, noyabr\u0131n 27-d\u0259 ke\u00e7iril\u0259n iclaslarda mill\u0259t v\u0259kill\u0259ri b\u00fcdc\u0259 il\u0259 ba\u011fl\u0131 fikir v\u0259 t\u0259klifl\u0259rini s\u0259sl\u0259ndiribl\u0259r. M\u00fczakir\u0259l\u0259rd\u0259n sonra qanun layih\u0259si s\u0259s\u0259 qoyularaq ikinci oxunu\u015fda q\u0259bul edilib. big.az","_links":{"self":[{"href":"https:\/\/arantv.az\/index.php?rest_route=\/wp\/v2\/posts\/25277"}],"collection":[{"href":"https:\/\/arantv.az\/index.php?rest_route=\/wp\/v2\/posts"}],"about":[{"href":"https:\/\/arantv.az\/index.php?rest_route=\/wp\/v2\/types\/post"}],"author":[{"embeddable":true,"href":"https:\/\/arantv.az\/index.php?rest_route=\/wp\/v2\/users\/2"}],"replies":[{"embeddable":true,"href":"https:\/\/arantv.az\/index.php?rest_route=%2Fwp%2Fv2%2Fcomments&post=25277"}],"version-history":[{"count":0,"href":"https:\/\/arantv.az\/index.php?rest_route=\/wp\/v2\/posts\/25277\/revisions"}],"wp:featuredmedia":[{"embeddable":true,"href":"https:\/\/arantv.az\/index.php?rest_route=\/wp\/v2\/media\/25278"}],"wp:attachment":[{"href":"https:\/\/arantv.az\/index.php?rest_route=%2Fwp%2Fv2%2Fmedia&parent=25277"}],"wp:term":[{"taxonomy":"category","embeddable":true,"href":"https:\/\/arantv.az\/index.php?rest_route=%2Fwp%2Fv2%2Fcategories&post=25277"},{"taxonomy":"post_tag","embeddable":true,"href":"https:\/\/arantv.az\/index.php?rest_route=%2Fwp%2Fv2%2Ftags&post=25277"}],"curies":[{"name":"wp","href":"https:\/\/api.w.org\/{rel}","templated":true}]}}