{"id":25290,"date":"2018-11-27T15:14:35","date_gmt":"2018-11-27T12:14:35","guid":{"rendered":"http:\/\/arantv.az\/?p=25290"},"modified":"2018-11-27T15:14:35","modified_gmt":"2018-11-27T12:14:35","slug":"kadirov-bakida-qardas-olk%c9%99ni-salamlayiram-video","status":"publish","type":"post","link":"https:\/\/arantv.az\/?p=25290","title":{"rendered":"Kad\u0131rov Bak\u0131da: Qarda\u015f \u00f6lk\u0259ni salamlay\u0131ram &#8211; V\u0130DEO"},"content":{"rendered":"<p>X\u0259b\u0259r verdiyimiz kimi, \u00c7e\u00e7enistan Respublikas\u0131n\u0131n d\u00f6vl\u0259t ba\u015f\u00e7\u0131s\u0131 Ramzan Kad\u0131rov Bak\u0131da s\u0259f\u0259rd\u0259dir.<\/p>\n<p><strong>ARANTV.AZ<\/strong>-\u0131n m\u0259lumat\u0131na g\u00f6r\u0259, \u00e7e\u00e7en lider \u00f6z\u00fcn\u00fcn \u201cInstagram\u201d s\u0259hif\u0259sind\u0259 bak\u0131l\u0131lar\u0131 salamlayaraq, \u201cQarda\u015f \u00f6lk\u0259ni salamlay\u0131ram. Bak\u0131 m\u00f6ht\u0259\u015f\u0259m v\u0259 g\u00f6z\u0259ldir\u201d s\u00f6zl\u0259rini yaz\u0131b.<\/p>\n<p>O, \u00e7\u0259kdiyi videoda Az\u0259rbaycan paytaxt\u0131n\u0131n m\u0259nz\u0259r\u0259sini t\u0259qdim edib.<\/p>\n<p>Qeyd ed\u0259k ki, Az\u0259rbaycan Respublikas\u0131n\u0131n prezidenti \u0130lham \u018fliyev noyabr\u0131n 27-d\u0259 Rusiya Federasiyas\u0131 \u00c7e\u00e7enistan Respublikas\u0131n\u0131n ba\u015f\u00e7\u0131s\u0131\u00a0<strong>Ramzan Kad\u0131rov<\/strong>un r\u0259hb\u0259rlik etdiyi n\u00fcmay\u0259nd\u0259 hey\u0259tini q\u0259bul edib.<\/p>\n<div><iframe loading=\"lazy\" src=\"https:\/\/player.baku.tv\/embed\/5261?fbclid=IwAR3iu4GB_DefGoY5IFHdrvO87HTvZufqKkyvMF3tLsXjxjayXBP0iXro-6Y\" width=\"560\" height=\"315\" frameborder=\"0\" allowfullscreen=\"allowfullscreen\" data-mce-fragment=\"1\"><\/iframe><\/div>\n<p><b>oxu.az<\/b><\/p>\n","protected":false},"excerpt":{"rendered":"<p>X\u0259b\u0259r verdiyimiz kimi, \u00c7e\u00e7enistan Respublikas\u0131n\u0131n d\u00f6vl\u0259t ba\u015f\u00e7\u0131s\u0131 Ramzan Kad\u0131rov Bak\u0131da s\u0259f\u0259rd\u0259dir. ARANTV.AZ-\u0131n m\u0259lumat\u0131na g\u00f6r\u0259, \u00e7e\u00e7en lider \u00f6z\u00fcn\u00fcn \u201cInstagram\u201d s\u0259hif\u0259sind\u0259 bak\u0131l\u0131lar\u0131 salamlayaraq, \u201cQarda\u015f \u00f6lk\u0259ni salamlay\u0131ram. Bak\u0131 m\u00f6ht\u0259\u015f\u0259m v\u0259 g\u00f6z\u0259ldir\u201d s\u00f6zl\u0259rini yaz\u0131b. O, \u00e7\u0259kdiyi videoda Az\u0259rbaycan paytaxt\u0131n\u0131n m\u0259nz\u0259r\u0259sini t\u0259qdim edib. Qeyd ed\u0259k ki, Az\u0259rbaycan Respublikas\u0131n\u0131n prezidenti \u0130lham \u018fliyev noyabr\u0131n 27-d\u0259 Rusiya Federasiyas\u0131 \u00c7e\u00e7enistan Respublikas\u0131n\u0131n ba\u015f\u00e7\u0131s\u0131\u00a0Ramzan Kad\u0131rovun r\u0259hb\u0259rlik etdiyi n\u00fcmay\u0259nd\u0259 hey\u0259tini q\u0259bul edib. oxu.az<\/p>\n","protected":false},"author":2,"featured_media":25291,"comment_status":"closed","ping_status":"closed","sticky":false,"template":"","format":"standard","meta":{"om_disable_all_campaigns":false,"_monsterinsights_skip_tracking":false,"_monsterinsights_sitenote_active":false,"_monsterinsights_sitenote_note":"","_monsterinsights_sitenote_category":0},"categories":[1],"tags":[],"aioseo_notices":[],"gutentor_comment":0,"rttpg_featured_image_url":{"full":["https:\/\/arantv.az\/wp-content\/uploads\/2018\/11\/f8d8ff687e9f8077b02f83704ecad96c.jpg",550,412,false],"landscape":["https:\/\/arantv.az\/wp-content\/uploads\/2018\/11\/f8d8ff687e9f8077b02f83704ecad96c.jpg",550,412,false],"portraits":["https:\/\/arantv.az\/wp-content\/uploads\/2018\/11\/f8d8ff687e9f8077b02f83704ecad96c.jpg",550,412,false],"thumbnail":["https:\/\/arantv.az\/wp-content\/uploads\/2018\/11\/f8d8ff687e9f8077b02f83704ecad96c-150x150.jpg",150,150,true],"medium":["https:\/\/arantv.az\/wp-content\/uploads\/2018\/11\/f8d8ff687e9f8077b02f83704ecad96c-300x225.jpg",300,225,true],"large":["https:\/\/arantv.az\/wp-content\/uploads\/2018\/11\/f8d8ff687e9f8077b02f83704ecad96c.jpg",550,412,false],"1536x1536":["https:\/\/arantv.az\/wp-content\/uploads\/2018\/11\/f8d8ff687e9f8077b02f83704ecad96c.jpg",550,412,false],"2048x2048":["https:\/\/arantv.az\/wp-content\/uploads\/2018\/11\/f8d8ff687e9f8077b02f83704ecad96c.jpg",550,412,false],"post-thumbnail":["https:\/\/arantv.az\/wp-content\/uploads\/2018\/11\/f8d8ff687e9f8077b02f83704ecad96c-240x172.jpg",240,172,true],"advps-thumb-one":["https:\/\/arantv.az\/wp-content\/uploads\/2018\/11\/f8d8ff687e9f8077b02f83704ecad96c.jpg",550,412,false]},"rttpg_author":{"display_name":"V\u00fcsal Rafiqo\u011flu","author_link":"https:\/\/arantv.az\/?author=2"},"rttpg_comment":0,"rttpg_category":"<a href=\"https:\/\/arantv.az\/?cat=1\" rel=\"category\">C\u0259miyy\u0259t<\/a>","rttpg_excerpt":"X\u0259b\u0259r verdiyimiz kimi, \u00c7e\u00e7enistan Respublikas\u0131n\u0131n d\u00f6vl\u0259t ba\u015f\u00e7\u0131s\u0131 Ramzan Kad\u0131rov Bak\u0131da s\u0259f\u0259rd\u0259dir. ARANTV.AZ-\u0131n m\u0259lumat\u0131na g\u00f6r\u0259, \u00e7e\u00e7en lider \u00f6z\u00fcn\u00fcn \u201cInstagram\u201d s\u0259hif\u0259sind\u0259 bak\u0131l\u0131lar\u0131 salamlayaraq, \u201cQarda\u015f \u00f6lk\u0259ni salamlay\u0131ram. Bak\u0131 m\u00f6ht\u0259\u015f\u0259m v\u0259 g\u00f6z\u0259ldir\u201d s\u00f6zl\u0259rini yaz\u0131b. O, \u00e7\u0259kdiyi videoda Az\u0259rbaycan paytaxt\u0131n\u0131n m\u0259nz\u0259r\u0259sini t\u0259qdim edib. Qeyd ed\u0259k ki, Az\u0259rbaycan Respublikas\u0131n\u0131n prezidenti \u0130lham \u018fliyev noyabr\u0131n 27-d\u0259 Rusiya Federasiyas\u0131 \u00c7e\u00e7enistan Respublikas\u0131n\u0131n ba\u015f\u00e7\u0131s\u0131\u00a0Ramzan Kad\u0131rovun r\u0259hb\u0259rlik&hellip;","_links":{"self":[{"href":"https:\/\/arantv.az\/index.php?rest_route=\/wp\/v2\/posts\/25290"}],"collection":[{"href":"https:\/\/arantv.az\/index.php?rest_route=\/wp\/v2\/posts"}],"about":[{"href":"https:\/\/arantv.az\/index.php?rest_route=\/wp\/v2\/types\/post"}],"author":[{"embeddable":true,"href":"https:\/\/arantv.az\/index.php?rest_route=\/wp\/v2\/users\/2"}],"replies":[{"embeddable":true,"href":"https:\/\/arantv.az\/index.php?rest_route=%2Fwp%2Fv2%2Fcomments&post=25290"}],"version-history":[{"count":0,"href":"https:\/\/arantv.az\/index.php?rest_route=\/wp\/v2\/posts\/25290\/revisions"}],"wp:featuredmedia":[{"embeddable":true,"href":"https:\/\/arantv.az\/index.php?rest_route=\/wp\/v2\/media\/25291"}],"wp:attachment":[{"href":"https:\/\/arantv.az\/index.php?rest_route=%2Fwp%2Fv2%2Fmedia&parent=25290"}],"wp:term":[{"taxonomy":"category","embeddable":true,"href":"https:\/\/arantv.az\/index.php?rest_route=%2Fwp%2Fv2%2Fcategories&post=25290"},{"taxonomy":"post_tag","embeddable":true,"href":"https:\/\/arantv.az\/index.php?rest_route=%2Fwp%2Fv2%2Ftags&post=25290"}],"curies":[{"name":"wp","href":"https:\/\/api.w.org\/{rel}","templated":true}]}}