{"id":25293,"date":"2018-11-27T15:16:49","date_gmt":"2018-11-27T12:16:49","guid":{"rendered":"http:\/\/arantv.az\/?p=25293"},"modified":"2018-11-27T15:16:49","modified_gmt":"2018-11-27T12:16:49","slug":"tikintisi-yarimciq-qalmis-binanin-sakini-bir-d%c9%99f%c9%99-t%c9%99cili-yardim-h%c9%99kiml%c9%99ri-liftd%c9%99-qaldi-az-qala-olmusdum","status":"publish","type":"post","link":"https:\/\/arantv.az\/?p=25293","title":{"rendered":"Tikintisi yar\u0131m\u00e7\u0131q qalm\u0131\u015f binan\u0131n sakini: Bir d\u0259f\u0259 t\u0259cili yard\u0131m h\u0259kiml\u0259ri liftd\u0259 qald\u0131, az qala \u00f6lm\u00fc\u015fd\u00fcm"},"content":{"rendered":"<p>\u201cGilan \u0130n\u015faat\u201d tikinti \u015firk\u0259ti \u201cZiyal\u0131lar evi\u201dind\u0259n (\u201cAkademikl\u0259r evi\u201d) k\u00f6\u00e7\u00fcr\u00fcl\u0259n sakinl\u0259r qar\u015f\u0131s\u0131ndak\u0131 \u00f6hd\u0259likl\u0259rini yerin\u0259 yetirm\u0259yib.<\/p>\n<p><strong>ARANTV.AZ\u00a0<\/strong>\u00a0x\u0259b\u0259r verir ki, bu bar\u0259d\u0259 sakinl\u0259r\u00a0Media.Az-a m\u0259lumat veribl\u0259r.<\/p>\n<p>Onlar\u0131n s\u00f6zl\u0259rin\u0259 g\u00f6r\u0259, akademik \u015e\u0259fay\u0259t Mehdiyev k\u00fc\u00e7\u0259si 16, 546-c\u0131 kvartal v\u0259 H\u00fcseyn Cavid prospekti 26-da yerl\u0259\u015f\u0259n, daha \u00e7ox \u201cZiyal\u0131lar evi\u201d kimi tan\u0131nan on giri\u015fli binan\u0131n sakinl\u0259rinin k\u00f6\u00e7\u00fcr\u00fclm\u0259si Az\u0259rbaycan ba\u015f nazirinin 2009-cu il 24 aprel tarixli, 072 n\u00f6mr\u0259li q\u0259rar\u0131 il\u0259 2010-cu ilin fevral\u0131nda h\u0259yata ke\u00e7irilib.<\/p>\n<div id=\"AdributorNativeVideo0\" class=\"AdributorNativeVideo\"><\/div>\n<p><img src=\"https:\/\/assets.oxu.az\/uploads\/W1siZiIsIjIwMTgvMTEvMjcvMTMvNDEvMTIvZTUyNjliMTEtMmNkOS00NWNlLTk0YWQtNjg4YmJjOGViZmQ2LzE1NDMzMDcyMjBfMGY1YzRlNzktNGM1MS00MTU4LWFkOGQtZDliNzMxNzI3MzE4LmpwZyJdLFsicCIsImVuY29kZSIsImpwZyIsIi1xdWFsaXR5IDgwIl0sWyJwIiwidGh1bWIiLCI1OTB4NTkwXHUwMDNlIl1d?sha=77cef5a1f7d654a4\" \/><\/p>\n<p>H\u0259min vaxt k\u00f6\u00e7\u00fcr\u00fclm\u0259, layih\u0259l\u0259ndirilm\u0259 v\u0259 yeni binan\u0131n tikintisi il\u0259 ba\u011fl\u0131 b\u00fct\u00fcn m\u0259s\u0259l\u0259l\u0259r Az\u0259rbaycan F\u00f6vq\u0259lad\u0259 Hallar Nazirliyin\u0259, yeni binan\u0131n tikintisi is\u0259 \u201cGilan \u0130n\u015faat\u201d \u015firk\u0259tin\u0259 tap\u015f\u0131r\u0131l\u0131b.<\/p>\n<p>Sakinl\u0259r qeyd edibl\u0259r ki, Az\u0259rbaycan ba\u015f nazirinin k\u00f6\u00e7\u00fcr\u00fclm\u0259 il\u0259 ba\u011fl\u0131 q\u0259rar\u0131 FHN-\u0259 sakinl\u0259r qar\u015f\u0131s\u0131nda b\u0259zi \u00f6hd\u0259likl\u0259r qoyurdu, o c\u00fcml\u0259d\u0259n: yeni binan\u0131n layih\u0259sinin haz\u0131rlanmas\u0131, podrat\u00e7\u0131n\u0131n m\u00fc\u0259yy\u0259n edilm\u0259si v\u0259 tikinti prosesin\u0259 n\u0259zar\u0259tin h\u0259yata ke\u00e7irilm\u0259si.<\/p>\n<p><img src=\"https:\/\/assets.oxu.az\/uploads\/W1siZiIsIjIwMTgvMTEvMjcvMTMvNDEvMjYvODYwZTA3ZTEtODM2MS00YTk5LWE0ODctNWI3ODc1OTE3NjM2LzE1NDMzMDczMTdfZmE2NGMyOWItN2FmNy00MWExLTg2N2QtMWM4MjU1ZjZjMjU3LmpwZyJdLFsicCIsImVuY29kZSIsImpwZyIsIi1xdWFsaXR5IDgwIl0sWyJwIiwidGh1bWIiLCI1OTB4NTkwXHUwMDNlIl1d?sha=eea407cfff4d6842\" \/><\/p>\n<p>Sakinl\u0259rd\u0259n biri &#8211;\u00a0<strong>E.\u018fliyev<\/strong>\u00a0bildirib ki, iki il \u0259vv\u0259l onlar\u0131 bu binaya k\u00f6\u00e7m\u0259y\u0259 m\u0259cbur edibl\u0259r, v\u0259 bu sakinl\u0259rin haql\u0131 q\u0259z\u0259bin\u0259 s\u0259b\u0259b olub.<\/p>\n<p>\u201cBuraya k\u00f6\u00e7m\u0259k ist\u0259m\u0259m\u0259yim\u0259 baxmayaraq, biz\u0259 dedil\u0259r ki, qald\u0131\u011f\u0131m\u0131z m\u0259nzill\u0259r art\u0131q sat\u0131l\u0131b v\u0259 buran\u0131n yeni sahibl\u0259ri qap\u0131da g\u00f6zl\u0259yir, evi bo\u015faltmaq laz\u0131md\u0131r. T\u0259miri d\u0259 \u00f6z\u00fcm\u00fcz etmi\u015fik, yeni ev\u0259 k\u00f6\u00e7\u00fcn. \u0130stilik sistemi olacaq? Olacaq! \u0130sti su olacaq? Olacaq! B\u0259s elektrik enerjisi? Elektrik say\u011faclar\u0131 \u0259n q\u0131sa m\u00fcdd\u0259td\u0259 \u201cAz\u0259ri\u015f\u0131q\u201d t\u0259r\u0259find\u0259n qura\u015fd\u0131r\u0131lacaq. B\u0259s qaz say\u011faclar\u0131? Qura\u015fd\u0131r\u0131l\u0131b, qaz olacaq! Su say\u011faclar\u0131? Qura\u015fd\u0131r\u0131l\u0131b!\u201d, &#8211; E.\u018fliyev deyib v\u0259 \u0259lav\u0259 edib ki, h\u0259min vaxt n\u0259 su, n\u0259 qaz say\u011faclar\u0131, n\u0259 istilik sistemi binada qura\u015fd\u0131r\u0131lm\u0131\u015fd\u0131 v\u0259 h\u0259min v\u0259ziyy\u0259t bu g\u00fcn d\u0259 d\u0259yi\u015fm\u0259yib.<\/p>\n<p><img src=\"https:\/\/assets.oxu.az\/uploads\/W1siZiIsIjIwMTgvMTEvMjcvMTMvNDEvMTkvNjY4NTk2MmUtN2RiMi00MThmLTkwMjQtYmVmM2ZhMDk0OTgyLzE1NDMzMDcyNzlfMDJlY2Q3YTEtYTc1Ny00MTQ0LWE3ZGMtNDM1NzZhMDE0NWQxLmpwZyJdLFsicCIsImVuY29kZSIsImpwZyIsIi1xdWFsaXR5IDgwIl0sWyJwIiwidGh1bWIiLCI1OTB4NTkwXHUwMDNlIl1d?sha=9788a728fc28c1c4\" \/><\/p>\n<p>Onun s\u00f6zl\u0259rin\u0259 g\u00f6r\u0259, \u201cGilan \u0130n\u015faat\u201d r\u0259hb\u0259rliyi h\u0259r \u015feyin d\u00fcz\u0259l\u0259c\u0259yini, o c\u00fcml\u0259d\u0259n m\u0259nzill\u0259rin \u201cyax\u015f\u0131\u201d t\u0259mir olunaca\u011f\u0131n\u0131 v\u0259d etmi\u015fdi.<\/p>\n<p>\u201c\u0130\u015f bel\u0259 g\u0259tirdi ki, iki il \u0259vv\u0259l fevral ay\u0131nda biz bura k\u00f6\u00e7\u0259nd\u0259 istilik sistemi v\u0259 isti suyumuz vard\u0131. \u0130stilik sistemi m\u00f6vs\u00fcm\u00fc ba\u015fa \u00e7atd\u0131qdan sonra aprel ay\u0131nda isti su da k\u0259sildi. \u0130sti suyun hans\u0131 s\u0259b\u0259bd\u0259n k\u0259sildiyini soru\u015fanda is\u0259 onlar dedil\u0259r ki, \u201cBakqaz\u201d kifay\u0259t q\u0259d\u0259r t\u0259zyiq vermir v\u0259 qazanxanan\u0131 i\u015f\u0259 salmaq m\u00fcmk\u00fcn olmur\u201d, &#8211; E.\u018fliyev deyib v\u0259 \u0259lav\u0259 edib ki, bu b\u0259yanata baxmayaraq, qon\u015fu binalardak\u0131 evl\u0259rd\u0259 isti su g\u0259lirdi.<\/p>\n<p><img src=\"https:\/\/assets.oxu.az\/uploads\/W1siZiIsIjIwMTgvMTEvMjcvMTMvNDEvMTYvYTg3MWUwYzQtNTM0YS00ODc1LWJkMzAtMzYzMjU1ODA4OWNhLzE1NDMzMDcyNTZfMmU3YmQ4YzMtMjZiNy00MWVhLWE1ODctMTZmYTNlNzE3MWU1LmpwZyJdLFsicCIsImVuY29kZSIsImpwZyIsIi1xdWFsaXR5IDgwIl0sWyJwIiwidGh1bWIiLCI1OTB4NTkwXHUwMDNlIl1d?sha=e4681916e21db5a7\" \/><\/p>\n<p>E.\u018fliyev qeyd edib ki, n\u0259tic\u0259d\u0259, isti su g\u0259lm\u0259di v\u0259 sakinl\u0259r iki il m\u00fcdd\u0259tind\u0259 evl\u0259r\u0259 ki\u00e7ik qazanxana qura\u015fd\u0131rmaq q\u0259rar\u0131na g\u0259ldil\u0259r.<\/p>\n<p>\u201c\u00d6z\u00fcn\u00fcz yax\u015f\u0131 bilirsiniz, insanlar Elml\u0259r Akademiyas\u0131nda, universitetd\u0259 i\u015fl\u0259yirl\u0259r, 250-300 manat maa\u015f al\u0131rlar v\u0259 bu qura\u015fd\u0131r\u0131lma bizim qon\u015fular\u0131m\u0131z\u0131n b\u00fcdc\u0259si \u00fc\u00e7\u00fcn a\u011f\u0131r z\u0259rb\u0259 idi\u201d, &#8211; sakinl\u0259r \u015fikay\u0259tl\u0259nib v\u0259 bildiribl\u0259r ki, \u00f6t\u0259n il d\u0259 istiliyi m\u00fc\u0259yy\u0259n edildiyi vaxtdan gec veribl\u0259r.<\/p>\n<p><img src=\"https:\/\/assets.oxu.az\/uploads\/W1siZiIsIjIwMTgvMTEvMjcvMTMvNDEvMjYvM2I0OTdiNjAtYTUzNy00MmM3LTk4ZTQtOGQ5NmMyYzI0ZGUwLzE1NDMzMDczMTZfMDRhYmVlODItYzU2Mi00YjgxLWI5OWEtMTEzYmEzNmU0ZDAzLmpwZyJdLFsicCIsImVuY29kZSIsImpwZyIsIi1xdWFsaXR5IDgwIl0sWyJwIiwidGh1bWIiLCI1OTB4NTkwXHUwMDNlIl1d?sha=29d240c2a429c614\" \/><\/p>\n<p>Onun s\u00f6zl\u0259rin\u0259 g\u00f6r\u0259, istilik sistemin\u0259 g\u00f6r\u0259 onlardan anla\u015f\u0131lmaz m\u0259bl\u0259\u011f t\u0259l\u0259b edirdil\u0259r \u2013 m\u0259nzilin h\u0259r kvadrat metrin\u0259 g\u00f6r\u0259 1 manat.<\/p>\n<p>\u201cUzun s\u00fcr\u0259n m\u00fczakir\u0259l\u0259rd\u0259n sonra qiym\u0259ti 50 q\u0259piy\u0259 endirm\u0259y\u0259 raz\u0131la\u015fd\u0131lar, baxmayaraq ki, \u015f\u0259h\u0259rd\u0259 bel\u0259 m\u0259bl\u0259\u011f yoxdur. Qanunvericiliy\u0259 \u0259sas\u0259n, bildiyim q\u0259d\u0259ri il\u0259, bu qiym\u0259t 32 q\u0259pik olmal\u0131d\u0131r\u201d, &#8211; E.\u018fliyev bildirib.<\/p>\n<p><img src=\"https:\/\/assets.oxu.az\/uploads\/W1siZiIsIjIwMTgvMTEvMjcvMTMvNDEvMjMvZmUyNzFhMzUtY2FkOC00Y2VlLTgxMGMtNDNlZTJlODQxMjg2LzE1NDMzMDczMDJfMGZlNWE2MWItMDMzNi00OWU4LTg2ZmItMjdjMGY0NGJlNWZjLmpwZyJdLFsicCIsImVuY29kZSIsImpwZyIsIi1xdWFsaXR5IDgwIl0sWyJwIiwidGh1bWIiLCI1OTB4NTkwXHUwMDNlIl1d?sha=8b7273d0f8d320d3\" \/><\/p>\n<p>Qaz say\u011faclar\u0131ndak\u0131 probleml\u0259r\u0259 toxunan zaman o deyib ki, bu g\u00fcn\u0259 q\u0259d\u0259r say\u011faclar qura\u015fd\u0131r\u0131lmay\u0131b.<\/p>\n<p>\u201c\u0130ndi \u201cGilan \u0130n\u015faat\u201d yeni variant fikirl\u0259\u015fibl\u0259r \u2013 onlar haradan al\u0131nd\u0131\u011f\u0131 m\u0259lum olmayan nam\u0259lum say\u011faclar qura\u015fd\u0131r\u0131b, bunlar \u201cAz\u0259ri\u015f\u0131q\u201d laboratoriyas\u0131ndan ke\u00e7m\u0259yib. \u0130ndi onlar bu say\u011fac\u0131n \u00fcz\u0259rind\u0259ki g\u00f6st\u0259riciy\u0259 uy\u011fun olaraq, elektrik pulu y\u0131\u011fmaq ist\u0259yirl\u0259r. Qon\u015fular haql\u0131 \u015f\u0259kild\u0259 q\u0259z\u0259bl\u0259nibl\u0259r. Ax\u0131 biz bilmirik ki, laboratoriyadan ke\u00e7m\u0259y\u0259n say\u011faclarla qiym\u0259ti nec\u0259 hesablayacaqlar\u201d, &#8211; sakinl\u0259r bildirib.<\/p>\n<p><img src=\"https:\/\/assets.oxu.az\/uploads\/W1siZiIsIjIwMTgvMTEvMjcvMTMvNDEvMjAvMTcxNDRlMzMtYmUzYS00NDc3LWE4ODYtOGFhMGE3MzcxMTZjLzE1NDMzMDcyODBfNjJlNTkxYzQtN2NlYy00ZGQ1LWFkYzYtNWNjNGUyYTIwZjYwLmpwZyJdLFsicCIsImVuY29kZSIsImpwZyIsIi1xdWFsaXR5IDgwIl0sWyJwIiwidGh1bWIiLCI1OTB4NTkwXHUwMDNlIl1d?sha=279a8a5d098f14d2\" \/><\/p>\n<p>O \u0259lav\u0259 edib ki, indi \u015firk\u0259t dekabr\u0131n 1-d\u0259k onlar\u0131n qura\u015fd\u0131rd\u0131\u011f\u0131 say\u011faclar \u00fczr\u0259 m\u00fc\u0259yy\u0259n edilmi\u015f qiym\u0259tl\u0259ri \u00f6d\u0259m\u0259y\u0259n \u015f\u0259xsl\u0259rin elektrik enerjil\u0259rini dayand\u0131rmaqla h\u0259d\u0259l\u0259yir.<\/p>\n<p>\u201cM\u0259n\u0259 sad\u0259c\u0259 maraql\u0131d\u0131r ki, \u201cGilan \u0130n\u015faat\u201d\u0131n n\u00fcmay\u0259nd\u0259l\u0259ri hesab\u0131 biz\u0259 nec\u0259 t\u0259qdim ed\u0259c\u0259kl\u0259r, bu nec\u0259 g\u00f6r\u00fcn\u0259c\u0259k? V\u0259 bildiyim q\u0259d\u0259ri il\u0259, buna g\u00f6r\u0259 cinay\u0259t m\u0259suliyy\u0259ti var, \u00e7\u00fcnki \u00f6lk\u0259mizd\u0259 \u201cAz\u0259ri\u015f\u0131q\u201ddan ba\u015fqa he\u00e7 kim elektrik enerjisinin sat\u0131\u015f\u0131 il\u0259 m\u0259\u015f\u011ful ola bilm\u0259z\u201d, &#8211; E.\u018fliyev qeyd edib.<\/p>\n<p><img src=\"https:\/\/assets.oxu.az\/uploads\/W1siZiIsIjIwMTgvMTEvMjcvMTMvNDEvMTMvNmIwMGZmZTctNDVlOS00NGFiLTg2MmItZGIwZTg4ZGE3OTIwLzE1NDMzMDcyMzVfMDM5Mjk2NTctMjZiZC00YjNlLWE0NmItZDdkY2NlNTY3OTE1LmpwZyJdLFsicCIsImVuY29kZSIsImpwZyIsIi1xdWFsaXR5IDgwIl0sWyJwIiwidGh1bWIiLCI1OTB4NTkwXHUwMDNlIl1d?sha=548111f832ac4dd3\" \/><\/p>\n<p>Onun s\u00f6zl\u0259rin\u0259 g\u00f6r\u0259, sakinl\u0259r h\u0259l\u0259 d\u0259 laz\u0131mi s\u0259n\u0259dl\u0259rl\u0259 t\u0259min edilm\u0259yib, ancaq Nazirl\u0259r Kabinetinin bu bina il\u0259 ba\u011fl\u0131 s\u0259r\u0259ncam\u0131nda m\u0259s\u0259l\u0259y\u0259 x\u00fcsusi diqq\u0259t yetirilib.<\/p>\n<p>\u201cN\u0259inki \u00e7\u0131xar\u0131\u015f, h\u0259tta he\u00e7 bir m\u00fcqavil\u0259 yoxdur. H\u0259r birimizin \u0259lind\u0259 bir ne\u00e7\u0259 il \u0259vv\u0259l Nazirl\u0259r Kabinetind\u0259n deyil, FHN-d\u0259n veril\u0259n z\u0259man\u0259t m\u0259ktubumuz var\u201d, &#8211; sakinl\u0259r \u0259lav\u0259 edib.<\/p>\n<p><img src=\"https:\/\/assets.oxu.az\/uploads\/W1siZiIsIjIwMTgvMTEvMjcvMTMvNDEvMTgvMDQzMWRiMzktMjdlZi00ODNhLWEzNTMtOGI1OWQyZDRjNTg1LzE1NDMzMDcyNTdfYTNlOThiY2UtZjQxZC00YmZjLTljYjAtYWM4YTg4NjcxMTQ5LmpwZyJdLFsicCIsImVuY29kZSIsImpwZyIsIi1xdWFsaXR5IDgwIl0sWyJwIiwidGh1bWIiLCI1OTB4NTkwXHUwMDNlIl1d?sha=783796298b70bda1\" \/><\/p>\n<p>E.\u018fliyevin s\u00f6zl\u0259rin\u0259 g\u00f6r\u0259, \u0259vv\u0259ll\u0259r g\u00f6st\u0259rilmi\u015f m\u00fcdd\u0259alardan he\u00e7 biri yerin\u0259 yetirilm\u0259yib.<\/p>\n<p>\u201cV\u0259 g\u00fcnd\u0259n-g\u00fcn\u0259 biz daha b\u00f6y\u00fck \u015fantajla \u00fczl\u0259\u015firik\u201d, &#8211; o \u0259lav\u0259 edib.<\/p>\n<p>Sakinl\u0259r qeyd edibl\u0259r ki, onlar Nazirl\u0259r Kabinetin\u0259 r\u0259smi m\u0259ktub \u00fcnvanlasalar da, cavab almay\u0131blar.<\/p>\n<p>\u201cM\u0259ktubun sur\u0259ti FHN-\u0259 d\u0259 g\u00f6nd\u0259rilib, ancaq onlardan da cavab g\u0259lm\u0259yib\u201d, &#8211; o bildirib.<\/p>\n<p>\u201cBiz bir ne\u00e7\u0259 d\u0259f\u0259 \u201cGilan \u0130n\u015faat\u201d r\u0259hb\u0259rliyi il\u0259 g\u00f6r\u00fc\u015fm\u0259y\u0259 c\u0259hd etmi\u015fik, ancaq n\u0259tic\u0259siz qal\u0131b. Biz iki d\u0259f\u0259 \u015firk\u0259tin h\u00fcquq\u015f\u00fcnas\u0131 il\u0259 g\u00f6r\u00fc\u015fm\u00fc\u015f\u00fck v\u0259 o, biz\u0259 y\u00fcks\u0259k v\u0259dl\u0259r verib\u201d, &#8211; bina sakini deyib.<\/p>\n<p><img src=\"https:\/\/assets.oxu.az\/uploads\/W1siZiIsIjIwMTgvMTEvMjcvMTMvNDEvMTkvNWIxY2ZmYzYtN2U4My00Y2Y0LWE4NmItZGNkNjExOTZhOGMwLzE1NDMzMDcyNTlfYWYxNjQxYjYtZDIzYi00Mjk3LWEzNmMtNDIxM2ZhNDk3MWQ0LmpwZyJdLFsicCIsImVuY29kZSIsImpwZyIsIi1xdWFsaXR5IDgwIl0sWyJwIiwidGh1bWIiLCI1OTB4NTkwXHUwMDNlIl1d?sha=eef92f556e795a94\" \/><\/p>\n<p>Binan\u0131n dig\u0259r sakini\u00a0<strong>P.Qurbanov<\/strong>\u00a0bildirib ki, binaya h\u0259l\u0259 d\u0259 kondisioner sistemi qura\u015fd\u0131r\u0131lmay\u0131b, ancaq qura\u015fd\u0131rma\u011f\u0131 v\u0259d etmi\u015fdil\u0259r.<\/p>\n<p>Sakin R.M\u0259mm\u0259dov binan\u0131n \u015fimal hiss\u0259sind\u0259 yerl\u0259\u015f\u0259n m\u0259nzilinin divar\u0131ndan su axmas\u0131ndan \u015fikay\u0259tl\u0259nib.<\/p>\n<p>\u201cTikinti plan\u0131na uy\u011fun olaraq, bu m\u0259nzild\u0259 g\u00f6z\u0259l g\u00f6r\u00fcnm\u0259 \u00fc\u00e7\u00fcn \u00e7oxlu \u015f\u00fc\u015f\u0259 olmal\u0131d\u0131r, ancaq d\u00fc\u015f\u00fcn\u00fclm\u00fc\u015fd\u00fc ki, eyni zamanda kondisioner sistemi v\u0259 keyfiyy\u0259tli divarlar n\u0259z\u0259rd\u0259 tutulmu\u015fdu. Qon\u015fular\u0131n \u00e7oxu evin\u0259 q\u0131zd\u0131r\u0131c\u0131 cihaz qoyub. \u0130\u015f buras\u0131ndad\u0131r ki, m\u0259nim buna imkan\u0131m yoxdur. \u015eaxta o q\u0259d\u0259r ensizdir ki, h\u0259tta ora istilik borusu yerl\u0259\u015fmir\u201d, &#8211; sakin qeyd edib.<\/p>\n<p><img src=\"https:\/\/assets.oxu.az\/uploads\/W1siZiIsIjIwMTgvMTEvMjcvMTMvNDEvMjUvM2I4YWFlMjYtMmNmMS00Y2I3LTk2NjUtMDA4ZWEyNTdjZGRlLzE1NDMzMDczMDhfYzZiYjM1M2UtNDEwNS00MWVmLWIxODMtOWIzMmMyOTE4MmQ2LmpwZyJdLFsicCIsImVuY29kZSIsImpwZyIsIi1xdWFsaXR5IDgwIl0sWyJwIiwidGh1bWIiLCI1OTB4NTkwXHUwMDNlIl1d?sha=8d2048e09ef4a359\" \/><\/p>\n<p>Onun s\u00f6zl\u0259rin\u0259 g\u00f6r\u0259, binaya k\u00f6\u00e7d\u00fckd\u0259n sonra binan\u0131n giri\u015fl\u0259ri ba\u011fl\u0131 olub, h\u0259y\u0259tind\u0259 is\u0259 i\u015f\u0131q olmay\u0131b.<\/p>\n<p><img src=\"https:\/\/assets.oxu.az\/uploads\/W1siZiIsIjIwMTgvMTEvMjcvMTMvNDEvMjEvNmFmOWJmNzUtZGQ4Yy00YTZhLWFmMzItNjk0YWE5ZjdmMWQwLzE1NDMzMDcyODFfZjhhNjdjYzItMWZjOS00ZGQwLTlhZDMtNGUxZjJkYjgzNDBjICgxKS5qcGciXSxbInAiLCJlbmNvZGUiLCJqcGciLCItcXVhbGl0eSA4MCJdLFsicCIsInRodW1iIiwiNTkweDU5MFx1MDAzZSJdXQ?sha=bc6fffa111c348f6\" \/><\/p>\n<p>\u201cBir d\u0259f\u0259 t\u0259cili yard\u0131m xidm\u0259tinin \u0259m\u0259kda\u015flar\u0131 liftd\u0259 qalm\u0131\u015fd\u0131lar, onda m\u0259n az qala \u00f6lm\u00fc\u015fd\u00fcm, \u00fcr\u0259yimd\u0259n a\u011fr\u0131 verirdi. \u0130kinci d\u0259f\u0259 m\u00fchafiz\u0259\u00e7i \u00f6z\u00fcn\u00fc itirdi v\u0259 t\u0259cili yard\u0131m\u0131 i\u00e7\u0259ri buraxmaq ist\u0259mirdi. \u00dc\u00e7\u00fcnc\u00fc d\u0259f\u0259 is\u0259 t\u0259mir zaman\u0131 boru m\u0259nim h\u0259yat yolda\u015f\u0131m\u0131n aya\u011f\u0131na d\u00fc\u015fd\u00fc. Biz b\u00fct\u00fcn bunlar\u0131 qeyd\u0259 alm\u0131\u015f\u0131q. Ham\u0131m\u0131z az\u0259rbaycanl\u0131y\u0131q v\u0259 bir-birimiz\u0259 h\u00f6rm\u0259t edirik. He\u00e7 yer\u0259 \u015fikay\u0259t etm\u0259mi\u015fdik, \u00e7\u00fcnki t\u0259z\u0259 k\u00f6\u00e7m\u00fc\u015fd\u00fck v\u0259 buna sevinirdik. Ancaq iki ildir ki, bina tam t\u0259mir edilm\u0259yib. Az\u0259rbaycanl\u0131lar demi\u015fk\u0259n, h\u0259tta d\u00fc\u015fm\u0259n bel\u0259 etmir. H\u0259l\u0259lik g\u00f6zl\u0259yirik. Biz n\u0259 ed\u0259 bil\u0259rik\u201d, &#8211; R.M\u0259mm\u0259dov deyib.<\/p>\n<p><img src=\"https:\/\/assets.oxu.az\/uploads\/W1siZiIsIjIwMTgvMTEvMjcvMTMvNDEvMTQvMDQ3ZmIzYTMtYWViOS00YTU2LWE1NjgtNTFjNDY0MWZlMWQ2LzE1NDMzMDcyNTJfOGIwNzlkMDItNDUxYi00ZGVjLTgwMmQtMWZjODA4OWU2MDkxLmpwZyJdLFsicCIsImVuY29kZSIsImpwZyIsIi1xdWFsaXR5IDgwIl0sWyJwIiwidGh1bWIiLCI1OTB4NTkwXHUwMDNlIl1d?sha=e7bd14085aeab6f7\" \/><\/p>\n<p>O qeyd edib ki, binada t\u0259hl\u00fck\u0259sizlik sistemi s\u0131f\u0131r v\u0259ziyy\u0259tind\u0259dir.<\/p>\n<p>\u00d6z n\u00f6vb\u0259sind\u0259 \u015e.Mustafayev bildirib ki, sakinl\u0259r elektrik enerjisin\u0259 g\u00f6r\u0259 pullar\u0131 \u00f6d\u0259m\u0259kd\u0259n qa\u00e7m\u0131rlar.<\/p>\n<p>\u201cH\u0259r \u015fey qanun \u00e7\u0259r\u00e7iv\u0259sind\u0259 olmal\u0131d\u0131r. Normal say\u011fac qura\u015fd\u0131r\u0131n, biz d\u0259 \u00f6d\u0259y\u0259k. M\u0259n\u0259 r\u0259smi m\u0259nzil verin, gedim v\u0259 elektrik enerjisin\u0259 g\u00f6r\u0259 borcumu \u00f6d\u0259yim\u201d, &#8211; o deyib.<\/p>\n<p><img src=\"https:\/\/assets.oxu.az\/uploads\/W1siZiIsIjIwMTgvMTEvMjcvMTMvNDEvMjMvNDBlZDljZGEtMjdlOS00YjQ1LWJkOWItNzdjN2Y2ZWI0MTgyLzE1NDMzMDcyODRfZjZhZDNjNGMtODdjOC00NjcyLThiMzMtODJjOGIwMjUyMGE1LmpwZyJdLFsicCIsImVuY29kZSIsImpwZyIsIi1xdWFsaXR5IDgwIl0sWyJwIiwidGh1bWIiLCI1OTB4NTkwXHUwMDNlIl1d?sha=5eb6a4e880aadf85\" \/><\/p>\n<p>Onun s\u00f6zl\u0259rin\u0259 g\u00f6r\u0259,\u00a065 ya\u015f\u0131 var, ancaq qeydiyyat\u0131 yoxdur.<\/p>\n<p>\u201cM\u0259n s\u0259fil\u0259m. M\u0259nim qeydiyyat\u0131m polisd\u0259dir\u201d, &#8211; \u015e.Mustafayev \u0259lav\u0259 edib.<\/p>\n<p><img src=\"https:\/\/assets.oxu.az\/uploads\/W1siZiIsIjIwMTgvMTEvMjcvMTMvNDEvMTcvZjJiMjAzMTctZWNjOS00ODcwLTg4YTEtOGI0MzVjYzJlMjE1LzE1NDMzMDcyNTZfM2VkNTc4NzYtN2Q0YS00ZTk0LWFiMjktNGY1ODY1NTk4OWUwLmpwZyJdLFsicCIsImVuY29kZSIsImpwZyIsIi1xdWFsaXR5IDgwIl0sWyJwIiwidGh1bWIiLCI1OTB4NTkwXHUwMDNlIl1d?sha=ea4ae3bd441eb210\" \/><\/p>\n<p><img src=\"https:\/\/assets.oxu.az\/uploads\/W1siZiIsIjIwMTgvMTEvMjcvMTMvNDEvMTUvYTc5MGZkZTUtMGVkZS00N2QzLTljYTItZTUwNDIzZDc3YTllLzE1NDMzMDcyNTJfZTA2OTM2NmEtZWMxYS00NzhiLTkzMTAtOTlhM2IzNjJlNTYyLmpwZyJdLFsicCIsImVuY29kZSIsImpwZyIsIi1xdWFsaXR5IDgwIl0sWyJwIiwidGh1bWIiLCI1OTB4NTkwXHUwMDNlIl1d?sha=e5eee43cba5a5ee8\" \/><\/p>\n<p><img src=\"https:\/\/assets.oxu.az\/uploads\/W1siZiIsIjIwMTgvMTEvMjcvMTMvNDEvMjYvM2I0OTdiNjAtYTUzNy00MmM3LTk4ZTQtOGQ5NmMyYzI0ZGUwLzE1NDMzMDczMTZfMDRhYmVlODItYzU2Mi00YjgxLWI5OWEtMTEzYmEzNmU0ZDAzLmpwZyJdLFsicCIsImVuY29kZSIsImpwZyIsIi1xdWFsaXR5IDgwIl0sWyJwIiwidGh1bWIiLCI1OTB4NTkwXHUwMDNlIl1d?sha=29d240c2a429c614\" \/><\/p>\n<p>&nbsp;<\/p>\n","protected":false},"excerpt":{"rendered":"<p>\u201cGilan \u0130n\u015faat\u201d tikinti \u015firk\u0259ti \u201cZiyal\u0131lar evi\u201dind\u0259n (\u201cAkademikl\u0259r evi\u201d) k\u00f6\u00e7\u00fcr\u00fcl\u0259n sakinl\u0259r qar\u015f\u0131s\u0131ndak\u0131 \u00f6hd\u0259likl\u0259rini yerin\u0259 yetirm\u0259yib. ARANTV.AZ\u00a0\u00a0x\u0259b\u0259r verir ki, bu bar\u0259d\u0259 sakinl\u0259r\u00a0Media.Az-a m\u0259lumat veribl\u0259r. Onlar\u0131n s\u00f6zl\u0259rin\u0259 g\u00f6r\u0259, akademik \u015e\u0259fay\u0259t Mehdiyev k\u00fc\u00e7\u0259si 16, 546-c\u0131 kvartal v\u0259 H\u00fcseyn Cavid prospekti 26-da yerl\u0259\u015f\u0259n, daha \u00e7ox \u201cZiyal\u0131lar evi\u201d kimi tan\u0131nan on giri\u015fli binan\u0131n sakinl\u0259rinin k\u00f6\u00e7\u00fcr\u00fclm\u0259si Az\u0259rbaycan ba\u015f nazirinin 2009-cu il 24 aprel tarixli, 072 n\u00f6mr\u0259li q\u0259rar\u0131 il\u0259 2010-cu ilin fevral\u0131nda h\u0259yata ke\u00e7irilib. H\u0259min vaxt k\u00f6\u00e7\u00fcr\u00fclm\u0259, layih\u0259l\u0259ndirilm\u0259 v\u0259 yeni binan\u0131n tikintisi il\u0259 ba\u011fl\u0131 b\u00fct\u00fcn m\u0259s\u0259l\u0259l\u0259r Az\u0259rbaycan F\u00f6vq\u0259lad\u0259 Hallar Nazirliyin\u0259, yeni binan\u0131n tikintisi is\u0259 \u201cGilan \u0130n\u015faat\u201d \u015firk\u0259tin\u0259 tap\u015f\u0131r\u0131l\u0131b.&hellip;<\/p>\n","protected":false},"author":2,"featured_media":25294,"comment_status":"closed","ping_status":"closed","sticky":false,"template":"","format":"standard","meta":{"om_disable_all_campaigns":false,"_monsterinsights_skip_tracking":false,"_monsterinsights_sitenote_active":false,"_monsterinsights_sitenote_note":"","_monsterinsights_sitenote_category":0},"categories":[1],"tags":[],"aioseo_notices":[],"gutentor_comment":0,"rttpg_featured_image_url":{"full":["https:\/\/arantv.az\/wp-content\/uploads\/2018\/11\/sakin.jpg",620,413,false],"landscape":["https:\/\/arantv.az\/wp-content\/uploads\/2018\/11\/sakin.jpg",620,413,false],"portraits":["https:\/\/arantv.az\/wp-content\/uploads\/2018\/11\/sakin.jpg",620,413,false],"thumbnail":["https:\/\/arantv.az\/wp-content\/uploads\/2018\/11\/sakin-150x150.jpg",150,150,true],"medium":["https:\/\/arantv.az\/wp-content\/uploads\/2018\/11\/sakin-300x200.jpg",300,200,true],"large":["https:\/\/arantv.az\/wp-content\/uploads\/2018\/11\/sakin.jpg",620,413,false],"1536x1536":["https:\/\/arantv.az\/wp-content\/uploads\/2018\/11\/sakin.jpg",620,413,false],"2048x2048":["https:\/\/arantv.az\/wp-content\/uploads\/2018\/11\/sakin.jpg",620,413,false],"post-thumbnail":["https:\/\/arantv.az\/wp-content\/uploads\/2018\/11\/sakin-240x172.jpg",240,172,true],"advps-thumb-one":["https:\/\/arantv.az\/wp-content\/uploads\/2018\/11\/sakin.jpg",620,413,false]},"rttpg_author":{"display_name":"V\u00fcsal Rafiqo\u011flu","author_link":"https:\/\/arantv.az\/?author=2"},"rttpg_comment":0,"rttpg_category":"<a href=\"https:\/\/arantv.az\/?cat=1\" rel=\"category\">C\u0259miyy\u0259t<\/a>","rttpg_excerpt":"\u201cGilan \u0130n\u015faat\u201d tikinti \u015firk\u0259ti \u201cZiyal\u0131lar evi\u201dind\u0259n (\u201cAkademikl\u0259r evi\u201d) k\u00f6\u00e7\u00fcr\u00fcl\u0259n sakinl\u0259r qar\u015f\u0131s\u0131ndak\u0131 \u00f6hd\u0259likl\u0259rini yerin\u0259 yetirm\u0259yib. ARANTV.AZ\u00a0\u00a0x\u0259b\u0259r verir ki, bu bar\u0259d\u0259 sakinl\u0259r\u00a0Media.Az-a m\u0259lumat veribl\u0259r. Onlar\u0131n s\u00f6zl\u0259rin\u0259 g\u00f6r\u0259, akademik \u015e\u0259fay\u0259t Mehdiyev k\u00fc\u00e7\u0259si 16, 546-c\u0131 kvartal v\u0259 H\u00fcseyn Cavid prospekti 26-da yerl\u0259\u015f\u0259n, daha \u00e7ox \u201cZiyal\u0131lar evi\u201d kimi tan\u0131nan on giri\u015fli binan\u0131n sakinl\u0259rinin k\u00f6\u00e7\u00fcr\u00fclm\u0259si Az\u0259rbaycan ba\u015f nazirinin 2009-cu il 24&hellip;","_links":{"self":[{"href":"https:\/\/arantv.az\/index.php?rest_route=\/wp\/v2\/posts\/25293"}],"collection":[{"href":"https:\/\/arantv.az\/index.php?rest_route=\/wp\/v2\/posts"}],"about":[{"href":"https:\/\/arantv.az\/index.php?rest_route=\/wp\/v2\/types\/post"}],"author":[{"embeddable":true,"href":"https:\/\/arantv.az\/index.php?rest_route=\/wp\/v2\/users\/2"}],"replies":[{"embeddable":true,"href":"https:\/\/arantv.az\/index.php?rest_route=%2Fwp%2Fv2%2Fcomments&post=25293"}],"version-history":[{"count":0,"href":"https:\/\/arantv.az\/index.php?rest_route=\/wp\/v2\/posts\/25293\/revisions"}],"wp:featuredmedia":[{"embeddable":true,"href":"https:\/\/arantv.az\/index.php?rest_route=\/wp\/v2\/media\/25294"}],"wp:attachment":[{"href":"https:\/\/arantv.az\/index.php?rest_route=%2Fwp%2Fv2%2Fmedia&parent=25293"}],"wp:term":[{"taxonomy":"category","embeddable":true,"href":"https:\/\/arantv.az\/index.php?rest_route=%2Fwp%2Fv2%2Fcategories&post=25293"},{"taxonomy":"post_tag","embeddable":true,"href":"https:\/\/arantv.az\/index.php?rest_route=%2Fwp%2Fv2%2Ftags&post=25293"}],"curies":[{"name":"wp","href":"https:\/\/api.w.org\/{rel}","templated":true}]}}