{"id":25309,"date":"2018-11-27T15:34:48","date_gmt":"2018-11-27T12:34:48","guid":{"rendered":"http:\/\/arantv.az\/?p=25309"},"modified":"2018-11-27T15:34:48","modified_gmt":"2018-11-27T12:34:48","slug":"az%c9%99rbaycanin-mudafi%c9%99-naziri-b%c9%99hreyn-mudafi%c9%99-quvv%c9%99l%c9%99rinin-bas-komandani-il%c9%99-gorusub","status":"publish","type":"post","link":"https:\/\/arantv.az\/?p=25309","title":{"rendered":"Az\u0259rbaycan\u0131n M\u00fcdafi\u0259 naziri B\u0259hreyn M\u00fcdafi\u0259 Q\u00fcvv\u0259l\u0259rinin Ba\u015f Komandan\u0131 il\u0259 g\u00f6r\u00fc\u015f\u00fcb"},"content":{"rendered":"<div class=\"vi_text\">\n<p><strong>ARANTV.AZ<\/strong> x\u0259b\u0259r verir ki, noyabr\u0131n 27-d\u0259 Az\u0259rbaycan Respublikas\u0131n\u0131n M\u00fcdafi\u0259 naziri general-polkovnik Zakir H\u0259s\u0259nov \u00f6lk\u0259mizd\u0259 i\u015fg\u00fczar s\u0259f\u0259rd\u0259 olan B\u0259hreyn Krall\u0131\u011f\u0131n\u0131n M\u00fcdafi\u0259 Q\u00fcvv\u0259l\u0259rinin Ba\u015f Komandan\u0131 feldmar\u015fal \u015eeyx X\u0259lif\u0259 bin \u018fhm\u0259d \u0259l-X\u0259lif\u0259 il\u0259 g\u00f6r\u00fc\u015f\u00fcb.<br \/>\nG\u00f6r\u00fc\u015fd\u0259 regional h\u0259rbi-siyasi v\u0259ziyy\u0259t, h\u0259rbi \u0259m\u0259kda\u015fl\u0131\u011f\u0131n perspektivl\u0259ri v\u0259 m\u00fcdafi\u0259 sah\u0259sind\u0259 dig\u0259r m\u0259s\u0259l\u0259l\u0259r m\u00fczakir\u0259 edilib.<\/p>\n<\/div>\n<p><img src=\"https:\/\/mod.gov.az\/\/images\/gallery\/573b18be9ab144cba39628e2bd675c6b.jpg\" \/><\/p>\n","protected":false},"excerpt":{"rendered":"<p>ARANTV.AZ x\u0259b\u0259r verir ki, noyabr\u0131n 27-d\u0259 Az\u0259rbaycan Respublikas\u0131n\u0131n M\u00fcdafi\u0259 naziri general-polkovnik Zakir H\u0259s\u0259nov \u00f6lk\u0259mizd\u0259 i\u015fg\u00fczar s\u0259f\u0259rd\u0259 olan B\u0259hreyn Krall\u0131\u011f\u0131n\u0131n M\u00fcdafi\u0259 Q\u00fcvv\u0259l\u0259rinin Ba\u015f Komandan\u0131 feldmar\u015fal \u015eeyx X\u0259lif\u0259 bin \u018fhm\u0259d \u0259l-X\u0259lif\u0259 il\u0259 g\u00f6r\u00fc\u015f\u00fcb. G\u00f6r\u00fc\u015fd\u0259 regional h\u0259rbi-siyasi v\u0259ziyy\u0259t, h\u0259rbi \u0259m\u0259kda\u015fl\u0131\u011f\u0131n perspektivl\u0259ri v\u0259 m\u00fcdafi\u0259 sah\u0259sind\u0259 dig\u0259r m\u0259s\u0259l\u0259l\u0259r m\u00fczakir\u0259 edilib.<\/p>\n","protected":false},"author":2,"featured_media":25310,"comment_status":"closed","ping_status":"closed","sticky":false,"template":"","format":"standard","meta":{"om_disable_all_campaigns":false,"_monsterinsights_skip_tracking":false,"_monsterinsights_sitenote_active":false,"_monsterinsights_sitenote_note":"","_monsterinsights_sitenote_category":0},"categories":[19],"tags":[],"aioseo_notices":[],"gutentor_comment":0,"rttpg_featured_image_url":{"full":["https:\/\/arantv.az\/wp-content\/uploads\/2018\/11\/573b18be9ab144cba39628e2bd675c6b.jpg",1000,658,false],"landscape":["https:\/\/arantv.az\/wp-content\/uploads\/2018\/11\/573b18be9ab144cba39628e2bd675c6b.jpg",1000,658,false],"portraits":["https:\/\/arantv.az\/wp-content\/uploads\/2018\/11\/573b18be9ab144cba39628e2bd675c6b.jpg",1000,658,false],"thumbnail":["https:\/\/arantv.az\/wp-content\/uploads\/2018\/11\/573b18be9ab144cba39628e2bd675c6b-150x150.jpg",150,150,true],"medium":["https:\/\/arantv.az\/wp-content\/uploads\/2018\/11\/573b18be9ab144cba39628e2bd675c6b-300x197.jpg",300,197,true],"large":["https:\/\/arantv.az\/wp-content\/uploads\/2018\/11\/573b18be9ab144cba39628e2bd675c6b.jpg",640,421,false],"1536x1536":["https:\/\/arantv.az\/wp-content\/uploads\/2018\/11\/573b18be9ab144cba39628e2bd675c6b.jpg",1000,658,false],"2048x2048":["https:\/\/arantv.az\/wp-content\/uploads\/2018\/11\/573b18be9ab144cba39628e2bd675c6b.jpg",1000,658,false],"post-thumbnail":["https:\/\/arantv.az\/wp-content\/uploads\/2018\/11\/573b18be9ab144cba39628e2bd675c6b-240x172.jpg",240,172,true],"advps-thumb-one":["https:\/\/arantv.az\/wp-content\/uploads\/2018\/11\/573b18be9ab144cba39628e2bd675c6b-1000x620.jpg",1000,620,true]},"rttpg_author":{"display_name":"V\u00fcsal Rafiqo\u011flu","author_link":"https:\/\/arantv.az\/?author=2"},"rttpg_comment":0,"rttpg_category":"<a href=\"https:\/\/arantv.az\/?cat=19\" rel=\"category\">G\u00fcnd\u0259m<\/a>","rttpg_excerpt":"ARANTV.AZ x\u0259b\u0259r verir ki, noyabr\u0131n 27-d\u0259 Az\u0259rbaycan Respublikas\u0131n\u0131n M\u00fcdafi\u0259 naziri general-polkovnik Zakir H\u0259s\u0259nov \u00f6lk\u0259mizd\u0259 i\u015fg\u00fczar s\u0259f\u0259rd\u0259 olan B\u0259hreyn Krall\u0131\u011f\u0131n\u0131n M\u00fcdafi\u0259 Q\u00fcvv\u0259l\u0259rinin Ba\u015f Komandan\u0131 feldmar\u015fal \u015eeyx X\u0259lif\u0259 bin \u018fhm\u0259d \u0259l-X\u0259lif\u0259 il\u0259 g\u00f6r\u00fc\u015f\u00fcb. G\u00f6r\u00fc\u015fd\u0259 regional h\u0259rbi-siyasi v\u0259ziyy\u0259t, h\u0259rbi \u0259m\u0259kda\u015fl\u0131\u011f\u0131n perspektivl\u0259ri v\u0259 m\u00fcdafi\u0259 sah\u0259sind\u0259 dig\u0259r m\u0259s\u0259l\u0259l\u0259r m\u00fczakir\u0259 edilib.","_links":{"self":[{"href":"https:\/\/arantv.az\/index.php?rest_route=\/wp\/v2\/posts\/25309"}],"collection":[{"href":"https:\/\/arantv.az\/index.php?rest_route=\/wp\/v2\/posts"}],"about":[{"href":"https:\/\/arantv.az\/index.php?rest_route=\/wp\/v2\/types\/post"}],"author":[{"embeddable":true,"href":"https:\/\/arantv.az\/index.php?rest_route=\/wp\/v2\/users\/2"}],"replies":[{"embeddable":true,"href":"https:\/\/arantv.az\/index.php?rest_route=%2Fwp%2Fv2%2Fcomments&post=25309"}],"version-history":[{"count":0,"href":"https:\/\/arantv.az\/index.php?rest_route=\/wp\/v2\/posts\/25309\/revisions"}],"wp:featuredmedia":[{"embeddable":true,"href":"https:\/\/arantv.az\/index.php?rest_route=\/wp\/v2\/media\/25310"}],"wp:attachment":[{"href":"https:\/\/arantv.az\/index.php?rest_route=%2Fwp%2Fv2%2Fmedia&parent=25309"}],"wp:term":[{"taxonomy":"category","embeddable":true,"href":"https:\/\/arantv.az\/index.php?rest_route=%2Fwp%2Fv2%2Fcategories&post=25309"},{"taxonomy":"post_tag","embeddable":true,"href":"https:\/\/arantv.az\/index.php?rest_route=%2Fwp%2Fv2%2Ftags&post=25309"}],"curies":[{"name":"wp","href":"https:\/\/api.w.org\/{rel}","templated":true}]}}