{"id":25318,"date":"2018-11-27T15:40:45","date_gmt":"2018-11-27T12:40:45","guid":{"rendered":"http:\/\/arantv.az\/?p=25318"},"modified":"2018-11-27T15:40:45","modified_gmt":"2018-11-27T12:40:45","slug":"sabah-az%c9%99rbaycan-mu%c9%99lliml%c9%99rinin-xv-qurultayi-keciril%c9%99c%c9%99k","status":"publish","type":"post","link":"https:\/\/arantv.az\/?p=25318","title":{"rendered":"Sabah Az\u0259rbaycan m\u00fc\u0259lliml\u0259rinin XV qurultay\u0131 ke\u00e7iril\u0259c\u0259k"},"content":{"rendered":"<p><strong>Noyabr\u0131n 28-d\u0259 Bak\u0131 Konqres M\u0259rk\u0259zind\u0259 Az\u0259rbaycan m\u00fc\u0259lliml\u0259rinin XV qurultay\u0131 ke\u00e7iril\u0259c\u0259k.<\/strong><\/p>\n<p><strong>ARANTV.AZ<\/strong>\u00a0 x\u0259b\u0259r verir ki, T\u0259hsil Nazirliyind\u0259n trend-\u0259 veril\u0259n m\u0259lumata g\u00f6r\u0259, qurultayda d\u00f6vl\u0259t v\u0259 h\u00f6kum\u0259t n\u00fcmay\u0259nd\u0259l\u0259ri, mill\u0259t v\u0259kill\u0259ri, tan\u0131nm\u0131\u015f ziyal\u0131lar, media qurumlar\u0131n\u0131n r\u0259hb\u0259rl\u0259ri i\u015ftirak ed\u0259c\u0259k. Qurultaya \u00fcmumi t\u0259hsil, orta ixtisas v\u0259 pe\u015f\u0259 t\u0259hsili m\u00fc\u0259ssis\u0259l\u0259rind\u0259n 1400-\u0259 yax\u0131n, ali t\u0259hsil m\u00fc\u0259ssis\u0259l\u0259rind\u0259n is\u0259 200-d\u0259n art\u0131q n\u00fcmay\u0259nd\u0259 d\u0259v\u0259t edilib.<\/p>\n<p>Qurultayda &#8220;Az\u0259rbaycan Respublikas\u0131nda t\u0259hsilin \u0130nki\u015faf\u0131 \u00fczr\u0259 D\u00f6vl\u0259t Strategiyas\u0131&#8221;ndan ir\u0259li g\u0259l\u0259n m\u0259s\u0259l\u0259l\u0259r v\u0259 qar\u015f\u0131ya qoyulan \u0259sas h\u0259d\u0259fl\u0259rin h\u0259yata ke\u00e7irilm\u0259si m\u0259s\u0259l\u0259l\u0259ri m\u00fczakir\u0259 olunacaq, \u00fcmumi t\u0259hsil sah\u0259si il\u0259 ba\u011fl\u0131 panel m\u00fczakir\u0259l\u0259r apar\u0131lacaq.<\/p>\n<p>T\u0259dbir \u00e7\u0259r\u00e7iv\u0259sind\u0259 h\u0259m\u00e7inin Az\u0259rbaycan Respublikas\u0131 Prezidentinin s\u0259r\u0259ncamlar\u0131 il\u0259 &#8220;\u018fm\u0259kdar m\u00fc\u0259llim&#8221; f\u0259xri ad\u0131 v\u0259 &#8220;T\u0259r\u0259qqi medal\u0131&#8221; il\u0259 t\u0259ltif olunmu\u015f 100-d\u0259n art\u0131q t\u0259hsil i\u015f\u00e7isin\u0259 d\u00f6vl\u0259t t\u0259ltifl\u0259ri t\u0259qdim edil\u0259c\u0259k.<\/p>\n<p>Qeyd ed\u0259k ki, Az\u0259rbaycan m\u00fc\u0259lliml\u0259rinin ilk qurultay\u0131 1906-c\u0131 ild\u0259 ke\u00e7irilib. Qurultay \u0259n\u0259n\u0259vi olaraq 5 ild\u0259n bir ke\u00e7irilir.<\/p>\n","protected":false},"excerpt":{"rendered":"<p>Noyabr\u0131n 28-d\u0259 Bak\u0131 Konqres M\u0259rk\u0259zind\u0259 Az\u0259rbaycan m\u00fc\u0259lliml\u0259rinin XV qurultay\u0131 ke\u00e7iril\u0259c\u0259k. ARANTV.AZ\u00a0 x\u0259b\u0259r verir ki, T\u0259hsil Nazirliyind\u0259n trend-\u0259 veril\u0259n m\u0259lumata g\u00f6r\u0259, qurultayda d\u00f6vl\u0259t v\u0259 h\u00f6kum\u0259t n\u00fcmay\u0259nd\u0259l\u0259ri, mill\u0259t v\u0259kill\u0259ri, tan\u0131nm\u0131\u015f ziyal\u0131lar, media qurumlar\u0131n\u0131n r\u0259hb\u0259rl\u0259ri i\u015ftirak ed\u0259c\u0259k. Qurultaya \u00fcmumi t\u0259hsil, orta ixtisas v\u0259 pe\u015f\u0259 t\u0259hsili m\u00fc\u0259ssis\u0259l\u0259rind\u0259n 1400-\u0259 yax\u0131n, ali t\u0259hsil m\u00fc\u0259ssis\u0259l\u0259rind\u0259n is\u0259 200-d\u0259n art\u0131q n\u00fcmay\u0259nd\u0259 d\u0259v\u0259t edilib. Qurultayda &#8220;Az\u0259rbaycan Respublikas\u0131nda t\u0259hsilin \u0130nki\u015faf\u0131 \u00fczr\u0259 D\u00f6vl\u0259t Strategiyas\u0131&#8221;ndan ir\u0259li g\u0259l\u0259n m\u0259s\u0259l\u0259l\u0259r v\u0259 qar\u015f\u0131ya qoyulan \u0259sas h\u0259d\u0259fl\u0259rin h\u0259yata ke\u00e7irilm\u0259si m\u0259s\u0259l\u0259l\u0259ri m\u00fczakir\u0259 olunacaq, \u00fcmumi t\u0259hsil sah\u0259si il\u0259 ba\u011fl\u0131 panel m\u00fczakir\u0259l\u0259r apar\u0131lacaq. T\u0259dbir \u00e7\u0259r\u00e7iv\u0259sind\u0259 h\u0259m\u00e7inin Az\u0259rbaycan Respublikas\u0131 Prezidentinin s\u0259r\u0259ncamlar\u0131&hellip;<\/p>\n","protected":false},"author":2,"featured_media":25319,"comment_status":"closed","ping_status":"closed","sticky":false,"template":"","format":"standard","meta":{"om_disable_all_campaigns":false,"_monsterinsights_skip_tracking":false,"_monsterinsights_sitenote_active":false,"_monsterinsights_sitenote_note":"","_monsterinsights_sitenote_category":0},"categories":[1],"tags":[],"aioseo_notices":[],"gutentor_comment":0,"rttpg_featured_image_url":{"full":["https:\/\/arantv.az\/wp-content\/uploads\/2018\/11\/707473.jpg",800,600,false],"landscape":["https:\/\/arantv.az\/wp-content\/uploads\/2018\/11\/707473.jpg",800,600,false],"portraits":["https:\/\/arantv.az\/wp-content\/uploads\/2018\/11\/707473.jpg",800,600,false],"thumbnail":["https:\/\/arantv.az\/wp-content\/uploads\/2018\/11\/707473-150x150.jpg",150,150,true],"medium":["https:\/\/arantv.az\/wp-content\/uploads\/2018\/11\/707473-300x225.jpg",300,225,true],"large":["https:\/\/arantv.az\/wp-content\/uploads\/2018\/11\/707473.jpg",640,480,false],"1536x1536":["https:\/\/arantv.az\/wp-content\/uploads\/2018\/11\/707473.jpg",800,600,false],"2048x2048":["https:\/\/arantv.az\/wp-content\/uploads\/2018\/11\/707473.jpg",800,600,false],"post-thumbnail":["https:\/\/arantv.az\/wp-content\/uploads\/2018\/11\/707473-240x172.jpg",240,172,true],"advps-thumb-one":["https:\/\/arantv.az\/wp-content\/uploads\/2018\/11\/707473.jpg",800,600,false]},"rttpg_author":{"display_name":"V\u00fcsal Rafiqo\u011flu","author_link":"https:\/\/arantv.az\/?author=2"},"rttpg_comment":0,"rttpg_category":"<a href=\"https:\/\/arantv.az\/?cat=1\" rel=\"category\">C\u0259miyy\u0259t<\/a>","rttpg_excerpt":"Noyabr\u0131n 28-d\u0259 Bak\u0131 Konqres M\u0259rk\u0259zind\u0259 Az\u0259rbaycan m\u00fc\u0259lliml\u0259rinin XV qurultay\u0131 ke\u00e7iril\u0259c\u0259k. ARANTV.AZ\u00a0 x\u0259b\u0259r verir ki, T\u0259hsil Nazirliyind\u0259n trend-\u0259 veril\u0259n m\u0259lumata g\u00f6r\u0259, qurultayda d\u00f6vl\u0259t v\u0259 h\u00f6kum\u0259t n\u00fcmay\u0259nd\u0259l\u0259ri, mill\u0259t v\u0259kill\u0259ri, tan\u0131nm\u0131\u015f ziyal\u0131lar, media qurumlar\u0131n\u0131n r\u0259hb\u0259rl\u0259ri i\u015ftirak ed\u0259c\u0259k. Qurultaya \u00fcmumi t\u0259hsil, orta ixtisas v\u0259 pe\u015f\u0259 t\u0259hsili m\u00fc\u0259ssis\u0259l\u0259rind\u0259n 1400-\u0259 yax\u0131n, ali t\u0259hsil m\u00fc\u0259ssis\u0259l\u0259rind\u0259n is\u0259 200-d\u0259n art\u0131q n\u00fcmay\u0259nd\u0259 d\u0259v\u0259t edilib. Qurultayda&hellip;","_links":{"self":[{"href":"https:\/\/arantv.az\/index.php?rest_route=\/wp\/v2\/posts\/25318"}],"collection":[{"href":"https:\/\/arantv.az\/index.php?rest_route=\/wp\/v2\/posts"}],"about":[{"href":"https:\/\/arantv.az\/index.php?rest_route=\/wp\/v2\/types\/post"}],"author":[{"embeddable":true,"href":"https:\/\/arantv.az\/index.php?rest_route=\/wp\/v2\/users\/2"}],"replies":[{"embeddable":true,"href":"https:\/\/arantv.az\/index.php?rest_route=%2Fwp%2Fv2%2Fcomments&post=25318"}],"version-history":[{"count":0,"href":"https:\/\/arantv.az\/index.php?rest_route=\/wp\/v2\/posts\/25318\/revisions"}],"wp:featuredmedia":[{"embeddable":true,"href":"https:\/\/arantv.az\/index.php?rest_route=\/wp\/v2\/media\/25319"}],"wp:attachment":[{"href":"https:\/\/arantv.az\/index.php?rest_route=%2Fwp%2Fv2%2Fmedia&parent=25318"}],"wp:term":[{"taxonomy":"category","embeddable":true,"href":"https:\/\/arantv.az\/index.php?rest_route=%2Fwp%2Fv2%2Fcategories&post=25318"},{"taxonomy":"post_tag","embeddable":true,"href":"https:\/\/arantv.az\/index.php?rest_route=%2Fwp%2Fv2%2Ftags&post=25318"}],"curies":[{"name":"wp","href":"https:\/\/api.w.org\/{rel}","templated":true}]}}