{"id":25325,"date":"2018-11-27T16:08:43","date_gmt":"2018-11-27T13:08:43","guid":{"rendered":"http:\/\/arantv.az\/?p=25325"},"modified":"2018-11-27T16:08:43","modified_gmt":"2018-11-27T13:08:43","slug":"zir%c9%99ddin-rzayev%c9%99-rusiyada-yuks%c9%99k-v%c9%99zif%c9%99-t%c9%99klif-olundu","status":"publish","type":"post","link":"https:\/\/arantv.az\/?p=25325","title":{"rendered":"Zir\u0259ddin Rzayev\u0259 Rusiyada y\u00fcks\u0259k v\u0259zif\u0259 t\u0259klif olundu"},"content":{"rendered":"<p>Moskva \u015f\u0259h\u0259r Dumas\u0131n\u0131n deputat\u0131, ictimai birlikl\u0259r v\u0259 dini t\u0259\u015fkilatlar\u0131n i\u015fi \u00fczr\u0259 komissiyan\u0131n s\u0259dri<strong>\u00a0Anton Paleyev<\/strong>\u00a0Rusiyada Maqlar\u00a0Assosiasiyas\u0131\u00a0t\u0259sis etm\u0259k bar\u0259d\u0259\u00a0t\u0259klif\u00a0ir\u0259li s\u00fcr\u00fcb.<\/p>\n<p><strong>ARANTV.AZ\u00a0<\/strong>\u00a0x\u0259b\u0259r verir ki, Anton Paleyev pe\u015f\u0259kar ekstrasensl\u0259rl\u0259 \u015farlatanlar\u0131 ay\u0131rd etm\u0259k \u00fc\u00e7\u00fcn bel\u0259 bir qurum\u00a0yaratma\u011f\u0131n vacib oldu\u011funu s\u00f6yl\u0259yib<\/p>\n<p>Bu t\u0259klif s\u0259sl\u0259ndirildikd\u0259n sonra sosial \u015f\u0259b\u0259k\u0259 istifad\u0259\u00e7il\u0259ri az\u0259rbaycanl\u0131 ekstrasens\u00a0<strong>Zir\u0259ddin Rzayev<\/strong>in bu quruma r\u0259hb\u0259rlik etm\u0259sini t\u0259klif edibl\u0259r. M\u0259\u015fhur ekstrasens bildirib ki, Maqlar Assosiasiyas\u0131\u00a0yarad\u0131lsa bel\u0259, o, r\u0259hb\u0259r\u00a0olmaq\u00a0 fikrind\u0259 deyil.<\/p>\n<p>Zir\u0259ddin Rzayev Rusiya m\u0259tbuat\u0131na\u00a0verdiyi m\u00fcsahib\u0259d\u0259\u00a0deputat Paleyevin t\u0259klifinin yax\u0131n g\u0259l\u0259c\u0259kd\u0259 realla\u015fa bil\u0259c\u0259yini d\u0259 qeyd edib.<\/p>\n<p>Zir\u0259ddin Rzayev \u201cBitva ekstrasensov\u201d\u00a0(Ekstrasensl\u0259rin d\u00f6y\u00fc\u015f\u00fc) \u015fousunun 6-c\u0131 m\u00f6vs\u00fcm\u00fcn\u00fcn final\u00e7\u0131s\u0131d\u0131r. \u0130xtisasca h\u0259kimdir. Haz\u0131rda Moskvada ya\u015fay\u0131r .<\/p>\n<div><iframe loading=\"lazy\" id=\"instagram-embed-0\" class=\"instagram-media instagram-media-rendered\" src=\"https:\/\/www.instagram.com\/p\/BqcRaFkgywr\/embed\/captioned\/?cr=1&amp;v=12&amp;wp=540&amp;rd=https%3A%2F%2Foxu.az&amp;rp=%2Fsociety%2F286121#%7B%22ci%22%3A0%2C%22os%22%3A15540.000000000873%7D\" width=\"300\" height=\"878\" frameborder=\"0\" scrolling=\"no\" data-instgrm-payload-id=\"instagram-media-payload-0\" data-mce-fragment=\"1\"><\/iframe><\/div>\n<p><b>oxu.az<\/b><\/p>\n","protected":false},"excerpt":{"rendered":"<p>Moskva \u015f\u0259h\u0259r Dumas\u0131n\u0131n deputat\u0131, ictimai birlikl\u0259r v\u0259 dini t\u0259\u015fkilatlar\u0131n i\u015fi \u00fczr\u0259 komissiyan\u0131n s\u0259dri\u00a0Anton Paleyev\u00a0Rusiyada Maqlar\u00a0Assosiasiyas\u0131\u00a0t\u0259sis etm\u0259k bar\u0259d\u0259\u00a0t\u0259klif\u00a0ir\u0259li s\u00fcr\u00fcb. ARANTV.AZ\u00a0\u00a0x\u0259b\u0259r verir ki, Anton Paleyev pe\u015f\u0259kar ekstrasensl\u0259rl\u0259 \u015farlatanlar\u0131 ay\u0131rd etm\u0259k \u00fc\u00e7\u00fcn bel\u0259 bir qurum\u00a0yaratma\u011f\u0131n vacib oldu\u011funu s\u00f6yl\u0259yib Bu t\u0259klif s\u0259sl\u0259ndirildikd\u0259n sonra sosial \u015f\u0259b\u0259k\u0259 istifad\u0259\u00e7il\u0259ri az\u0259rbaycanl\u0131 ekstrasens\u00a0Zir\u0259ddin Rzayevin bu quruma r\u0259hb\u0259rlik etm\u0259sini t\u0259klif edibl\u0259r. M\u0259\u015fhur ekstrasens bildirib ki, Maqlar Assosiasiyas\u0131\u00a0yarad\u0131lsa bel\u0259, o, r\u0259hb\u0259r\u00a0olmaq\u00a0 fikrind\u0259 deyil. Zir\u0259ddin Rzayev Rusiya m\u0259tbuat\u0131na\u00a0verdiyi m\u00fcsahib\u0259d\u0259\u00a0deputat Paleyevin t\u0259klifinin yax\u0131n g\u0259l\u0259c\u0259kd\u0259 realla\u015fa bil\u0259c\u0259yini d\u0259 qeyd edib. Zir\u0259ddin Rzayev \u201cBitva ekstrasensov\u201d\u00a0(Ekstrasensl\u0259rin d\u00f6y\u00fc\u015f\u00fc) \u015fousunun 6-c\u0131 m\u00f6vs\u00fcm\u00fcn\u00fcn final\u00e7\u0131s\u0131d\u0131r. \u0130xtisasca h\u0259kimdir. Haz\u0131rda Moskvada ya\u015fay\u0131r&hellip;<\/p>\n","protected":false},"author":2,"featured_media":25326,"comment_status":"closed","ping_status":"closed","sticky":false,"template":"","format":"standard","meta":{"om_disable_all_campaigns":false,"_monsterinsights_skip_tracking":false,"_monsterinsights_sitenote_active":false,"_monsterinsights_sitenote_note":"","_monsterinsights_sitenote_category":0},"categories":[1],"tags":[],"aioseo_notices":[],"gutentor_comment":0,"rttpg_featured_image_url":{"full":["https:\/\/arantv.az\/wp-content\/uploads\/2018\/11\/Clipboard02-3.jpg",620,411,false],"landscape":["https:\/\/arantv.az\/wp-content\/uploads\/2018\/11\/Clipboard02-3.jpg",620,411,false],"portraits":["https:\/\/arantv.az\/wp-content\/uploads\/2018\/11\/Clipboard02-3.jpg",620,411,false],"thumbnail":["https:\/\/arantv.az\/wp-content\/uploads\/2018\/11\/Clipboard02-3-150x150.jpg",150,150,true],"medium":["https:\/\/arantv.az\/wp-content\/uploads\/2018\/11\/Clipboard02-3-300x199.jpg",300,199,true],"large":["https:\/\/arantv.az\/wp-content\/uploads\/2018\/11\/Clipboard02-3.jpg",620,411,false],"1536x1536":["https:\/\/arantv.az\/wp-content\/uploads\/2018\/11\/Clipboard02-3.jpg",620,411,false],"2048x2048":["https:\/\/arantv.az\/wp-content\/uploads\/2018\/11\/Clipboard02-3.jpg",620,411,false],"post-thumbnail":["https:\/\/arantv.az\/wp-content\/uploads\/2018\/11\/Clipboard02-3-240x172.jpg",240,172,true],"advps-thumb-one":["https:\/\/arantv.az\/wp-content\/uploads\/2018\/11\/Clipboard02-3.jpg",620,411,false]},"rttpg_author":{"display_name":"V\u00fcsal Rafiqo\u011flu","author_link":"https:\/\/arantv.az\/?author=2"},"rttpg_comment":0,"rttpg_category":"<a href=\"https:\/\/arantv.az\/?cat=1\" rel=\"category\">C\u0259miyy\u0259t<\/a>","rttpg_excerpt":"Moskva \u015f\u0259h\u0259r Dumas\u0131n\u0131n deputat\u0131, ictimai birlikl\u0259r v\u0259 dini t\u0259\u015fkilatlar\u0131n i\u015fi \u00fczr\u0259 komissiyan\u0131n s\u0259dri\u00a0Anton Paleyev\u00a0Rusiyada Maqlar\u00a0Assosiasiyas\u0131\u00a0t\u0259sis etm\u0259k bar\u0259d\u0259\u00a0t\u0259klif\u00a0ir\u0259li s\u00fcr\u00fcb. ARANTV.AZ\u00a0\u00a0x\u0259b\u0259r verir ki, Anton Paleyev pe\u015f\u0259kar ekstrasensl\u0259rl\u0259 \u015farlatanlar\u0131 ay\u0131rd etm\u0259k \u00fc\u00e7\u00fcn bel\u0259 bir qurum\u00a0yaratma\u011f\u0131n vacib oldu\u011funu s\u00f6yl\u0259yib Bu t\u0259klif s\u0259sl\u0259ndirildikd\u0259n sonra sosial \u015f\u0259b\u0259k\u0259 istifad\u0259\u00e7il\u0259ri az\u0259rbaycanl\u0131 ekstrasens\u00a0Zir\u0259ddin Rzayevin bu quruma r\u0259hb\u0259rlik etm\u0259sini t\u0259klif edibl\u0259r. M\u0259\u015fhur ekstrasens bildirib ki,&hellip;","_links":{"self":[{"href":"https:\/\/arantv.az\/index.php?rest_route=\/wp\/v2\/posts\/25325"}],"collection":[{"href":"https:\/\/arantv.az\/index.php?rest_route=\/wp\/v2\/posts"}],"about":[{"href":"https:\/\/arantv.az\/index.php?rest_route=\/wp\/v2\/types\/post"}],"author":[{"embeddable":true,"href":"https:\/\/arantv.az\/index.php?rest_route=\/wp\/v2\/users\/2"}],"replies":[{"embeddable":true,"href":"https:\/\/arantv.az\/index.php?rest_route=%2Fwp%2Fv2%2Fcomments&post=25325"}],"version-history":[{"count":0,"href":"https:\/\/arantv.az\/index.php?rest_route=\/wp\/v2\/posts\/25325\/revisions"}],"wp:featuredmedia":[{"embeddable":true,"href":"https:\/\/arantv.az\/index.php?rest_route=\/wp\/v2\/media\/25326"}],"wp:attachment":[{"href":"https:\/\/arantv.az\/index.php?rest_route=%2Fwp%2Fv2%2Fmedia&parent=25325"}],"wp:term":[{"taxonomy":"category","embeddable":true,"href":"https:\/\/arantv.az\/index.php?rest_route=%2Fwp%2Fv2%2Fcategories&post=25325"},{"taxonomy":"post_tag","embeddable":true,"href":"https:\/\/arantv.az\/index.php?rest_route=%2Fwp%2Fv2%2Ftags&post=25325"}],"curies":[{"name":"wp","href":"https:\/\/api.w.org\/{rel}","templated":true}]}}