{"id":25328,"date":"2018-11-27T16:09:51","date_gmt":"2018-11-27T13:09:51","guid":{"rendered":"http:\/\/arantv.az\/?p=25328"},"modified":"2018-11-27T16:09:51","modified_gmt":"2018-11-27T13:09:51","slug":"deputat-sosial-sigorta-haqqinda-qanuna-d%c9%99yisiklikd%c9%99-m%c9%99qs%c9%99d-qeyri-leqal-m%c9%99sgullugun-qarsisinin-alinmasidir","status":"publish","type":"post","link":"https:\/\/arantv.az\/?p=25328","title":{"rendered":"Deputat: &#8220;Sosial s\u0131\u011forta haqq\u0131nda qanuna d\u0259yi\u015fiklikd\u0259 m\u0259qs\u0259d qeyri-leqal m\u0259\u015f\u011fullu\u011fun qar\u015f\u0131s\u0131n\u0131n al\u0131nmas\u0131d\u0131r&#8221;"},"content":{"rendered":"<p><strong>Sosial s\u0131\u011forta haqq\u0131nda qanuna d\u0259yi\u015fiklikl\u0259 ba\u011fl\u0131 fikirl\u0259r art\u0131q uzun m\u00fcdd\u0259tdir ki, m\u00fczakir\u0259 olunur. Mahiyy\u0259t qeyri-leqal m\u0259\u015f\u011fullu\u011fun qar\u015f\u0131s\u0131n\u0131n al\u0131nmas\u0131d\u0131r.<\/strong><\/p>\n<p><strong>ARANTV.AZ<\/strong> trend-\u0259 istinad\u0259n bildirir ki,\u00a0bunu Milli M\u0259clisin \u018fm\u0259k v\u0259 sosial siyas\u0259t komit\u0259sinin s\u0259dri\u00a0<strong>Had\u0131 R\u0259c\u0259bli<\/strong>\u00a0parlamentin bu g\u00fcn ke\u00e7iril\u0259n iclas\u0131nda &#8220;Sosial s\u0131\u011forta haqq\u0131nda&#8221; qanunda d\u0259yi\u015fiklik edilm\u0259si bar\u0259d\u0259 layih\u0259ni t\u0259qdim ed\u0259rk\u0259n deyib.<\/p>\n<p>&#8220;Bildiyiniz kimi qeyri-leqal f\u0259alyy\u0259tl\u0259 m\u0259\u015f\u011ful olan i\u015f\u00e7il\u0259rin sosial s\u0131\u011fortas\u0131 yoxdur. Bu bax\u0131mdan prezident \u0130lham \u018fliyev t\u0259r\u0259find\u0259n 2017-ci il 9 oktyabr tarixli imzalanan s\u0259n\u0259d\u0259 \u0259sas\u0259n qeyri-leqal m\u0259\u015f\u011fullu\u011fun qar\u015f\u0131n\u0131n\u0131n al\u0131nmas\u0131 il\u0259 ba\u011fl\u0131 t\u0259dbirl\u0259r g\u00f6r\u00fcl\u00fcr. Bizim ist\u0259diyimiz leqalla\u015fma il\u0259 ba\u011fl\u0131 add\u0131mlar Vergil\u0259r Nazirliyi t\u0259r\u0259find\u0259n at\u0131l\u0131r. Dig\u0259r bir ist\u0259yimiz sosial s\u0131\u011forta il\u0259 ba\u011fl\u0131d\u0131r. Qanuna edil\u0259c\u0259k d\u0259yi\u015fiklikl\u0259rl\u0259 \u0259laq\u0259dar h\u0259m sahibkar\u0131n vergi y\u00fck\u00fc azal\u0131r, h\u0259m i\u015f\u00e7il\u0259r sosial s\u0131\u011fortaya c\u0259lb olunur. \u018fvv\u0259ll\u0259r \u0259m\u0259liyyatlar DSMF t\u0259r\u0259find\u0259n apar\u0131l\u0131rd\u0131sa, indi bu m\u0259s\u0259l\u0259 Vergil\u0259r Nazirliyi t\u0259r\u0259find\u0259n t\u0259nziml\u0259n\u0259c\u0259k. B\u00fct\u00f6vl\u00fckd\u0259 layih\u0259 sahibkara, h\u0259m d\u0259 i\u015f\u00e7iy\u0259 d\u0259st\u0259kdir&#8221;.<\/p>\n","protected":false},"excerpt":{"rendered":"<p>Sosial s\u0131\u011forta haqq\u0131nda qanuna d\u0259yi\u015fiklikl\u0259 ba\u011fl\u0131 fikirl\u0259r art\u0131q uzun m\u00fcdd\u0259tdir ki, m\u00fczakir\u0259 olunur. Mahiyy\u0259t qeyri-leqal m\u0259\u015f\u011fullu\u011fun qar\u015f\u0131s\u0131n\u0131n al\u0131nmas\u0131d\u0131r. ARANTV.AZ trend-\u0259 istinad\u0259n bildirir ki,\u00a0bunu Milli M\u0259clisin \u018fm\u0259k v\u0259 sosial siyas\u0259t komit\u0259sinin s\u0259dri\u00a0Had\u0131 R\u0259c\u0259bli\u00a0parlamentin bu g\u00fcn ke\u00e7iril\u0259n iclas\u0131nda &#8220;Sosial s\u0131\u011forta haqq\u0131nda&#8221; qanunda d\u0259yi\u015fiklik edilm\u0259si bar\u0259d\u0259 layih\u0259ni t\u0259qdim ed\u0259rk\u0259n deyib. &#8220;Bildiyiniz kimi qeyri-leqal f\u0259alyy\u0259tl\u0259 m\u0259\u015f\u011ful olan i\u015f\u00e7il\u0259rin sosial s\u0131\u011fortas\u0131 yoxdur. Bu bax\u0131mdan prezident \u0130lham \u018fliyev t\u0259r\u0259find\u0259n 2017-ci il 9 oktyabr tarixli imzalanan s\u0259n\u0259d\u0259 \u0259sas\u0259n qeyri-leqal m\u0259\u015f\u011fullu\u011fun qar\u015f\u0131n\u0131n\u0131n al\u0131nmas\u0131 il\u0259 ba\u011fl\u0131 t\u0259dbirl\u0259r g\u00f6r\u00fcl\u00fcr. Bizim ist\u0259diyimiz leqalla\u015fma il\u0259 ba\u011fl\u0131 add\u0131mlar Vergil\u0259r Nazirliyi t\u0259r\u0259find\u0259n at\u0131l\u0131r. Dig\u0259r&hellip;<\/p>\n","protected":false},"author":2,"featured_media":25329,"comment_status":"closed","ping_status":"closed","sticky":false,"template":"","format":"standard","meta":{"om_disable_all_campaigns":false,"_monsterinsights_skip_tracking":false,"_monsterinsights_sitenote_active":false,"_monsterinsights_sitenote_note":"","_monsterinsights_sitenote_category":0},"categories":[1],"tags":[],"aioseo_notices":[],"gutentor_comment":0,"rttpg_featured_image_url":{"full":["https:\/\/arantv.az\/wp-content\/uploads\/2018\/11\/hadi_recebli_025-1.jpg",800,600,false],"landscape":["https:\/\/arantv.az\/wp-content\/uploads\/2018\/11\/hadi_recebli_025-1.jpg",800,600,false],"portraits":["https:\/\/arantv.az\/wp-content\/uploads\/2018\/11\/hadi_recebli_025-1.jpg",800,600,false],"thumbnail":["https:\/\/arantv.az\/wp-content\/uploads\/2018\/11\/hadi_recebli_025-1-150x150.jpg",150,150,true],"medium":["https:\/\/arantv.az\/wp-content\/uploads\/2018\/11\/hadi_recebli_025-1-300x225.jpg",300,225,true],"large":["https:\/\/arantv.az\/wp-content\/uploads\/2018\/11\/hadi_recebli_025-1.jpg",640,480,false],"1536x1536":["https:\/\/arantv.az\/wp-content\/uploads\/2018\/11\/hadi_recebli_025-1.jpg",800,600,false],"2048x2048":["https:\/\/arantv.az\/wp-content\/uploads\/2018\/11\/hadi_recebli_025-1.jpg",800,600,false],"post-thumbnail":["https:\/\/arantv.az\/wp-content\/uploads\/2018\/11\/hadi_recebli_025-1-240x172.jpg",240,172,true],"advps-thumb-one":["https:\/\/arantv.az\/wp-content\/uploads\/2018\/11\/hadi_recebli_025-1.jpg",800,600,false]},"rttpg_author":{"display_name":"V\u00fcsal Rafiqo\u011flu","author_link":"https:\/\/arantv.az\/?author=2"},"rttpg_comment":0,"rttpg_category":"<a href=\"https:\/\/arantv.az\/?cat=1\" rel=\"category\">C\u0259miyy\u0259t<\/a>","rttpg_excerpt":"Sosial s\u0131\u011forta haqq\u0131nda qanuna d\u0259yi\u015fiklikl\u0259 ba\u011fl\u0131 fikirl\u0259r art\u0131q uzun m\u00fcdd\u0259tdir ki, m\u00fczakir\u0259 olunur. Mahiyy\u0259t qeyri-leqal m\u0259\u015f\u011fullu\u011fun qar\u015f\u0131s\u0131n\u0131n al\u0131nmas\u0131d\u0131r. ARANTV.AZ trend-\u0259 istinad\u0259n bildirir ki,\u00a0bunu Milli M\u0259clisin \u018fm\u0259k v\u0259 sosial siyas\u0259t komit\u0259sinin s\u0259dri\u00a0Had\u0131 R\u0259c\u0259bli\u00a0parlamentin bu g\u00fcn ke\u00e7iril\u0259n iclas\u0131nda &#8220;Sosial s\u0131\u011forta haqq\u0131nda&#8221; qanunda d\u0259yi\u015fiklik edilm\u0259si bar\u0259d\u0259 layih\u0259ni t\u0259qdim ed\u0259rk\u0259n deyib. &#8220;Bildiyiniz kimi qeyri-leqal f\u0259alyy\u0259tl\u0259 m\u0259\u015f\u011ful olan i\u015f\u00e7il\u0259rin sosial&hellip;","_links":{"self":[{"href":"https:\/\/arantv.az\/index.php?rest_route=\/wp\/v2\/posts\/25328"}],"collection":[{"href":"https:\/\/arantv.az\/index.php?rest_route=\/wp\/v2\/posts"}],"about":[{"href":"https:\/\/arantv.az\/index.php?rest_route=\/wp\/v2\/types\/post"}],"author":[{"embeddable":true,"href":"https:\/\/arantv.az\/index.php?rest_route=\/wp\/v2\/users\/2"}],"replies":[{"embeddable":true,"href":"https:\/\/arantv.az\/index.php?rest_route=%2Fwp%2Fv2%2Fcomments&post=25328"}],"version-history":[{"count":0,"href":"https:\/\/arantv.az\/index.php?rest_route=\/wp\/v2\/posts\/25328\/revisions"}],"wp:featuredmedia":[{"embeddable":true,"href":"https:\/\/arantv.az\/index.php?rest_route=\/wp\/v2\/media\/25329"}],"wp:attachment":[{"href":"https:\/\/arantv.az\/index.php?rest_route=%2Fwp%2Fv2%2Fmedia&parent=25328"}],"wp:term":[{"taxonomy":"category","embeddable":true,"href":"https:\/\/arantv.az\/index.php?rest_route=%2Fwp%2Fv2%2Fcategories&post=25328"},{"taxonomy":"post_tag","embeddable":true,"href":"https:\/\/arantv.az\/index.php?rest_route=%2Fwp%2Fv2%2Ftags&post=25328"}],"curies":[{"name":"wp","href":"https:\/\/api.w.org\/{rel}","templated":true}]}}