{"id":25331,"date":"2018-11-27T16:15:14","date_gmt":"2018-11-27T13:15:14","guid":{"rendered":"http:\/\/arantv.az\/?p=25331"},"modified":"2018-11-27T16:15:14","modified_gmt":"2018-11-27T13:15:14","slug":"bu-s%c9%99xsl%c9%99rin-pensiyasi-artirilir-nazir-aciqladi","status":"publish","type":"post","link":"https:\/\/arantv.az\/?p=25331","title":{"rendered":"Bu \u015f\u0259xsl\u0259rin pensiyas\u0131 art\u0131r\u0131l\u0131r \u2013 Nazir a\u00e7\u0131qlad\u0131"},"content":{"rendered":"<p><strong>N\u00f6vb\u0259ti ild\u0259n pensiyaya \u00e7\u0131xanlar\u0131n m\u00fcavin\u0259tl\u0259rind\u0259 art\u0131m m\u00fc\u015fahid\u0259 edil\u0259c\u0259k. Bu, pensiya sah\u0259sind\u0259 at\u0131lm\u0131\u015f \u0259n b\u00f6y\u00fck add\u0131md\u0131r. Pensiya sah\u0259sind\u0259 inqilabi d\u0259yi\u015fiklik olacaq. Bir daha xat\u0131rlad\u0131m ki, art\u0131m yaln\u0131z g\u0259l\u0259n ild\u0259n pensiyaya \u00e7\u0131xanlara aid olacaq.<\/strong><\/p>\n<p><strong>ARANTV.AZ<\/strong> x\u0259b\u0259r verir ki, bu s\u00f6zl\u0259ri \u018fm\u0259k v\u0259 \u018fhalinin Sosial M\u00fcdafi\u0259si naziri Sahil Babayev Milli M\u0259clisd\u0259 \u201c\u018fm\u0259k pensiyalar\u0131 haqq\u0131nda\u201d qanun layih\u0259sinin m\u00fczakir\u0259si zaman\u0131 mill\u0259t v\u0259kill\u0259rinin suallar\u0131n\u0131 cavabland\u0131rark\u0259n deyib.<\/p>\n<p>Nazirin s\u00f6zl\u0259rin\u0259 g\u00f6r\u0259, b\u00fcdc\u0259d\u0259nk\u0259nar v\u0259saitl\u0259r tamamil\u0259 silinm\u0259y\u0259c\u0259k, i\u015f\u00e7il\u0259r sosial s\u0131\u011forta qismind\u0259 ala bil\u0259c\u0259k.<\/p>\n<p>\u201cLakin onlar m\u00fc\u0259yy\u0259n faiz\u0259 vurulmayacaq. \u00c7\u00fcnki bu, D\u00f6vl\u0259t Sosial M\u00fcdafi\u0259 Fondunun v\u0259saiti deyil. Bu g\u00fcn bir s\u0131ra qurumlarda s\u0131ravi i\u015f\u00e7il\u0259r ali r\u0259hb\u0259r v\u0259zif\u0259l\u0259rd\u0259ki \u015f\u0259xsl\u0259rd\u0259n y\u00fcks\u0259k m\u0259bl\u0259\u011fd\u0259 pensiya al\u0131r. Ona g\u00f6r\u0259 d\u0259 \u0259dal\u0259t prinsipinin b\u0259rpas\u0131 \u00fc\u00e7\u00fcn qanunun bu madd\u0259sin\u0259 d\u0259yi\u015fiklik t\u0259klif edilir\u201d.axar.az<\/p>\n","protected":false},"excerpt":{"rendered":"<p>N\u00f6vb\u0259ti ild\u0259n pensiyaya \u00e7\u0131xanlar\u0131n m\u00fcavin\u0259tl\u0259rind\u0259 art\u0131m m\u00fc\u015fahid\u0259 edil\u0259c\u0259k. Bu, pensiya sah\u0259sind\u0259 at\u0131lm\u0131\u015f \u0259n b\u00f6y\u00fck add\u0131md\u0131r. Pensiya sah\u0259sind\u0259 inqilabi d\u0259yi\u015fiklik olacaq. Bir daha xat\u0131rlad\u0131m ki, art\u0131m yaln\u0131z g\u0259l\u0259n ild\u0259n pensiyaya \u00e7\u0131xanlara aid olacaq. ARANTV.AZ x\u0259b\u0259r verir ki, bu s\u00f6zl\u0259ri \u018fm\u0259k v\u0259 \u018fhalinin Sosial M\u00fcdafi\u0259si naziri Sahil Babayev Milli M\u0259clisd\u0259 \u201c\u018fm\u0259k pensiyalar\u0131 haqq\u0131nda\u201d qanun layih\u0259sinin m\u00fczakir\u0259si zaman\u0131 mill\u0259t v\u0259kill\u0259rinin suallar\u0131n\u0131 cavabland\u0131rark\u0259n deyib. Nazirin s\u00f6zl\u0259rin\u0259 g\u00f6r\u0259, b\u00fcdc\u0259d\u0259nk\u0259nar v\u0259saitl\u0259r tamamil\u0259 silinm\u0259y\u0259c\u0259k, i\u015f\u00e7il\u0259r sosial s\u0131\u011forta qismind\u0259 ala bil\u0259c\u0259k. \u201cLakin onlar m\u00fc\u0259yy\u0259n faiz\u0259 vurulmayacaq. \u00c7\u00fcnki bu, D\u00f6vl\u0259t Sosial M\u00fcdafi\u0259 Fondunun v\u0259saiti deyil. Bu g\u00fcn bir s\u0131ra&hellip;<\/p>\n","protected":false},"author":2,"featured_media":25332,"comment_status":"closed","ping_status":"closed","sticky":false,"template":"","format":"standard","meta":{"om_disable_all_campaigns":false,"_monsterinsights_skip_tracking":false,"_monsterinsights_sitenote_active":false,"_monsterinsights_sitenote_note":"","_monsterinsights_sitenote_category":0},"categories":[1],"tags":[],"aioseo_notices":[],"gutentor_comment":0,"rttpg_featured_image_url":{"full":["https:\/\/arantv.az\/wp-content\/uploads\/2018\/11\/sahil-mushavire.jpg",250,171,false],"landscape":["https:\/\/arantv.az\/wp-content\/uploads\/2018\/11\/sahil-mushavire.jpg",250,171,false],"portraits":["https:\/\/arantv.az\/wp-content\/uploads\/2018\/11\/sahil-mushavire.jpg",250,171,false],"thumbnail":["https:\/\/arantv.az\/wp-content\/uploads\/2018\/11\/sahil-mushavire-150x150.jpg",150,150,true],"medium":["https:\/\/arantv.az\/wp-content\/uploads\/2018\/11\/sahil-mushavire.jpg",250,171,false],"large":["https:\/\/arantv.az\/wp-content\/uploads\/2018\/11\/sahil-mushavire.jpg",250,171,false],"1536x1536":["https:\/\/arantv.az\/wp-content\/uploads\/2018\/11\/sahil-mushavire.jpg",250,171,false],"2048x2048":["https:\/\/arantv.az\/wp-content\/uploads\/2018\/11\/sahil-mushavire.jpg",250,171,false],"post-thumbnail":["https:\/\/arantv.az\/wp-content\/uploads\/2018\/11\/sahil-mushavire-240x171.jpg",240,171,true],"advps-thumb-one":["https:\/\/arantv.az\/wp-content\/uploads\/2018\/11\/sahil-mushavire.jpg",250,171,false]},"rttpg_author":{"display_name":"V\u00fcsal Rafiqo\u011flu","author_link":"https:\/\/arantv.az\/?author=2"},"rttpg_comment":0,"rttpg_category":"<a href=\"https:\/\/arantv.az\/?cat=1\" rel=\"category\">C\u0259miyy\u0259t<\/a>","rttpg_excerpt":"N\u00f6vb\u0259ti ild\u0259n pensiyaya \u00e7\u0131xanlar\u0131n m\u00fcavin\u0259tl\u0259rind\u0259 art\u0131m m\u00fc\u015fahid\u0259 edil\u0259c\u0259k. Bu, pensiya sah\u0259sind\u0259 at\u0131lm\u0131\u015f \u0259n b\u00f6y\u00fck add\u0131md\u0131r. Pensiya sah\u0259sind\u0259 inqilabi d\u0259yi\u015fiklik olacaq. Bir daha xat\u0131rlad\u0131m ki, art\u0131m yaln\u0131z g\u0259l\u0259n ild\u0259n pensiyaya \u00e7\u0131xanlara aid olacaq. ARANTV.AZ x\u0259b\u0259r verir ki, bu s\u00f6zl\u0259ri \u018fm\u0259k v\u0259 \u018fhalinin Sosial M\u00fcdafi\u0259si naziri Sahil Babayev Milli M\u0259clisd\u0259 \u201c\u018fm\u0259k pensiyalar\u0131 haqq\u0131nda\u201d qanun layih\u0259sinin m\u00fczakir\u0259si zaman\u0131&hellip;","_links":{"self":[{"href":"https:\/\/arantv.az\/index.php?rest_route=\/wp\/v2\/posts\/25331"}],"collection":[{"href":"https:\/\/arantv.az\/index.php?rest_route=\/wp\/v2\/posts"}],"about":[{"href":"https:\/\/arantv.az\/index.php?rest_route=\/wp\/v2\/types\/post"}],"author":[{"embeddable":true,"href":"https:\/\/arantv.az\/index.php?rest_route=\/wp\/v2\/users\/2"}],"replies":[{"embeddable":true,"href":"https:\/\/arantv.az\/index.php?rest_route=%2Fwp%2Fv2%2Fcomments&post=25331"}],"version-history":[{"count":0,"href":"https:\/\/arantv.az\/index.php?rest_route=\/wp\/v2\/posts\/25331\/revisions"}],"wp:featuredmedia":[{"embeddable":true,"href":"https:\/\/arantv.az\/index.php?rest_route=\/wp\/v2\/media\/25332"}],"wp:attachment":[{"href":"https:\/\/arantv.az\/index.php?rest_route=%2Fwp%2Fv2%2Fmedia&parent=25331"}],"wp:term":[{"taxonomy":"category","embeddable":true,"href":"https:\/\/arantv.az\/index.php?rest_route=%2Fwp%2Fv2%2Fcategories&post=25331"},{"taxonomy":"post_tag","embeddable":true,"href":"https:\/\/arantv.az\/index.php?rest_route=%2Fwp%2Fv2%2Ftags&post=25331"}],"curies":[{"name":"wp","href":"https:\/\/api.w.org\/{rel}","templated":true}]}}