{"id":25380,"date":"2018-11-28T09:04:03","date_gmt":"2018-11-28T06:04:03","guid":{"rendered":"http:\/\/arantv.az\/?p=25380"},"modified":"2018-11-28T09:04:03","modified_gmt":"2018-11-28T06:04:03","slug":"nazirlik-h%c9%99y%c9%99can-t%c9%99bili-calir-avtomobill%c9%99r-bakida-havani-z%c9%99h%c9%99rl%c9%99yib","status":"publish","type":"post","link":"https:\/\/arantv.az\/?p=25380","title":{"rendered":"Nazirlik h\u0259y\u0259can t\u0259bili \u00e7al\u0131r: Avtomobill\u0259r Bak\u0131da havan\u0131 z\u0259h\u0259rl\u0259yib"},"content":{"rendered":"<p>Bak\u0131da havan\u0131n \u00e7irkl\u0259nm\u0259sinin \u0259n ba\u015fl\u0131ca s\u0259b\u0259bl\u0259rind\u0259n biri havan\u0131n t\u0259rkibind\u0259 karbon qaz\u0131n\u0131n artmas\u0131d\u0131r. \u00c7irkl\u0259nm\u0259nin 80 faizind\u0259n \u00e7oxu avtomobil n\u0259qliyyat\u0131n\u0131n pay\u0131na d\u00fc\u015f\u00fcr.<\/p>\n<p><strong>ARANTV.AZ<\/strong>-\u0131n x\u0259b\u0259rin\u0259 g\u00f6r\u0259, bu bar\u0259d\u0259 jurnalistl\u0259r\u0259 a\u00e7\u0131qlamas\u0131nda Ekologiya v\u0259 T\u0259bii S\u0259rv\u0259tl\u0259r Nazirliyinin sektor m\u00fcdiri\u00a0<strong>Mehman N\u0259biyev<\/strong>deyib.<\/p>\n<p>Onun s\u00f6zl\u0259rin\u0259 g\u00f6r\u0259, \u00f6lk\u0259d\u0259 havan\u0131n \u00e7irkl\u0259nm\u0259sinin qar\u015f\u0131s\u0131n\u0131 almaq \u00fc\u00e7\u00fcn b\u00fct\u00fcn laz\u0131mi t\u0259dbirl\u0259r g\u00f6r\u00fcl\u00fcr.<\/p>\n<p>\u201cBuna baxmayaraq, avtomobil n\u0259qliyyat\u0131n\u0131n ekoloji probleml\u0259ri h\u0259l\u0259 d\u0259 aktual m\u0259s\u0259l\u0259 kimi qal\u0131r\u201d, &#8211; dey\u0259 o bildirib.<\/p>\n<p>Nazirlik r\u0259smisi bildirib ki, avtomobil n\u0259qliyyat\u0131n\u0131n s\u0131xl\u0131\u011f\u0131n\u0131n artmas\u0131 hava m\u00fchitinin v\u0259ziyy\u0259tini daha da pisl\u0259\u015fdirir.<\/p>\n<p>\u201cAvtomobill\u0259r \u0259traf m\u00fchitin \u00e7irkl\u0259nm\u0259sinin \u0259sas m\u0259nb\u0259l\u0259rind\u0259 biri olaraq qal\u0131r. \u018ffsuslar olsun ki, n\u0259qliyyat vasit\u0259l\u0259rinin say\u0131 g\u00fcnd\u0259n-g\u00fcn\u0259\u00a0art\u0131r\u201d, &#8211; M.N\u0259biyev deyib.oxu.az<\/p>\n","protected":false},"excerpt":{"rendered":"<p>Bak\u0131da havan\u0131n \u00e7irkl\u0259nm\u0259sinin \u0259n ba\u015fl\u0131ca s\u0259b\u0259bl\u0259rind\u0259n biri havan\u0131n t\u0259rkibind\u0259 karbon qaz\u0131n\u0131n artmas\u0131d\u0131r. \u00c7irkl\u0259nm\u0259nin 80 faizind\u0259n \u00e7oxu avtomobil n\u0259qliyyat\u0131n\u0131n pay\u0131na d\u00fc\u015f\u00fcr. ARANTV.AZ-\u0131n x\u0259b\u0259rin\u0259 g\u00f6r\u0259, bu bar\u0259d\u0259 jurnalistl\u0259r\u0259 a\u00e7\u0131qlamas\u0131nda Ekologiya v\u0259 T\u0259bii S\u0259rv\u0259tl\u0259r Nazirliyinin sektor m\u00fcdiri\u00a0Mehman N\u0259biyevdeyib. Onun s\u00f6zl\u0259rin\u0259 g\u00f6r\u0259, \u00f6lk\u0259d\u0259 havan\u0131n \u00e7irkl\u0259nm\u0259sinin qar\u015f\u0131s\u0131n\u0131 almaq \u00fc\u00e7\u00fcn b\u00fct\u00fcn laz\u0131mi t\u0259dbirl\u0259r g\u00f6r\u00fcl\u00fcr. \u201cBuna baxmayaraq, avtomobil n\u0259qliyyat\u0131n\u0131n ekoloji probleml\u0259ri h\u0259l\u0259 d\u0259 aktual m\u0259s\u0259l\u0259 kimi qal\u0131r\u201d, &#8211; dey\u0259 o bildirib. Nazirlik r\u0259smisi bildirib ki, avtomobil n\u0259qliyyat\u0131n\u0131n s\u0131xl\u0131\u011f\u0131n\u0131n artmas\u0131 hava m\u00fchitinin v\u0259ziyy\u0259tini daha da pisl\u0259\u015fdirir. \u201cAvtomobill\u0259r \u0259traf m\u00fchitin \u00e7irkl\u0259nm\u0259sinin \u0259sas m\u0259nb\u0259l\u0259rind\u0259 biri olaraq qal\u0131r. \u018ffsuslar olsun ki,&hellip;<\/p>\n","protected":false},"author":2,"featured_media":25381,"comment_status":"closed","ping_status":"closed","sticky":false,"template":"","format":"standard","meta":{"om_disable_all_campaigns":false,"_monsterinsights_skip_tracking":false,"_monsterinsights_sitenote_active":false,"_monsterinsights_sitenote_note":"","_monsterinsights_sitenote_category":0},"categories":[1],"tags":[],"aioseo_notices":[],"gutentor_comment":0,"rttpg_featured_image_url":{"full":["https:\/\/arantv.az\/wp-content\/uploads\/2018\/11\/nazirlik.jpg",620,411,false],"landscape":["https:\/\/arantv.az\/wp-content\/uploads\/2018\/11\/nazirlik.jpg",620,411,false],"portraits":["https:\/\/arantv.az\/wp-content\/uploads\/2018\/11\/nazirlik.jpg",620,411,false],"thumbnail":["https:\/\/arantv.az\/wp-content\/uploads\/2018\/11\/nazirlik-150x150.jpg",150,150,true],"medium":["https:\/\/arantv.az\/wp-content\/uploads\/2018\/11\/nazirlik-300x199.jpg",300,199,true],"large":["https:\/\/arantv.az\/wp-content\/uploads\/2018\/11\/nazirlik.jpg",620,411,false],"1536x1536":["https:\/\/arantv.az\/wp-content\/uploads\/2018\/11\/nazirlik.jpg",620,411,false],"2048x2048":["https:\/\/arantv.az\/wp-content\/uploads\/2018\/11\/nazirlik.jpg",620,411,false],"post-thumbnail":["https:\/\/arantv.az\/wp-content\/uploads\/2018\/11\/nazirlik-240x172.jpg",240,172,true],"advps-thumb-one":["https:\/\/arantv.az\/wp-content\/uploads\/2018\/11\/nazirlik.jpg",620,411,false]},"rttpg_author":{"display_name":"V\u00fcsal Rafiqo\u011flu","author_link":"https:\/\/arantv.az\/?author=2"},"rttpg_comment":0,"rttpg_category":"<a href=\"https:\/\/arantv.az\/?cat=1\" rel=\"category\">C\u0259miyy\u0259t<\/a>","rttpg_excerpt":"Bak\u0131da havan\u0131n \u00e7irkl\u0259nm\u0259sinin \u0259n ba\u015fl\u0131ca s\u0259b\u0259bl\u0259rind\u0259n biri havan\u0131n t\u0259rkibind\u0259 karbon qaz\u0131n\u0131n artmas\u0131d\u0131r. \u00c7irkl\u0259nm\u0259nin 80 faizind\u0259n \u00e7oxu avtomobil n\u0259qliyyat\u0131n\u0131n pay\u0131na d\u00fc\u015f\u00fcr. ARANTV.AZ-\u0131n x\u0259b\u0259rin\u0259 g\u00f6r\u0259, bu bar\u0259d\u0259 jurnalistl\u0259r\u0259 a\u00e7\u0131qlamas\u0131nda Ekologiya v\u0259 T\u0259bii S\u0259rv\u0259tl\u0259r Nazirliyinin sektor m\u00fcdiri\u00a0Mehman N\u0259biyevdeyib. Onun s\u00f6zl\u0259rin\u0259 g\u00f6r\u0259, \u00f6lk\u0259d\u0259 havan\u0131n \u00e7irkl\u0259nm\u0259sinin qar\u015f\u0131s\u0131n\u0131 almaq \u00fc\u00e7\u00fcn b\u00fct\u00fcn laz\u0131mi t\u0259dbirl\u0259r g\u00f6r\u00fcl\u00fcr. \u201cBuna baxmayaraq, avtomobil n\u0259qliyyat\u0131n\u0131n ekoloji probleml\u0259ri h\u0259l\u0259&hellip;","_links":{"self":[{"href":"https:\/\/arantv.az\/index.php?rest_route=\/wp\/v2\/posts\/25380"}],"collection":[{"href":"https:\/\/arantv.az\/index.php?rest_route=\/wp\/v2\/posts"}],"about":[{"href":"https:\/\/arantv.az\/index.php?rest_route=\/wp\/v2\/types\/post"}],"author":[{"embeddable":true,"href":"https:\/\/arantv.az\/index.php?rest_route=\/wp\/v2\/users\/2"}],"replies":[{"embeddable":true,"href":"https:\/\/arantv.az\/index.php?rest_route=%2Fwp%2Fv2%2Fcomments&post=25380"}],"version-history":[{"count":0,"href":"https:\/\/arantv.az\/index.php?rest_route=\/wp\/v2\/posts\/25380\/revisions"}],"wp:featuredmedia":[{"embeddable":true,"href":"https:\/\/arantv.az\/index.php?rest_route=\/wp\/v2\/media\/25381"}],"wp:attachment":[{"href":"https:\/\/arantv.az\/index.php?rest_route=%2Fwp%2Fv2%2Fmedia&parent=25380"}],"wp:term":[{"taxonomy":"category","embeddable":true,"href":"https:\/\/arantv.az\/index.php?rest_route=%2Fwp%2Fv2%2Fcategories&post=25380"},{"taxonomy":"post_tag","embeddable":true,"href":"https:\/\/arantv.az\/index.php?rest_route=%2Fwp%2Fv2%2Ftags&post=25380"}],"curies":[{"name":"wp","href":"https:\/\/api.w.org\/{rel}","templated":true}]}}