{"id":25396,"date":"2018-11-28T10:33:51","date_gmt":"2018-11-28T07:33:51","guid":{"rendered":"http:\/\/arantv.az\/?p=25396"},"modified":"2018-11-28T10:33:51","modified_gmt":"2018-11-28T07:33:51","slug":"bakida-futbolcu-bel%c9%99-avtosluq-etdi-video","status":"publish","type":"post","link":"https:\/\/arantv.az\/?p=25396","title":{"rendered":"Bak\u0131da futbol\u00e7u bel\u0259 avto\u015fluq etdi &#8211; V\u0130DEO"},"content":{"rendered":"<p>\u201cS\u0259bail\u201din uzun m\u00fcdd\u0259tdir z\u0259d\u0259li olan kapitan\u0131<strong>\u00a0Eltun Yaqublu<\/strong>\u00a0ya\u015f\u0131l meydandan k\u0259narda qalsa da, g\u00fcnd\u0259md\u0259n d\u00fc\u015fm\u00fcr.<\/p>\n<p><strong>ARANTV.AZ\u00a0<\/strong>Qafqazinfo-ya istinad\u0259n x\u0259b\u0259r verir ki, m\u00fcdafi\u0259\u00e7i bu d\u0259f\u0259 avto\u015fluq etm\u0259kl\u0259 g\u00fcnd\u0259m\u0259 g\u0259lib.<\/p>\n<p>Komanda yolda\u015f\u0131\u00a0<strong>A\u011fabala Ramazanov<\/strong>un toyundan sonra Yaqublu dostunun xo\u015f g\u00fcn\u00fcn\u00fc avto\u015fluqla qeyd edib.<\/p>\n<p>Hadis\u0259nin g\u00f6r\u00fcnt\u00fcl\u0259rini komanda yolda\u015flar\u0131ndan bir \u00e7oxu sosial \u015f\u0259b\u0259k\u0259l\u0259rd\u0259 payla\u015f\u0131b.<\/p>\n<div><iframe loading=\"lazy\" src=\"https:\/\/player.baku.tv\/embed\/5279?fbclid=IwAR37WrTUmd-QnmwHarrJlsT_bSild_c3VOZ_04AsjywAG8BqCo3Y6zEDCYY\" width=\"560\" height=\"315\" frameborder=\"0\" allowfullscreen=\"allowfullscreen\" data-mce-fragment=\"1\"><\/iframe><\/div>\n<p>&nbsp;<\/p>\n","protected":false},"excerpt":{"rendered":"<p>\u201cS\u0259bail\u201din uzun m\u00fcdd\u0259tdir z\u0259d\u0259li olan kapitan\u0131\u00a0Eltun Yaqublu\u00a0ya\u015f\u0131l meydandan k\u0259narda qalsa da, g\u00fcnd\u0259md\u0259n d\u00fc\u015fm\u00fcr. ARANTV.AZ\u00a0Qafqazinfo-ya istinad\u0259n x\u0259b\u0259r verir ki, m\u00fcdafi\u0259\u00e7i bu d\u0259f\u0259 avto\u015fluq etm\u0259kl\u0259 g\u00fcnd\u0259m\u0259 g\u0259lib. Komanda yolda\u015f\u0131\u00a0A\u011fabala Ramazanovun toyundan sonra Yaqublu dostunun xo\u015f g\u00fcn\u00fcn\u00fc avto\u015fluqla qeyd edib. Hadis\u0259nin g\u00f6r\u00fcnt\u00fcl\u0259rini komanda yolda\u015flar\u0131ndan bir \u00e7oxu sosial \u015f\u0259b\u0259k\u0259l\u0259rd\u0259 payla\u015f\u0131b. &nbsp;<\/p>\n","protected":false},"author":2,"featured_media":25397,"comment_status":"closed","ping_status":"closed","sticky":false,"template":"","format":"standard","meta":{"om_disable_all_campaigns":false,"_monsterinsights_skip_tracking":false,"_monsterinsights_sitenote_active":false,"_monsterinsights_sitenote_note":"","_monsterinsights_sitenote_category":0},"categories":[1],"tags":[],"aioseo_notices":[],"gutentor_comment":0,"rttpg_featured_image_url":{"full":["https:\/\/arantv.az\/wp-content\/uploads\/2018\/11\/46911398_303118576970232_2472643901014409216_n.jpg",620,389,false],"landscape":["https:\/\/arantv.az\/wp-content\/uploads\/2018\/11\/46911398_303118576970232_2472643901014409216_n.jpg",620,389,false],"portraits":["https:\/\/arantv.az\/wp-content\/uploads\/2018\/11\/46911398_303118576970232_2472643901014409216_n.jpg",620,389,false],"thumbnail":["https:\/\/arantv.az\/wp-content\/uploads\/2018\/11\/46911398_303118576970232_2472643901014409216_n-150x150.jpg",150,150,true],"medium":["https:\/\/arantv.az\/wp-content\/uploads\/2018\/11\/46911398_303118576970232_2472643901014409216_n-300x188.jpg",300,188,true],"large":["https:\/\/arantv.az\/wp-content\/uploads\/2018\/11\/46911398_303118576970232_2472643901014409216_n.jpg",620,389,false],"1536x1536":["https:\/\/arantv.az\/wp-content\/uploads\/2018\/11\/46911398_303118576970232_2472643901014409216_n.jpg",620,389,false],"2048x2048":["https:\/\/arantv.az\/wp-content\/uploads\/2018\/11\/46911398_303118576970232_2472643901014409216_n.jpg",620,389,false],"post-thumbnail":["https:\/\/arantv.az\/wp-content\/uploads\/2018\/11\/46911398_303118576970232_2472643901014409216_n-240x172.jpg",240,172,true],"advps-thumb-one":["https:\/\/arantv.az\/wp-content\/uploads\/2018\/11\/46911398_303118576970232_2472643901014409216_n.jpg",620,389,false]},"rttpg_author":{"display_name":"V\u00fcsal Rafiqo\u011flu","author_link":"https:\/\/arantv.az\/?author=2"},"rttpg_comment":0,"rttpg_category":"<a href=\"https:\/\/arantv.az\/?cat=1\" rel=\"category\">C\u0259miyy\u0259t<\/a>","rttpg_excerpt":"\u201cS\u0259bail\u201din uzun m\u00fcdd\u0259tdir z\u0259d\u0259li olan kapitan\u0131\u00a0Eltun Yaqublu\u00a0ya\u015f\u0131l meydandan k\u0259narda qalsa da, g\u00fcnd\u0259md\u0259n d\u00fc\u015fm\u00fcr. ARANTV.AZ\u00a0Qafqazinfo-ya istinad\u0259n x\u0259b\u0259r verir ki, m\u00fcdafi\u0259\u00e7i bu d\u0259f\u0259 avto\u015fluq etm\u0259kl\u0259 g\u00fcnd\u0259m\u0259 g\u0259lib. Komanda yolda\u015f\u0131\u00a0A\u011fabala Ramazanovun toyundan sonra Yaqublu dostunun xo\u015f g\u00fcn\u00fcn\u00fc avto\u015fluqla qeyd edib. Hadis\u0259nin g\u00f6r\u00fcnt\u00fcl\u0259rini komanda yolda\u015flar\u0131ndan bir \u00e7oxu sosial \u015f\u0259b\u0259k\u0259l\u0259rd\u0259 payla\u015f\u0131b. &nbsp;","_links":{"self":[{"href":"https:\/\/arantv.az\/index.php?rest_route=\/wp\/v2\/posts\/25396"}],"collection":[{"href":"https:\/\/arantv.az\/index.php?rest_route=\/wp\/v2\/posts"}],"about":[{"href":"https:\/\/arantv.az\/index.php?rest_route=\/wp\/v2\/types\/post"}],"author":[{"embeddable":true,"href":"https:\/\/arantv.az\/index.php?rest_route=\/wp\/v2\/users\/2"}],"replies":[{"embeddable":true,"href":"https:\/\/arantv.az\/index.php?rest_route=%2Fwp%2Fv2%2Fcomments&post=25396"}],"version-history":[{"count":0,"href":"https:\/\/arantv.az\/index.php?rest_route=\/wp\/v2\/posts\/25396\/revisions"}],"wp:featuredmedia":[{"embeddable":true,"href":"https:\/\/arantv.az\/index.php?rest_route=\/wp\/v2\/media\/25397"}],"wp:attachment":[{"href":"https:\/\/arantv.az\/index.php?rest_route=%2Fwp%2Fv2%2Fmedia&parent=25396"}],"wp:term":[{"taxonomy":"category","embeddable":true,"href":"https:\/\/arantv.az\/index.php?rest_route=%2Fwp%2Fv2%2Fcategories&post=25396"},{"taxonomy":"post_tag","embeddable":true,"href":"https:\/\/arantv.az\/index.php?rest_route=%2Fwp%2Fv2%2Ftags&post=25396"}],"curies":[{"name":"wp","href":"https:\/\/api.w.org\/{rel}","templated":true}]}}