{"id":25407,"date":"2018-11-28T10:39:02","date_gmt":"2018-11-28T07:39:02","guid":{"rendered":"http:\/\/arantv.az\/?p=25407"},"modified":"2018-11-28T10:39:02","modified_gmt":"2018-11-28T07:39:02","slug":"prezident-qazanilan-ugurlar-az%c9%99rbaycan-mu%c9%99lliminin-%c9%99m%c9%99yinin-b%c9%99hr%c9%99sidir","status":"publish","type":"post","link":"https:\/\/arantv.az\/?p=25407","title":{"rendered":"Prezident: Qazan\u0131lan u\u011furlar Az\u0259rbaycan m\u00fc\u0259lliminin \u0259m\u0259yinin b\u0259hr\u0259sidir"},"content":{"rendered":"<p>Az\u0259rbaycan prezidenti<strong>\u00a0\u0130lham \u018fliyev<\/strong>\u00a0Az\u0259rbaycan M\u00fc\u0259lliml\u0259rinin XV qurultay\u0131n\u0131n i\u015ftirak\u00e7\u0131lar\u0131na t\u0259brik m\u0259ktubu \u00fcnvanlay\u0131b.<\/p>\n<p><strong>ARANTV.AZ<\/strong>-\u0131n m\u0259lumat\u0131na g\u00f6r\u0259, m\u0259ktubu Prezident Administrasiyas\u0131n\u0131n Humanitar siyas\u0259t\u00a0 m\u0259s\u0259l\u0259l\u0259ri \u015f\u00f6b\u0259sinin m\u00fcdiri\u00a0<strong>F\u0259r\u0259h \u018fliyeva<\/strong>\u00a0oxuyub .<\/p>\n<p>\u201cH\u00f6rm\u0259tli qurultay i\u015ftirak\u00e7\u0131lar\u0131, \u0259ziz m\u00fc\u0259lliml\u0259r v\u0259 t\u0259hsil i\u015f\u00e7il\u0259ri. Sizi &#8211; Az\u0259rbaycan m\u00fc\u0259lliml\u0259rinin XV qurultay\u0131n\u0131n i\u015ftirak\u00e7\u0131lar\u0131n\u0131 s\u0259mimi salamlay\u0131r, \u00f6lk\u0259mizin b\u00fct\u00fcn t\u0259hsil i\u015f\u00e7il\u0259rin\u0259 \u0259n xo\u015f arzular\u0131m\u0131 bildirir, h\u0259r biriniz\u0259 \u00e7\u0259tin, \u015f\u0259r\u0259fli f\u0259aliyy\u0259tinizd\u0259 yeni nailiyy\u0259tl\u0259r arzu edir\u0259m.<\/p>\n<p>M\u00fc\u0259lliml\u0259rin bu ali m\u0259clisinin Az\u0259rbaycan Xalq C\u00fcmhuriyy\u0259tinin \u0259lam\u0259tdar 100 illik yubileyi il\u0259 bir vaxta t\u0259sad\u00fcf etm\u0259sinin r\u0259mzi m\u0259nas\u0131 var. \u00d6lk\u0259mizd\u0259 anadilli t\u0259hsil sistemind\u0259 t\u0259hsil quruculu\u011funun t\u0259m\u0259li m\u0259hz Xalq C\u00fcmhuriyy\u0259ti d\u00f6vr\u00fcnd\u0259 qoyulub. Xalq C\u00fcmhuriyy\u0259tinin varisi olan m\u00fcst\u0259qil Az\u0259rbaycan bu g\u00fcn dinamik inki\u015faf tempin\u0259 malik d\u00f6vl\u0259tl\u0259rd\u0259ndir. \u0130qtisadiyyat\u0131m\u0131z\u0131n t\u0259r\u0259qqisi \u00f6lk\u0259mizd\u0259 t\u0259hsilin inki\u015faf\u0131na da m\u00fcsb\u0259t t\u0259sirini g\u00f6st\u0259rib. Sosial siyas\u0259timizin \u0259sas prioritetl\u0259rind\u0259n biri \u00f6lk\u0259mizd\u0259 zaman\u0131n \u00e7a\u011f\u0131r\u0131\u015flar\u0131na cavab ver\u0259n v\u0259 beyn\u0259lxalq standartlara uy\u011fun milli t\u0259hsil sisteminin qurulmas\u0131d\u0131r. Bilik iqtisadiyyat\u0131na ke\u00e7id v\u0259 \u00f6lk\u0259nin modernl\u0259\u015fm\u0259si \u00fc\u00e7\u00fcn h\u0259lledici amil kimi insan kapital\u0131n\u0131n inki\u015faf\u0131n\u0131 t\u0259min ed\u0259c\u0259k \u201cAz\u0259rbaycan Respublikas\u0131nda t\u0259hsilin inki\u015faf\u0131 \u00fczr\u0259 D\u00f6vl\u0259t Strategiyas\u0131&#8221;n\u0131n icras\u0131na ba\u015flan\u0131lmas\u0131ndan be\u015f il ke\u00e7ir. Bu m\u00fcdd\u0259td\u0259 \u00f6lk\u0259mizd\u0259 m\u00fcasir t\u0259hsil quruculu\u011fu istiqam\u0259tind\u0259 u\u011furlu add\u0131mlar at\u0131l\u0131b. Az\u0259rbaycan t\u0259hsilinin d\u00fcnya t\u0259hsil sistemin\u0259 inteqrasiyas\u0131 s\u00fcr\u0259tl\u0259nib\u201d.<\/p>\n<p>Qeyd olunub ki, \u00fcmumi t\u0259hsild\u0259 yeni proqramlar\u0131n t\u0259tbiqi ba\u015fa \u00e7atd\u0131r\u0131l\u0131b, t\u0259drisd\u0259 m\u00fcasir texnologiya v\u0259 innovasiyalar\u0131n istifad\u0259si geni\u015fl\u0259nib, \u201c2007-2015-ci ill\u0259rd\u0259 Az\u0259rbaycan g\u0259ncl\u0259rinin xarici \u00f6lk\u0259l\u0259rd\u0259 t\u0259hsili \u00fczr\u0259 D\u00f6vl\u0259t Proqram\u0131&#8221; m\u00fcv\u0259ff\u0259qiyy\u0259tl\u0259 ba\u015fa \u00e7at\u0131b v\u0259 bu g\u00fcnl\u0259rd\u0259 yeni &#8211; \u201c2019-2023-c\u00fc ill\u0259r \u00fc\u00e7\u00fcn Az\u0259rbaycan Respublikas\u0131nda ali t\u0259hsil sisteminin beyn\u0259lxalq r\u0259qab\u0259tliliyinin art\u0131r\u0131lmas\u0131 \u00fczr\u0259 D\u00f6vl\u0259t Proqram\u0131\u201d q\u0259bul olunub:<\/p>\n<p>\u201cM\u00fc\u0259llim \u0259m\u0259yinin stimulla\u015fd\u0131r\u0131lmas\u0131 t\u0259dbirl\u0259ri n\u0259tic\u0259sind\u0259 c\u0259miyy\u0259timizd\u0259 m\u00fc\u0259llimin n\u00fcfuzu y\u00fcks\u0259lib, istedadl\u0131 g\u0259ncl\u0259rin m\u00fc\u0259llimlik pe\u015f\u0259sin\u0259 mara\u011f\u0131 \u0259h\u0259miyy\u0259tli d\u0259r\u0259c\u0259d\u0259 art\u0131b. Qazan\u0131lan u\u011furlar d\u00f6vl\u0259tin t\u0259hsil siyas\u0259tinin davaml\u0131 inki\u015faf\u0131na diqq\u0259t v\u0259 qay\u011f\u0131s\u0131n\u0131n t\u0259zah\u00fcr\u00fc, eyni zamanda Az\u0259rbaycan m\u00fc\u0259lliminin f\u0259dakar \u0259m\u0259yinin b\u0259hr\u0259sidir. Ali m\u0259clisinizin t\u0259hsil sah\u0259sind\u0259 \u00f6t\u0259n d\u00f6vr \u0259rzind\u0259ki f\u0259aliyy\u0259ti laz\u0131m\u0131nca d\u0259y\u0259rl\u0259ndir\u0259r\u0259k g\u0259l\u0259c\u0259k strateji h\u0259d\u0259fl\u0259ri d\u00fczg\u00fcn m\u00fc\u0259yy\u0259nl\u0259\u015fdir\u0259c\u0259yin\u0259 v\u0259 \u00f6lk\u0259nin intellektual potensial\u0131n\u0131n t\u0259hsilin inki\u015faf\u0131 m\u0259qs\u0259di \u0259traf\u0131nda s\u0259f\u0259rb\u0259r ed\u0259c\u0259yin\u0259 \u0259min\u0259m.<\/p>\n<p>\u0130nan\u0131ram ki, m\u00fc\u0259lliml\u0259rimiz bundan sonra da v\u0259zif\u0259l\u0259rinin \u00f6hd\u0259sind\u0259n layiqinc\u0259 g\u0259l\u0259c\u0259k, t\u0259hsilin b\u00fct\u00fcn pill\u0259l\u0259rind\u0259 keyfiyy\u0259tin y\u00fcks\u0259ldilm\u0259si, \u00f6lk\u0259d\u0259 m\u00fcasir t\u0259hsil sisteminin qurulmas\u0131 v\u0259 insan kapital\u0131n\u0131n formala\u015fmas\u0131na t\u00f6hf\u0259l\u0259r ver\u0259c\u0259k, g\u0259nc n\u0259sli v\u0259t\u0259np\u0259rv\u0259rlik, milli-m\u0259d\u0259ni irs\u0259 ba\u011fl\u0131 v\u0259 az\u0259rbaycan\u00e7\u0131l\u0131q m\u0259fkur\u0259si u\u011frunda yeti\u015fdir\u0259c\u0259k, y\u00fcks\u0259k pe\u015f\u0259karl\u0131\u011fa v\u0259 s\u0259ri\u015ft\u0259liy\u0259 malik, r\u0259qab\u0259t\u0259davaml\u0131 m\u00fct\u0259x\u0259ssisl\u0259r haz\u0131rlanmas\u0131 \u00fc\u00e7\u00fcn \u0259zml\u0259 \u00e7al\u0131\u015facaqlar\u201d, &#8211; dey\u0259 m\u0259ktubda bildirilir.oxu.az<\/p>\n","protected":false},"excerpt":{"rendered":"<p>Az\u0259rbaycan prezidenti\u00a0\u0130lham \u018fliyev\u00a0Az\u0259rbaycan M\u00fc\u0259lliml\u0259rinin XV qurultay\u0131n\u0131n i\u015ftirak\u00e7\u0131lar\u0131na t\u0259brik m\u0259ktubu \u00fcnvanlay\u0131b. ARANTV.AZ-\u0131n m\u0259lumat\u0131na g\u00f6r\u0259, m\u0259ktubu Prezident Administrasiyas\u0131n\u0131n Humanitar siyas\u0259t\u00a0 m\u0259s\u0259l\u0259l\u0259ri \u015f\u00f6b\u0259sinin m\u00fcdiri\u00a0F\u0259r\u0259h \u018fliyeva\u00a0oxuyub . \u201cH\u00f6rm\u0259tli qurultay i\u015ftirak\u00e7\u0131lar\u0131, \u0259ziz m\u00fc\u0259lliml\u0259r v\u0259 t\u0259hsil i\u015f\u00e7il\u0259ri. Sizi &#8211; Az\u0259rbaycan m\u00fc\u0259lliml\u0259rinin XV qurultay\u0131n\u0131n i\u015ftirak\u00e7\u0131lar\u0131n\u0131 s\u0259mimi salamlay\u0131r, \u00f6lk\u0259mizin b\u00fct\u00fcn t\u0259hsil i\u015f\u00e7il\u0259rin\u0259 \u0259n xo\u015f arzular\u0131m\u0131 bildirir, h\u0259r biriniz\u0259 \u00e7\u0259tin, \u015f\u0259r\u0259fli f\u0259aliyy\u0259tinizd\u0259 yeni nailiyy\u0259tl\u0259r arzu edir\u0259m. M\u00fc\u0259lliml\u0259rin bu ali m\u0259clisinin Az\u0259rbaycan Xalq C\u00fcmhuriyy\u0259tinin \u0259lam\u0259tdar 100 illik yubileyi il\u0259 bir vaxta t\u0259sad\u00fcf etm\u0259sinin r\u0259mzi m\u0259nas\u0131 var. \u00d6lk\u0259mizd\u0259 anadilli t\u0259hsil sistemind\u0259 t\u0259hsil quruculu\u011funun t\u0259m\u0259li m\u0259hz Xalq C\u00fcmhuriyy\u0259ti d\u00f6vr\u00fcnd\u0259 qoyulub. Xalq C\u00fcmhuriyy\u0259tinin&hellip;<\/p>\n","protected":false},"author":2,"featured_media":25408,"comment_status":"closed","ping_status":"closed","sticky":false,"template":"","format":"standard","meta":{"om_disable_all_campaigns":false,"_monsterinsights_skip_tracking":false,"_monsterinsights_sitenote_active":false,"_monsterinsights_sitenote_note":"","_monsterinsights_sitenote_category":0},"categories":[4],"tags":[],"aioseo_notices":[],"gutentor_comment":0,"rttpg_featured_image_url":{"full":["https:\/\/arantv.az\/wp-content\/uploads\/2018\/11\/15414304142784538043_1000x669-2.jpg",558,417,false],"landscape":["https:\/\/arantv.az\/wp-content\/uploads\/2018\/11\/15414304142784538043_1000x669-2.jpg",558,417,false],"portraits":["https:\/\/arantv.az\/wp-content\/uploads\/2018\/11\/15414304142784538043_1000x669-2.jpg",558,417,false],"thumbnail":["https:\/\/arantv.az\/wp-content\/uploads\/2018\/11\/15414304142784538043_1000x669-2-150x150.jpg",150,150,true],"medium":["https:\/\/arantv.az\/wp-content\/uploads\/2018\/11\/15414304142784538043_1000x669-2-300x224.jpg",300,224,true],"large":["https:\/\/arantv.az\/wp-content\/uploads\/2018\/11\/15414304142784538043_1000x669-2.jpg",558,417,false],"1536x1536":["https:\/\/arantv.az\/wp-content\/uploads\/2018\/11\/15414304142784538043_1000x669-2.jpg",558,417,false],"2048x2048":["https:\/\/arantv.az\/wp-content\/uploads\/2018\/11\/15414304142784538043_1000x669-2.jpg",558,417,false],"post-thumbnail":["https:\/\/arantv.az\/wp-content\/uploads\/2018\/11\/15414304142784538043_1000x669-2-240x172.jpg",240,172,true],"advps-thumb-one":["https:\/\/arantv.az\/wp-content\/uploads\/2018\/11\/15414304142784538043_1000x669-2.jpg",558,417,false]},"rttpg_author":{"display_name":"V\u00fcsal Rafiqo\u011flu","author_link":"https:\/\/arantv.az\/?author=2"},"rttpg_comment":0,"rttpg_category":"<a href=\"https:\/\/arantv.az\/?cat=4\" rel=\"category\">Siyas\u0259t<\/a>","rttpg_excerpt":"Az\u0259rbaycan prezidenti\u00a0\u0130lham \u018fliyev\u00a0Az\u0259rbaycan M\u00fc\u0259lliml\u0259rinin XV qurultay\u0131n\u0131n i\u015ftirak\u00e7\u0131lar\u0131na t\u0259brik m\u0259ktubu \u00fcnvanlay\u0131b. ARANTV.AZ-\u0131n m\u0259lumat\u0131na g\u00f6r\u0259, m\u0259ktubu Prezident Administrasiyas\u0131n\u0131n Humanitar siyas\u0259t\u00a0 m\u0259s\u0259l\u0259l\u0259ri \u015f\u00f6b\u0259sinin m\u00fcdiri\u00a0F\u0259r\u0259h \u018fliyeva\u00a0oxuyub . \u201cH\u00f6rm\u0259tli qurultay i\u015ftirak\u00e7\u0131lar\u0131, \u0259ziz m\u00fc\u0259lliml\u0259r v\u0259 t\u0259hsil i\u015f\u00e7il\u0259ri. Sizi &#8211; Az\u0259rbaycan m\u00fc\u0259lliml\u0259rinin XV qurultay\u0131n\u0131n i\u015ftirak\u00e7\u0131lar\u0131n\u0131 s\u0259mimi salamlay\u0131r, \u00f6lk\u0259mizin b\u00fct\u00fcn t\u0259hsil i\u015f\u00e7il\u0259rin\u0259 \u0259n xo\u015f arzular\u0131m\u0131 bildirir, h\u0259r biriniz\u0259 \u00e7\u0259tin, \u015f\u0259r\u0259fli f\u0259aliyy\u0259tinizd\u0259 yeni nailiyy\u0259tl\u0259r&hellip;","_links":{"self":[{"href":"https:\/\/arantv.az\/index.php?rest_route=\/wp\/v2\/posts\/25407"}],"collection":[{"href":"https:\/\/arantv.az\/index.php?rest_route=\/wp\/v2\/posts"}],"about":[{"href":"https:\/\/arantv.az\/index.php?rest_route=\/wp\/v2\/types\/post"}],"author":[{"embeddable":true,"href":"https:\/\/arantv.az\/index.php?rest_route=\/wp\/v2\/users\/2"}],"replies":[{"embeddable":true,"href":"https:\/\/arantv.az\/index.php?rest_route=%2Fwp%2Fv2%2Fcomments&post=25407"}],"version-history":[{"count":0,"href":"https:\/\/arantv.az\/index.php?rest_route=\/wp\/v2\/posts\/25407\/revisions"}],"wp:featuredmedia":[{"embeddable":true,"href":"https:\/\/arantv.az\/index.php?rest_route=\/wp\/v2\/media\/25408"}],"wp:attachment":[{"href":"https:\/\/arantv.az\/index.php?rest_route=%2Fwp%2Fv2%2Fmedia&parent=25407"}],"wp:term":[{"taxonomy":"category","embeddable":true,"href":"https:\/\/arantv.az\/index.php?rest_route=%2Fwp%2Fv2%2Fcategories&post=25407"},{"taxonomy":"post_tag","embeddable":true,"href":"https:\/\/arantv.az\/index.php?rest_route=%2Fwp%2Fv2%2Ftags&post=25407"}],"curies":[{"name":"wp","href":"https:\/\/api.w.org\/{rel}","templated":true}]}}