{"id":25422,"date":"2018-11-28T10:52:47","date_gmt":"2018-11-28T07:52:47","guid":{"rendered":"http:\/\/arantv.az\/?p=25422"},"modified":"2018-11-28T10:52:47","modified_gmt":"2018-11-28T07:52:47","slug":"ail%c9%99l%c9%99r-t%c9%99hsil-mu%c9%99ssis%c9%99l%c9%99rin%c9%99-maddi-yardim-etsin-mill%c9%99t-v%c9%99kilindin-t%c9%99klif","status":"publish","type":"post","link":"https:\/\/arantv.az\/?p=25422","title":{"rendered":"Ail\u0259l\u0259r t\u0259hsil m\u00fc\u0259ssis\u0259l\u0259rin\u0259 maddi yard\u0131m etsin &#8211; Mill\u0259t v\u0259kilind\u0131n T\u018fKL\u0130F"},"content":{"rendered":"<p><strong>T\u0259hsild\u0259 inki\u015faf \u00fc\u00e7\u00fcn t\u0259hsil ver\u0259nl\u0259rin keyfiyy\u0259tinin y\u00fcks\u0259ldilm\u0259sin\u0259 ehtiyac var. Bu m\u0259s\u0259l\u0259 T\u0259hsil Strategiyas\u0131nda da \u0259ks olunub.<\/strong><\/p>\n<p><b>ARANTV.AZ\u00a0<\/b>x\u0259b\u0259r verir ki, bunnu Milli M\u0259clisin vitse-spikeri Bahar Muradova Az\u0259rbaycan m\u00fc\u0259lliml\u0259rinin XV qurultay\u0131nda \u00e7\u0131x\u0131\u015f\u0131 zaman\u0131 deyib.<\/p>\n<p>B.Muradova bildirib ki, t\u0259hsild\u0259 inki\u015faf \u00fc\u00e7\u00fcn t\u0259hsilver\u0259nl\u0259rl\u0259 yana\u015f\u0131 ail\u0259nin, c\u0259miyy\u0259tin bu i\u015f\u0259 c\u0259lb edilm\u0259si m\u00fctl\u0259qdir: \u201c\u00d6vlad yeti\u015fdir\u0259n valideynl\u0259rin m\u00fcasirl\u0259\u015fm\u0259sin\u0259, h\u0259tta \u00f6vladlar\u0131 il\u0259 birlikd\u0259 t\u0259hsil almas\u0131na diqq\u0259t etm\u0259liyik\u201d.<\/p>\n<p>Milli M\u0259clisd\u0259 t\u0259hsil, elm sah\u0259sinin inki\u015faf\u0131 v\u0259 bu inki\u015fafa t\u0259minat ver\u0259n qanunlar\u0131n q\u0259buluna toxunan B.Muradova mill\u0259t v\u0259kill\u0259rinin bu m\u0259s\u0259l\u0259y\u0259 son d\u0259r\u0259c\u0259 h\u0259ssas yana\u015fd\u0131\u011f\u0131n\u0131 deyib: \u201cX\u00fcsus\u0259n, son \u00e7a\u011f\u0131r\u0131\u015f parlamentd\u0259 pe\u015f\u0259 m\u0259kt\u0259bl\u0259ri, orta \u00fcmumt\u0259hsil m\u0259kt\u0259bl\u0259ri, ali t\u0259hsil il\u0259 ba\u011fl\u0131 qanunvericilik aktlar\u0131na bir s\u0131ra d\u0259yi\u015fiklikl\u0259r edilib. Bu h\u0259m d\u0259 mill\u0259t v\u0259kill\u0259rinin t\u0259hsil sah\u0259sin\u0259 verdikl\u0259ri \u00f6n\u0259ml\u0259 ba\u011fl\u0131d\u0131r. \u00d6t\u0259n g\u00fcn Parlamentd\u0259 2019-cu il b\u00fcdc\u0259 layih\u0259si m\u00fczakir\u0259 edildi. Mill\u0259t v\u0259kill\u0259rinin \u00e7\u0131x\u0131\u015flar\u0131 bu sah\u0259y\u0259 ayr\u0131lan maliyy\u0259 v\u0259saitinin art\u0131r\u0131lmas\u0131na s\u0259b\u0259b olub. X\u00fcsus\u0259n d\u00f6vl\u0259t sifari\u015fi il\u0259 al\u0131i t\u0259hsil alanlar\u0131n x\u0259rcl\u0259ri art\u0131r\u0131l\u0131b. \u00c7\u00fcnki ola bilm\u0259z ki, \u00f6z\u0259l sah\u0259d\u0259 t\u0259hsil alanlar\u0131n say\u0131 d\u00f6vl\u0259t ali m\u0259kt\u0259bl\u0259rind\u0259 t\u0259hsil alanlardan \u00e7ox olsun\u201d.<\/p>\n<p>B.Muradova t\u0259hsil m\u00fc\u0259ssis\u0259l\u0259rin\u0259 ail\u0259l\u0259r t\u0259r\u0259find\u0259n maddi yard\u0131mlar\u0131n qanunil\u0259\u015fdirilm\u0259sini t\u0259klif edib: \u201cH\u0259r hans\u0131 imkanl\u0131 ail\u0259nin \u00f6vlad\u0131n\u0131n t\u0259hsil x\u0259rcl\u0259rin\u0259 maliyy\u0259 v\u0259saiti ay\u0131rmas\u0131nda q\u0259bah\u0259t yoxdur. Bunun qanunverici \u0259sas\u0131n\u0131 yaratmaq olar. \u0130mkanl\u0131 ail\u0259l\u0259rin t\u0259hsil sah\u0259sin\u0259 d\u0259st\u0259yinin olmas\u0131 t\u0259bii hald\u0131r. H\u0259r bir imkanl\u0131 valideyn \u00f6vlad\u0131n\u0131n t\u0259hsilin\u0259 v\u0259sait ay\u0131rmaq ist\u0259y\u0259r\u201d.publika.az<\/p>\n","protected":false},"excerpt":{"rendered":"<p>T\u0259hsild\u0259 inki\u015faf \u00fc\u00e7\u00fcn t\u0259hsil ver\u0259nl\u0259rin keyfiyy\u0259tinin y\u00fcks\u0259ldilm\u0259sin\u0259 ehtiyac var. Bu m\u0259s\u0259l\u0259 T\u0259hsil Strategiyas\u0131nda da \u0259ks olunub. ARANTV.AZ\u00a0x\u0259b\u0259r verir ki, bunnu Milli M\u0259clisin vitse-spikeri Bahar Muradova Az\u0259rbaycan m\u00fc\u0259lliml\u0259rinin XV qurultay\u0131nda \u00e7\u0131x\u0131\u015f\u0131 zaman\u0131 deyib. B.Muradova bildirib ki, t\u0259hsild\u0259 inki\u015faf \u00fc\u00e7\u00fcn t\u0259hsilver\u0259nl\u0259rl\u0259 yana\u015f\u0131 ail\u0259nin, c\u0259miyy\u0259tin bu i\u015f\u0259 c\u0259lb edilm\u0259si m\u00fctl\u0259qdir: \u201c\u00d6vlad yeti\u015fdir\u0259n valideynl\u0259rin m\u00fcasirl\u0259\u015fm\u0259sin\u0259, h\u0259tta \u00f6vladlar\u0131 il\u0259 birlikd\u0259 t\u0259hsil almas\u0131na diqq\u0259t etm\u0259liyik\u201d. Milli M\u0259clisd\u0259 t\u0259hsil, elm sah\u0259sinin inki\u015faf\u0131 v\u0259 bu inki\u015fafa t\u0259minat ver\u0259n qanunlar\u0131n q\u0259buluna toxunan B.Muradova mill\u0259t v\u0259kill\u0259rinin bu m\u0259s\u0259l\u0259y\u0259 son d\u0259r\u0259c\u0259 h\u0259ssas yana\u015fd\u0131\u011f\u0131n\u0131 deyib: \u201cX\u00fcsus\u0259n, son \u00e7a\u011f\u0131r\u0131\u015f parlamentd\u0259 pe\u015f\u0259 m\u0259kt\u0259bl\u0259ri, orta&hellip;<\/p>\n","protected":false},"author":2,"featured_media":25423,"comment_status":"closed","ping_status":"closed","sticky":false,"template":"","format":"standard","meta":{"om_disable_all_campaigns":false,"_monsterinsights_skip_tracking":false,"_monsterinsights_sitenote_active":false,"_monsterinsights_sitenote_note":"","_monsterinsights_sitenote_category":0},"categories":[1],"tags":[],"aioseo_notices":[],"gutentor_comment":0,"rttpg_featured_image_url":{"full":["https:\/\/arantv.az\/wp-content\/uploads\/2018\/11\/bahar.jpg",800,450,false],"landscape":["https:\/\/arantv.az\/wp-content\/uploads\/2018\/11\/bahar.jpg",800,450,false],"portraits":["https:\/\/arantv.az\/wp-content\/uploads\/2018\/11\/bahar.jpg",800,450,false],"thumbnail":["https:\/\/arantv.az\/wp-content\/uploads\/2018\/11\/bahar-150x150.jpg",150,150,true],"medium":["https:\/\/arantv.az\/wp-content\/uploads\/2018\/11\/bahar-300x169.jpg",300,169,true],"large":["https:\/\/arantv.az\/wp-content\/uploads\/2018\/11\/bahar.jpg",640,360,false],"1536x1536":["https:\/\/arantv.az\/wp-content\/uploads\/2018\/11\/bahar.jpg",800,450,false],"2048x2048":["https:\/\/arantv.az\/wp-content\/uploads\/2018\/11\/bahar.jpg",800,450,false],"post-thumbnail":["https:\/\/arantv.az\/wp-content\/uploads\/2018\/11\/bahar-240x172.jpg",240,172,true],"advps-thumb-one":["https:\/\/arantv.az\/wp-content\/uploads\/2018\/11\/bahar.jpg",800,450,false]},"rttpg_author":{"display_name":"V\u00fcsal Rafiqo\u011flu","author_link":"https:\/\/arantv.az\/?author=2"},"rttpg_comment":0,"rttpg_category":"<a href=\"https:\/\/arantv.az\/?cat=1\" rel=\"category\">C\u0259miyy\u0259t<\/a>","rttpg_excerpt":"T\u0259hsild\u0259 inki\u015faf \u00fc\u00e7\u00fcn t\u0259hsil ver\u0259nl\u0259rin keyfiyy\u0259tinin y\u00fcks\u0259ldilm\u0259sin\u0259 ehtiyac var. Bu m\u0259s\u0259l\u0259 T\u0259hsil Strategiyas\u0131nda da \u0259ks olunub. ARANTV.AZ\u00a0x\u0259b\u0259r verir ki, bunnu Milli M\u0259clisin vitse-spikeri Bahar Muradova Az\u0259rbaycan m\u00fc\u0259lliml\u0259rinin XV qurultay\u0131nda \u00e7\u0131x\u0131\u015f\u0131 zaman\u0131 deyib. B.Muradova bildirib ki, t\u0259hsild\u0259 inki\u015faf \u00fc\u00e7\u00fcn t\u0259hsilver\u0259nl\u0259rl\u0259 yana\u015f\u0131 ail\u0259nin, c\u0259miyy\u0259tin bu i\u015f\u0259 c\u0259lb edilm\u0259si m\u00fctl\u0259qdir: \u201c\u00d6vlad yeti\u015fdir\u0259n valideynl\u0259rin m\u00fcasirl\u0259\u015fm\u0259sin\u0259, h\u0259tta \u00f6vladlar\u0131 il\u0259 birlikd\u0259&hellip;","_links":{"self":[{"href":"https:\/\/arantv.az\/index.php?rest_route=\/wp\/v2\/posts\/25422"}],"collection":[{"href":"https:\/\/arantv.az\/index.php?rest_route=\/wp\/v2\/posts"}],"about":[{"href":"https:\/\/arantv.az\/index.php?rest_route=\/wp\/v2\/types\/post"}],"author":[{"embeddable":true,"href":"https:\/\/arantv.az\/index.php?rest_route=\/wp\/v2\/users\/2"}],"replies":[{"embeddable":true,"href":"https:\/\/arantv.az\/index.php?rest_route=%2Fwp%2Fv2%2Fcomments&post=25422"}],"version-history":[{"count":0,"href":"https:\/\/arantv.az\/index.php?rest_route=\/wp\/v2\/posts\/25422\/revisions"}],"wp:featuredmedia":[{"embeddable":true,"href":"https:\/\/arantv.az\/index.php?rest_route=\/wp\/v2\/media\/25423"}],"wp:attachment":[{"href":"https:\/\/arantv.az\/index.php?rest_route=%2Fwp%2Fv2%2Fmedia&parent=25422"}],"wp:term":[{"taxonomy":"category","embeddable":true,"href":"https:\/\/arantv.az\/index.php?rest_route=%2Fwp%2Fv2%2Fcategories&post=25422"},{"taxonomy":"post_tag","embeddable":true,"href":"https:\/\/arantv.az\/index.php?rest_route=%2Fwp%2Fv2%2Ftags&post=25422"}],"curies":[{"name":"wp","href":"https:\/\/api.w.org\/{rel}","templated":true}]}}