{"id":25436,"date":"2018-11-28T13:31:55","date_gmt":"2018-11-28T10:31:55","guid":{"rendered":"http:\/\/arantv.az\/?p=25436"},"modified":"2018-11-28T13:31:55","modified_gmt":"2018-11-28T10:31:55","slug":"yalli-unesco-nun-t%c9%99cili-qorunma-siyahisina-salindi-yenil%c9%99nib-video","status":"publish","type":"post","link":"https:\/\/arantv.az\/?p=25436","title":{"rendered":"\u201cYall\u0131\u201d UNESCO-nun T\u0259cili Qorunma Siyah\u0131s\u0131na sal\u0131nd\u0131 &#8211; YEN\u0130L\u018fN\u0130B + V\u0130DEO"},"content":{"rendered":"<p>Noyabr\u0131n 26-dan dekabr\u0131n 1-d\u0259k Mavriki Respublikas\u0131n\u0131n paytaxt\u0131 Port Luis \u015f\u0259h\u0259rind\u0259 ke\u00e7iril\u0259n YUNESKO-nun Qeyri-maddi m\u0259d\u0259ni irsin qorunmas\u0131 \u00fczr\u0259 H\u00f6kum\u0259tl\u0259raras\u0131 Komit\u0259sinin 13-c\u00fc sessiyas\u0131nda q\u0259bul edilmi\u015f q\u0259rarla \u201cYall\u0131 (K\u00f6\u00e7\u0259ri, T\u0259nz\u0259r\u0259), Nax\u00e7\u0131van\u0131n \u0259n\u0259n\u0259vi qrup r\u0259qsl\u0259ri\u201d YUNESKO-nun T\u0259cili Qorunma Siyah\u0131s\u0131na daxil edilib.<\/p>\n<p><strong>ARANTV.AZ<\/strong> x\u0259b\u0259r verir ki, bu bar\u0259d\u0259 M\u0259d\u0259niyy\u0259t v\u0259 Xarici \u0130\u015fl\u0259r nazirlikl\u0259rinin birg\u0259 yayd\u0131qlar\u0131 b\u0259yanatda bildirilib.<\/p>\n<p>Vur\u011fulan\u0131b ki, nominasiya s\u0259n\u0259di M\u0259d\u0259niyy\u0259t Nazirliyi, Xarici \u0130\u015fl\u0259r Nazirliyi v\u0259 Az\u0259rbaycan Respublikas\u0131n\u0131n YUNESKO yan\u0131nda Daimi N\u00fcmay\u0259nd\u0259liyinin birg\u0259 \u0259m\u0259kda\u015fl\u0131\u011f\u0131 il\u0259 t\u0259qdim edilib. Namiz\u0259dlik s\u0259n\u0259dinin m\u0259hz Nax\u00e7\u0131van ad\u0131 il\u0259 t\u0259qdim edilm\u0259sind\u0259 \u0259sas m\u0259qs\u0259d \u00f6lk\u0259nin q\u0259dim v\u0259 tarixi regionu olan Nax\u00e7\u0131vanda ya\u015fayan \u0259halinin \u0259n\u0259n\u0259vi m\u0259d\u0259niyy\u0259tin\u0259 v\u0259 xalq yarad\u0131c\u0131l\u0131\u011f\u0131na d\u00fcnya miqyas\u0131nda i\u015f\u0131q salmaq v\u0259 tan\u0131tmaq, eyni zamanda bu \u0259n\u0259n\u0259l\u0259ri YUNESKO s\u0259viyy\u0259sind\u0259 qorumaqd\u0131r.<\/p>\n<p>\u201cErm\u0259nistan\u0131n Az\u0259rbaycan\u0131n dig\u0259r m\u0259d\u0259ni irs namiz\u0259dl\u0259ri il\u0259 ba\u011fl\u0131 oldu\u011fu kimi, \u201cYall\u0131 (K\u00f6\u00e7\u0259ri, T\u0259nz\u0259r\u0259) Nax\u00e7\u0131van\u0131n \u0259n\u0259n\u0259vi qrup r\u0259qsl\u0259ri\u201d nominasiyas\u0131na qar\u015f\u0131 t\u0259xribat xarakterli c\u0259hdl\u0259rinin qar\u015f\u0131s\u0131 al\u0131n\u0131b, Az\u0259rbaycan Respublikas\u0131n\u0131n aidiyy\u0259ti d\u00f6vl\u0259t orqanlar\u0131 t\u0259r\u0259find\u0259n sessiyadan \u00f6nc\u0259 m\u00fcvafiq i\u015f apar\u0131lm\u0131\u015f v\u0259 \u00f6lk\u0259mizin n\u00fcmay\u0259nd\u0259 hey\u0259ti t\u0259r\u0259find\u0259n sessiya zaman\u0131 Erm\u0259nistan t\u0259r\u0259fin\u0259 layiqli cavab verilib.<\/p>\n<p>YUNESKO il\u0259 \u0259m\u0259kda\u015fl\u0131\u011f\u0131n inki\u015faf\u0131nda v\u0259 m\u0259d\u0259ni irsimizin qorunmas\u0131 v\u0259 d\u00fcnya miqyas\u0131nda t\u0259bli\u011find\u0259 m\u00fcst\u0259sna rolu olan Az\u0259rbaycan Respublikas\u0131n\u0131n Birinci vitse-prezidenti, Heyd\u0259r \u018fliyev Fondunun prezidenti, UNESCO-nun v\u0259 ISESCO-nun xo\u015fm\u0259raml\u0131 s\u0259firi xan\u0131m Mehriban \u018fliyevan\u0131n d\u0259st\u0259yi il\u0259 \u201cYall\u0131 (K\u00f6\u00e7\u0259ri, T\u0259nz\u0259r\u0259), Nax\u00e7\u0131van\u0131n \u0259n\u0259n\u0259vi qrup r\u0259qsl\u0259ri\u201d il\u0259 yana\u015f\u0131, haz\u0131rda kaman\u00e7a haz\u0131rlanmas\u0131 v\u0259 ifa\u00e7\u0131l\u0131q s\u0259n\u0259ti, dolma haz\u0131rlama v\u0259 payla\u015fma \u0259n\u0259n\u0259si, Az\u0259rbaycan mu\u011fam ifa\u00e7\u0131l\u0131\u011f\u0131, lava\u015f bi\u015firm\u0259 v\u0259 payla\u015fma \u0259n\u0259n\u0259si, Lah\u0131c misg\u0259rlik s\u0259n\u0259ti, a\u015f\u0131q s\u0259n\u0259ti, Novruz bayram\u0131, xal\u00e7a s\u0259n\u0259ti, tar ifa\u00e7\u0131l\u0131\u011f\u0131, k\u0259la\u011fay\u0131 s\u0259n\u0259ti UNESCO-nun Qeyri-Maddi M\u0259d\u0259ni \u0130rs \u00fczr\u0259 Reprezentativ Siyah\u0131s\u0131nda, h\u0259m\u00e7inin \u00c7ovqan &#8211; \u0259n\u0259n\u0259vi Qaraba\u011f at\u00fcst\u00fc oyunu is\u0259 UNESCO-nun t\u0259cili qorunmaya ehtiyac\u0131 olan qeyri-maddi m\u0259d\u0259ni irs siyah\u0131s\u0131nda yer al\u0131r\u201d, &#8211; b\u0259yanatda qeyd olunub.<\/p>\n<p><em><strong>12:47<\/strong><\/em><\/p>\n<p>Az\u0259rbaycan\u0131n Nax\u00e7\u0131van Muxtar Respublikas\u0131n\u0131n \u0259n\u0259n\u0259vi kollektiv r\u0259qsi olan \u201cYall\u0131\u201d (\u201cK\u00f6\u00e7\u0259ri\u201d, \u201cT\u0259nz\u0259r\u0259\u201d) bu g\u00fcn qorunmaya\u00a0t\u0259cili ehtiyac\u0131 olan qeyri-maddi m\u0259d\u0259ni irs siyah\u0131s\u0131na daxil edilib.<\/p>\n<p><strong>ARANTV.AZ\u00a0<\/strong>UNESCO-ya istinad\u0259n x\u0259b\u0259r verir ki, Az\u0259rbaycan\u0131n sifari\u015fin\u0259 Mavrikiyan\u0131n Port-Lui \u015f\u0259h\u0259rind\u0259 noyabr\u0131n 26-dan dekabr\u0131n 1-d\u0259k ke\u00e7iril\u0259n Qeyri-maddi m\u0259d\u0259ni irsin qorunmas\u0131 \u00fczr\u0259 h\u00f6kum\u0259tl\u0259raras\u0131 komit\u0259nin 13-c\u00fc iclas\u0131nda bax\u0131l\u0131b v\u0259 q\u0259bul edilib.<\/p>\n<p>Qeyri-m\u0259d\u0259ni irs siyah\u0131s\u0131na t\u0259cili qorunmaya ehtiyac\u0131 olan elementl\u0259r daxil edilib. Bu g\u00fcn bu siyah\u0131da 52 elementin ad\u0131 daxildir v\u0259 komit\u0259nin konvensiyas\u0131 i\u015ftirak\u00e7\u0131 \u00f6lk\u0259l\u0259r\u0259 z\u0259ruri olan irsin burada maraql\u0131 olan icmalar\u0131n i\u015ftirak\u0131 il\u0259 \u00f6t\u00fcr\u00fclm\u0259sin\u0259 imkan verir.<\/p>\n<p>Qeyri-m\u0259d\u0259ni irs siyah\u0131s\u0131na bundan \u0259vv\u0259l Qaraba\u011f atlar\u0131 \u00fcz\u0259rind\u0259 \u00e7\u00f6vk\u0259n oyunu daxil edilib.<\/p>\n<p>Qeyd ed\u0259k ki, bu, Az\u0259rbaycan\u0131n komit\u0259nin iclas\u0131 \u00e7\u0259r\u00e7iv\u0259sind\u0259 birinci nominasiyad\u0131r. Reprezentativ siyah\u0131ya daxil edilm\u0259si \u00fc\u00e7\u00fcn n\u00f6vb\u0259ti sifari\u015f Az\u0259rbaycan, Qazax\u0131stan v\u0259 T\u00fcrkiy\u0259 t\u0259r\u0259finin birg\u0259 t\u0259\u015f\u0259bb\u00fcs\u00fc il\u0259 \u201cD\u0259d\u0259 Qorqud irsi\u201d dastan\u0131 il\u0259 ba\u011fl\u0131d\u0131r. \u00dcmumilikd\u0259, b\u0259\u015f\u0259riyy\u0259tin qeyri-maddi m\u0259d\u0259ni irsinin reprezentativ siyah\u0131s\u0131na 40 sifari\u015f t\u0259qdim edilib.<\/p>\n<div><iframe loading=\"lazy\" src=\"https:\/\/player.baku.tv\/embed\/5258\" width=\"560\" height=\"315\" frameborder=\"0\" allowfullscreen=\"allowfullscreen\" data-mce-fragment=\"1\"><\/iframe><\/div>\n<p>&nbsp;<\/p>\n","protected":false},"excerpt":{"rendered":"<p>Noyabr\u0131n 26-dan dekabr\u0131n 1-d\u0259k Mavriki Respublikas\u0131n\u0131n paytaxt\u0131 Port Luis \u015f\u0259h\u0259rind\u0259 ke\u00e7iril\u0259n YUNESKO-nun Qeyri-maddi m\u0259d\u0259ni irsin qorunmas\u0131 \u00fczr\u0259 H\u00f6kum\u0259tl\u0259raras\u0131 Komit\u0259sinin 13-c\u00fc sessiyas\u0131nda q\u0259bul edilmi\u015f q\u0259rarla \u201cYall\u0131 (K\u00f6\u00e7\u0259ri, T\u0259nz\u0259r\u0259), Nax\u00e7\u0131van\u0131n \u0259n\u0259n\u0259vi qrup r\u0259qsl\u0259ri\u201d YUNESKO-nun T\u0259cili Qorunma Siyah\u0131s\u0131na daxil edilib. ARANTV.AZ x\u0259b\u0259r verir ki, bu bar\u0259d\u0259 M\u0259d\u0259niyy\u0259t v\u0259 Xarici \u0130\u015fl\u0259r nazirlikl\u0259rinin birg\u0259 yayd\u0131qlar\u0131 b\u0259yanatda bildirilib. Vur\u011fulan\u0131b ki, nominasiya s\u0259n\u0259di M\u0259d\u0259niyy\u0259t Nazirliyi, Xarici \u0130\u015fl\u0259r Nazirliyi v\u0259 Az\u0259rbaycan Respublikas\u0131n\u0131n YUNESKO yan\u0131nda Daimi N\u00fcmay\u0259nd\u0259liyinin birg\u0259 \u0259m\u0259kda\u015fl\u0131\u011f\u0131 il\u0259 t\u0259qdim edilib. Namiz\u0259dlik s\u0259n\u0259dinin m\u0259hz Nax\u00e7\u0131van ad\u0131 il\u0259 t\u0259qdim edilm\u0259sind\u0259 \u0259sas m\u0259qs\u0259d \u00f6lk\u0259nin q\u0259dim v\u0259 tarixi regionu olan Nax\u00e7\u0131vanda&hellip;<\/p>\n","protected":false},"author":2,"featured_media":25437,"comment_status":"closed","ping_status":"closed","sticky":false,"template":"","format":"standard","meta":{"om_disable_all_campaigns":false,"_monsterinsights_skip_tracking":false,"_monsterinsights_sitenote_active":false,"_monsterinsights_sitenote_note":"","_monsterinsights_sitenote_category":0},"categories":[1],"tags":[],"aioseo_notices":[],"gutentor_comment":0,"rttpg_featured_image_url":{"full":["https:\/\/arantv.az\/wp-content\/uploads\/2018\/11\/Mugham_Festival_2008.jpg",620,441,false],"landscape":["https:\/\/arantv.az\/wp-content\/uploads\/2018\/11\/Mugham_Festival_2008.jpg",620,441,false],"portraits":["https:\/\/arantv.az\/wp-content\/uploads\/2018\/11\/Mugham_Festival_2008.jpg",620,441,false],"thumbnail":["https:\/\/arantv.az\/wp-content\/uploads\/2018\/11\/Mugham_Festival_2008-150x150.jpg",150,150,true],"medium":["https:\/\/arantv.az\/wp-content\/uploads\/2018\/11\/Mugham_Festival_2008-300x213.jpg",300,213,true],"large":["https:\/\/arantv.az\/wp-content\/uploads\/2018\/11\/Mugham_Festival_2008.jpg",620,441,false],"1536x1536":["https:\/\/arantv.az\/wp-content\/uploads\/2018\/11\/Mugham_Festival_2008.jpg",620,441,false],"2048x2048":["https:\/\/arantv.az\/wp-content\/uploads\/2018\/11\/Mugham_Festival_2008.jpg",620,441,false],"post-thumbnail":["https:\/\/arantv.az\/wp-content\/uploads\/2018\/11\/Mugham_Festival_2008-240x172.jpg",240,172,true],"advps-thumb-one":["https:\/\/arantv.az\/wp-content\/uploads\/2018\/11\/Mugham_Festival_2008.jpg",620,441,false]},"rttpg_author":{"display_name":"V\u00fcsal Rafiqo\u011flu","author_link":"https:\/\/arantv.az\/?author=2"},"rttpg_comment":0,"rttpg_category":"<a href=\"https:\/\/arantv.az\/?cat=1\" rel=\"category\">C\u0259miyy\u0259t<\/a>","rttpg_excerpt":"Noyabr\u0131n 26-dan dekabr\u0131n 1-d\u0259k Mavriki Respublikas\u0131n\u0131n paytaxt\u0131 Port Luis \u015f\u0259h\u0259rind\u0259 ke\u00e7iril\u0259n YUNESKO-nun Qeyri-maddi m\u0259d\u0259ni irsin qorunmas\u0131 \u00fczr\u0259 H\u00f6kum\u0259tl\u0259raras\u0131 Komit\u0259sinin 13-c\u00fc sessiyas\u0131nda q\u0259bul edilmi\u015f q\u0259rarla \u201cYall\u0131 (K\u00f6\u00e7\u0259ri, T\u0259nz\u0259r\u0259), Nax\u00e7\u0131van\u0131n \u0259n\u0259n\u0259vi qrup r\u0259qsl\u0259ri\u201d YUNESKO-nun T\u0259cili Qorunma Siyah\u0131s\u0131na daxil edilib. ARANTV.AZ x\u0259b\u0259r verir ki, bu bar\u0259d\u0259 M\u0259d\u0259niyy\u0259t v\u0259 Xarici \u0130\u015fl\u0259r nazirlikl\u0259rinin birg\u0259 yayd\u0131qlar\u0131 b\u0259yanatda bildirilib. Vur\u011fulan\u0131b ki, nominasiya&hellip;","_links":{"self":[{"href":"https:\/\/arantv.az\/index.php?rest_route=\/wp\/v2\/posts\/25436"}],"collection":[{"href":"https:\/\/arantv.az\/index.php?rest_route=\/wp\/v2\/posts"}],"about":[{"href":"https:\/\/arantv.az\/index.php?rest_route=\/wp\/v2\/types\/post"}],"author":[{"embeddable":true,"href":"https:\/\/arantv.az\/index.php?rest_route=\/wp\/v2\/users\/2"}],"replies":[{"embeddable":true,"href":"https:\/\/arantv.az\/index.php?rest_route=%2Fwp%2Fv2%2Fcomments&post=25436"}],"version-history":[{"count":0,"href":"https:\/\/arantv.az\/index.php?rest_route=\/wp\/v2\/posts\/25436\/revisions"}],"wp:featuredmedia":[{"embeddable":true,"href":"https:\/\/arantv.az\/index.php?rest_route=\/wp\/v2\/media\/25437"}],"wp:attachment":[{"href":"https:\/\/arantv.az\/index.php?rest_route=%2Fwp%2Fv2%2Fmedia&parent=25436"}],"wp:term":[{"taxonomy":"category","embeddable":true,"href":"https:\/\/arantv.az\/index.php?rest_route=%2Fwp%2Fv2%2Fcategories&post=25436"},{"taxonomy":"post_tag","embeddable":true,"href":"https:\/\/arantv.az\/index.php?rest_route=%2Fwp%2Fv2%2Ftags&post=25436"}],"curies":[{"name":"wp","href":"https:\/\/api.w.org\/{rel}","templated":true}]}}