{"id":25439,"date":"2018-11-28T13:33:02","date_gmt":"2018-11-28T10:33:02","guid":{"rendered":"http:\/\/arantv.az\/?p=25439"},"modified":"2018-11-28T13:33:02","modified_gmt":"2018-11-28T10:33:02","slug":"kadirovun-ilham-%c9%99liyevl%c9%99-s%c9%99mimi-gorusu-video","status":"publish","type":"post","link":"https:\/\/arantv.az\/?p=25439","title":{"rendered":"Kad\u0131rovun \u0130lham \u018fliyevl\u0259 s\u0259mimi g\u00f6r\u00fc\u015f\u00fc &#8211; V\u0130DEO"},"content":{"rendered":"<p>X\u0259b\u0259r verdiyimiz kimi, noyabr\u0131n 27-d\u0259 \u00c7e\u00e7enistan r\u0259hb\u0259ri\u00a0<strong>Ramzan Kad\u0131rov\u00a0<\/strong>Az\u0259rbaycana s\u0259f\u0259r edib.<\/p>\n<p><strong>ARANTV.AZ<\/strong>-\u0131n x\u0259b\u0259rin\u0259 g\u00f6r\u0259, s\u0259f\u0259r \u00e7\u0259r\u00e7iv\u0259sind\u0259 R.Kad\u0131rov Az\u0259rbaycan prezidenti\u00a0<strong>\u0130lham \u018fliyev<\/strong>l\u0259 g\u00f6r\u00fc\u015f\u00fcb.<\/p>\n<p>\u00c7e\u00e7enistan r\u0259hb\u0259ri\u00a0\u201cYouTube\u201d portal\u0131nda Az\u0259rbaycana s\u0259f\u0259rin\u0259 dair t\u0259\u0259ss\u00fcratlar\u0131 il\u0259 ba\u011fl\u0131 video payla\u015f\u0131b.<\/p>\n<p>\u201cM\u0259n \u00e7\u0259r\u015f\u0259nb\u0259 ax\u015fam\u0131 Bak\u0131ya s\u0259f\u0259r etdim v\u0259 \u0259ziz qarda\u015f\u0131m, Az\u0259rbaycan prezidenti \u0130lham \u018fliyevl\u0259 g\u00f6r\u00fc\u015fd\u00fcm. Bizim \u00e7ox isti v\u0259 s\u0259mimi s\u00f6hb\u0259timiz oldu\u201d, &#8211; dey\u0259 R.Kad\u0131rov videoya \u015f\u0259rhd\u0259 bildirib.<\/p>\n<p>R.Kad\u0131rov Az\u0259rbaycan prezidenti \u0130lham \u018fliyevin \u00c7e\u00e7enistana s\u0259f\u0259r etm\u0259k t\u0259klifini q\u0259bul etm\u0259sini xat\u0131rlad\u0131b v\u0259 bundan m\u0259mnun oldu\u011funu qeyd edib.<\/p>\n<div>\n<div><iframe loading=\"lazy\" src=\"https:\/\/player.baku.tv\/embed\/5285\" width=\"560\" height=\"315\" frameborder=\"0\" allowfullscreen=\"allowfullscreen\" data-mce-fragment=\"1\"><\/iframe><\/div>\n<\/div>\n<div><b>oxu.az<\/b><\/div>\n","protected":false},"excerpt":{"rendered":"<p>X\u0259b\u0259r verdiyimiz kimi, noyabr\u0131n 27-d\u0259 \u00c7e\u00e7enistan r\u0259hb\u0259ri\u00a0Ramzan Kad\u0131rov\u00a0Az\u0259rbaycana s\u0259f\u0259r edib. ARANTV.AZ-\u0131n x\u0259b\u0259rin\u0259 g\u00f6r\u0259, s\u0259f\u0259r \u00e7\u0259r\u00e7iv\u0259sind\u0259 R.Kad\u0131rov Az\u0259rbaycan prezidenti\u00a0\u0130lham \u018fliyevl\u0259 g\u00f6r\u00fc\u015f\u00fcb. \u00c7e\u00e7enistan r\u0259hb\u0259ri\u00a0\u201cYouTube\u201d portal\u0131nda Az\u0259rbaycana s\u0259f\u0259rin\u0259 dair t\u0259\u0259ss\u00fcratlar\u0131 il\u0259 ba\u011fl\u0131 video payla\u015f\u0131b. \u201cM\u0259n \u00e7\u0259r\u015f\u0259nb\u0259 ax\u015fam\u0131 Bak\u0131ya s\u0259f\u0259r etdim v\u0259 \u0259ziz qarda\u015f\u0131m, Az\u0259rbaycan prezidenti \u0130lham \u018fliyevl\u0259 g\u00f6r\u00fc\u015fd\u00fcm. Bizim \u00e7ox isti v\u0259 s\u0259mimi s\u00f6hb\u0259timiz oldu\u201d, &#8211; dey\u0259 R.Kad\u0131rov videoya \u015f\u0259rhd\u0259 bildirib. R.Kad\u0131rov Az\u0259rbaycan prezidenti \u0130lham \u018fliyevin \u00c7e\u00e7enistana s\u0259f\u0259r etm\u0259k t\u0259klifini q\u0259bul etm\u0259sini xat\u0131rlad\u0131b v\u0259 bundan m\u0259mnun oldu\u011funu qeyd edib. oxu.az<\/p>\n","protected":false},"author":2,"featured_media":25440,"comment_status":"closed","ping_status":"closed","sticky":false,"template":"","format":"standard","meta":{"om_disable_all_campaigns":false,"_monsterinsights_skip_tracking":false,"_monsterinsights_sitenote_active":false,"_monsterinsights_sitenote_note":"","_monsterinsights_sitenote_category":0},"categories":[4],"tags":[],"aioseo_notices":[],"gutentor_comment":0,"rttpg_featured_image_url":{"full":["https:\/\/arantv.az\/wp-content\/uploads\/2018\/11\/15433240221387554596_1000x669.jpg",620,396,false],"landscape":["https:\/\/arantv.az\/wp-content\/uploads\/2018\/11\/15433240221387554596_1000x669.jpg",620,396,false],"portraits":["https:\/\/arantv.az\/wp-content\/uploads\/2018\/11\/15433240221387554596_1000x669.jpg",620,396,false],"thumbnail":["https:\/\/arantv.az\/wp-content\/uploads\/2018\/11\/15433240221387554596_1000x669-150x150.jpg",150,150,true],"medium":["https:\/\/arantv.az\/wp-content\/uploads\/2018\/11\/15433240221387554596_1000x669-300x192.jpg",300,192,true],"large":["https:\/\/arantv.az\/wp-content\/uploads\/2018\/11\/15433240221387554596_1000x669.jpg",620,396,false],"1536x1536":["https:\/\/arantv.az\/wp-content\/uploads\/2018\/11\/15433240221387554596_1000x669.jpg",620,396,false],"2048x2048":["https:\/\/arantv.az\/wp-content\/uploads\/2018\/11\/15433240221387554596_1000x669.jpg",620,396,false],"post-thumbnail":["https:\/\/arantv.az\/wp-content\/uploads\/2018\/11\/15433240221387554596_1000x669-240x172.jpg",240,172,true],"advps-thumb-one":["https:\/\/arantv.az\/wp-content\/uploads\/2018\/11\/15433240221387554596_1000x669.jpg",620,396,false]},"rttpg_author":{"display_name":"V\u00fcsal Rafiqo\u011flu","author_link":"https:\/\/arantv.az\/?author=2"},"rttpg_comment":0,"rttpg_category":"<a href=\"https:\/\/arantv.az\/?cat=4\" rel=\"category\">Siyas\u0259t<\/a>","rttpg_excerpt":"X\u0259b\u0259r verdiyimiz kimi, noyabr\u0131n 27-d\u0259 \u00c7e\u00e7enistan r\u0259hb\u0259ri\u00a0Ramzan Kad\u0131rov\u00a0Az\u0259rbaycana s\u0259f\u0259r edib. ARANTV.AZ-\u0131n x\u0259b\u0259rin\u0259 g\u00f6r\u0259, s\u0259f\u0259r \u00e7\u0259r\u00e7iv\u0259sind\u0259 R.Kad\u0131rov Az\u0259rbaycan prezidenti\u00a0\u0130lham \u018fliyevl\u0259 g\u00f6r\u00fc\u015f\u00fcb. \u00c7e\u00e7enistan r\u0259hb\u0259ri\u00a0\u201cYouTube\u201d portal\u0131nda Az\u0259rbaycana s\u0259f\u0259rin\u0259 dair t\u0259\u0259ss\u00fcratlar\u0131 il\u0259 ba\u011fl\u0131 video payla\u015f\u0131b. \u201cM\u0259n \u00e7\u0259r\u015f\u0259nb\u0259 ax\u015fam\u0131 Bak\u0131ya s\u0259f\u0259r etdim v\u0259 \u0259ziz qarda\u015f\u0131m, Az\u0259rbaycan prezidenti \u0130lham \u018fliyevl\u0259 g\u00f6r\u00fc\u015fd\u00fcm. Bizim \u00e7ox isti v\u0259 s\u0259mimi s\u00f6hb\u0259timiz oldu\u201d, &#8211; dey\u0259 R.Kad\u0131rov&hellip;","_links":{"self":[{"href":"https:\/\/arantv.az\/index.php?rest_route=\/wp\/v2\/posts\/25439"}],"collection":[{"href":"https:\/\/arantv.az\/index.php?rest_route=\/wp\/v2\/posts"}],"about":[{"href":"https:\/\/arantv.az\/index.php?rest_route=\/wp\/v2\/types\/post"}],"author":[{"embeddable":true,"href":"https:\/\/arantv.az\/index.php?rest_route=\/wp\/v2\/users\/2"}],"replies":[{"embeddable":true,"href":"https:\/\/arantv.az\/index.php?rest_route=%2Fwp%2Fv2%2Fcomments&post=25439"}],"version-history":[{"count":0,"href":"https:\/\/arantv.az\/index.php?rest_route=\/wp\/v2\/posts\/25439\/revisions"}],"wp:featuredmedia":[{"embeddable":true,"href":"https:\/\/arantv.az\/index.php?rest_route=\/wp\/v2\/media\/25440"}],"wp:attachment":[{"href":"https:\/\/arantv.az\/index.php?rest_route=%2Fwp%2Fv2%2Fmedia&parent=25439"}],"wp:term":[{"taxonomy":"category","embeddable":true,"href":"https:\/\/arantv.az\/index.php?rest_route=%2Fwp%2Fv2%2Fcategories&post=25439"},{"taxonomy":"post_tag","embeddable":true,"href":"https:\/\/arantv.az\/index.php?rest_route=%2Fwp%2Fv2%2Ftags&post=25439"}],"curies":[{"name":"wp","href":"https:\/\/api.w.org\/{rel}","templated":true}]}}