{"id":25442,"date":"2018-11-28T13:36:00","date_gmt":"2018-11-28T10:36:00","guid":{"rendered":"http:\/\/arantv.az\/?p=25442"},"modified":"2018-11-28T13:36:00","modified_gmt":"2018-11-28T10:36:00","slug":"az%c9%99rbaycan-mu%c9%99lliml%c9%99rinin-xv-qurultayi-oz-isin%c9%99-baslayib","status":"publish","type":"post","link":"https:\/\/arantv.az\/?p=25442","title":{"rendered":"Az\u0259rbaycan m\u00fc\u0259lliml\u0259rinin XV qurultay\u0131 \u00f6z i\u015fin\u0259 ba\u015flay\u0131b"},"content":{"rendered":"<p><strong>ARANTV.AZ\u00a0<\/strong> x\u0259b\u0259r verir ki, noyabr\u0131n 28-d\u0259 Bak\u0131 Konqres M\u0259rk\u0259zind\u0259 Az\u0259rbaycan m\u00fc\u0259lliml\u0259rinin XV qurultay\u0131 \u00f6z i\u015fin\u0259 ba\u015flay\u0131b.<\/p>\n<p>Qurultay i\u015ftirak\u00e7\u0131lar\u0131 \u0259vv\u0259lc\u0259 F\u0259xri xiyabana ged\u0259r\u0259k \u00fcmummilli lider Heyd\u0259r \u018fliyevin xatir\u0259sini an\u0131b, m\u0259zar\u0131 \u00f6n\u00fcn\u0259 g\u00fcl d\u0259st\u0259l\u0259ri qoyublar.<\/p>\n<p>G\u00f6rk\u0259mli oftalmoloq-alim, akademik Z\u0259rif\u0259 xan\u0131m \u018fliyevan\u0131n m\u0259zar\u0131 \u00fcst\u00fcn\u0259 d\u0259 t\u0259r g\u00fcll\u0259r d\u00fcz\u00fcl\u00fcb.<\/p>\n<p>Sonra \u015e\u0259hidl\u0259r xiyaban\u0131nda Az\u0259rbaycan\u0131n m\u00fcst\u0259qilliyi v\u0259 \u0259razi b\u00fct\u00f6vl\u00fcy\u00fc u\u011frunda m\u00fcbariz\u0259d\u0259 \u015f\u0259hid olanlar\u0131n xatir\u0259si an\u0131l\u0131b, m\u0259zarlar\u0131 \u00fcz\u0259rin\u0259 g\u00fcll\u0259r qoyulub.<\/p>\n<p>Qurultay Az\u0259rbaycan Respublikas\u0131n\u0131n d\u00f6vl\u0259t himninin oxunmas\u0131 il\u0259 ba\u015flay\u0131b.<\/p>\n<p>T\u0259dbir i\u015ftirak\u00e7\u0131lar\u0131 \u00fcmummilli lider Heyd\u0259r \u018fliyevin, V\u0259t\u0259nimizin m\u00fcst\u0259qilliyi u\u011frunda canlar\u0131ndan ke\u00e7mi\u015f \u015f\u0259hidl\u0259rin v\u0259 Az\u0259rbaycan m\u00fc\u0259lliml\u0259rinin XIV qurultay\u0131ndan \u00f6t\u0259n d\u00f6vr \u0259rzind\u0259 v\u0259fat etmi\u015f t\u0259hsil i\u015f\u00e7il\u0259rinin \u0259ziz xatir\u0259l\u0259rini bir d\u0259qiq\u0259lik s\u00fckutla yad edibl\u0259r.<\/p>\n<p>XV qurultayda Prezident Administrasiyas\u0131n\u0131n r\u0259hb\u0259ri, akademik Ramiz Mehdiyev, Ba\u015f nazirin m\u00fcavini \u018fli \u018fhm\u0259dov, Milli M\u0259clis s\u0259drinin m\u00fcavini Bahar Muradova, d\u00f6vl\u0259t v\u0259 h\u00f6kum\u0259t n\u00fcmay\u0259nd\u0259l\u0259ri, deputatlar, elm xadiml\u0259ri v\u0259 t\u0259hsil ictimaiyy\u0259tinin n\u00fcmay\u0259nd\u0259l\u0259ri i\u015ftirak edirl\u0259r.<\/p>\n<p>Az\u0259rbaycan Respublikas\u0131n\u0131n Prezidenti \u0130lham \u018fliyevin qurultay i\u015ftirak\u00e7\u0131lar\u0131na t\u0259brik m\u0259ktubunu Prezident Administrasiyas\u0131n\u0131n humanitar siyas\u0259t m\u0259s\u0259l\u0259l\u0259ri \u015f\u00f6b\u0259sinin m\u00fcdiri F\u0259r\u0259h \u018fliyeva oxudu.<\/p>\n<p>T\u0259hsil naziri Ceyhun Bayramov i\u015ftirak\u00e7\u0131lar\u0131 salamlayaraq Az\u0259rbaycan m\u00fc\u0259lliml\u0259rinin XV qurultay\u0131n\u0131n i\u015fin\u0259 u\u011furlar arzulad\u0131.<\/p>\n<p>Hesabat m\u0259ruz\u0259si il\u0259 \u00e7\u0131x\u0131\u015f ed\u0259n Ceyhun Bayramov \u0259sas\u0131n\u0131 \u00fcmummilli lider Heyd\u0259r \u018fliyevin qoydu\u011fu t\u0259hsil islahatlar\u0131n\u0131n bu g\u00fcn Prezident \u0130lham \u018fliyev t\u0259r\u0259find\u0259n u\u011furla davam etdirildiyini vur\u011fulad\u0131. Nazir bildirdi ki, &#8220;Az\u0259rbaycan Respublikas\u0131nda t\u0259hsilin inki\u015faf\u0131 \u00fczr\u0259 D\u00f6vl\u0259t Strategiyas\u0131&#8221;n\u0131n q\u0259bulundan \u00f6t\u0259n 5 il \u0259rzind\u0259 \u00f6lk\u0259mizd\u0259 t\u0259hsil sah\u0259sind\u0259 m\u00fcsb\u0259t dinamika m\u00fc\u015fahid\u0259 olunub, bir s\u0131ra \u0259sasl\u0131 nailiyy\u0259tl\u0259r \u0259ld\u0259 edilib. Cari il \u00fc\u00e7\u00fcn &#8220;Qlobal R\u0259qab\u0259tlilik Hesabat\u0131&#8221;nda Az\u0259rbaycan 140 \u00f6lk\u0259 aras\u0131nda 69-cu yerd\u0259 q\u0259rarla\u015f\u0131b, \u00f6lk\u0259mizin m\u00f6vqeyi 12 indikatordan 9-u \u00fczr\u0259 yax\u015f\u0131la\u015f\u0131b. H\u0259m\u00e7inin t\u0259hsil indikatorlar\u0131 \u00fczr\u0259 ciddi ir\u0259lil\u0259yi\u015f\u0259 nail olunub, Az\u0259rbaycan\u0131n g\u00f6st\u0259ricil\u0259ri d\u00fcnyan\u0131n bir s\u0131ra inki\u015faf etmi\u015f \u00f6lk\u0259l\u0259rinin g\u00f6st\u0259ricil\u0259rind\u0259n d\u0259 y\u00fcks\u0259k olub. Bel\u0259 ki, t\u0259hsilin k\u0259miyy\u0259t v\u0259 keyfiyy\u0259t parametrl\u0259rin\u0259 \u0259saslanan bacar\u0131qlar indeksi \u00fczr\u0259 \u00f6lk\u0259miz \u00fcmumilikd\u0259 54-c\u00fc yer\u0259, bu kateqoriyan\u0131n t\u0259rkib hiss\u0259si olan r\u0259q\u0259msal bacar\u0131qlar \u00fczr\u0259 15-ci, t\u0259drisd\u0259 t\u0259nqidi d\u00fc\u015f\u00fcnc\u0259 \u00fczr\u0259 27-ci, bacar\u0131ql\u0131 i\u015f\u00e7il\u0259r tapmaq asanl\u0131\u011f\u0131 \u00fczr\u0259 31-ci, m\u0259zunlar\u0131n bacar\u0131qlar\u0131 \u00fczr\u0259 32-ci, ibtidai t\u0259hsild\u0259 m\u00fc\u0259llim-\u015fagird nisb\u0259ti \u00fczr\u0259 48-ci yer\u0259 y\u00fcks\u0259lib.<\/p>\n<p>H\u0259yata ke\u00e7iril\u0259n islahatlar n\u0259tic\u0259sind\u0259 \u00f6lk\u0259d\u0259 m\u00fc\u0259llim pe\u015f\u0259sinin n\u00fcfuzunun daha da artd\u0131\u011f\u0131n\u0131 dey\u0259n nazir \u00f6t\u0259n ill\u0259r \u0259rzind\u0259 m\u00fc\u0259llimlik \u00fczr\u0259 m\u00fcraci\u0259t ed\u0259nl\u0259rin say\u0131nda 3 d\u0259f\u0259y\u0259 yax\u0131n art\u0131m qeyd\u0259 al\u0131nd\u0131\u011f\u0131n\u0131 diqq\u0259t\u0259 \u00e7atd\u0131rd\u0131. Son 5 ild\u0259 18 min 136 m\u00fc\u0259llim i\u015f\u0259 q\u0259bul olunub, k\u0259nd m\u0259kt\u0259bl\u0259rind\u0259 f\u0259aliyy\u0259t\u0259 ba\u015flam\u0131\u015f 11 min 600 n\u0259f\u0259r\u0259 h\u0259v\u0259sl\u0259ndirm\u0259 t\u0259dbirl\u0259ri t\u0259tbiq edilib.<\/p>\n<p>Nazir bildirdi ki, q\u0259bul imtahanlar\u0131nda 500 v\u0259 daha art\u0131q bal toplayan m\u0259zunlar aras\u0131nda m\u00fc\u0259llim ixtisas\u0131n\u0131 se\u00e7\u0259nl\u0259rin say\u0131 2090 n\u0259f\u0259r\u0259 \u00e7at\u0131b, bu is\u0259 2014-c\u00fc ill\u0259 m\u00fcqayis\u0259d\u0259 2,3 d\u0259f\u0259 art\u0131m dem\u0259kdir. \u00dcmumi t\u0259hsil sistemind\u0259 \u00e7al\u0131\u015fan 142 mind\u0259n \u00e7ox m\u00fc\u0259llimin diaqnostik qiym\u0259tl\u0259ndirilm\u0259si ba\u015fa \u00e7atd\u0131r\u0131l\u0131b, onlar\u0131n h\u0259ft\u0259lik d\u0259rs y\u00fck\u00fc 1,5 d\u0259f\u0259, v\u0259zif\u0259 maa\u015f\u0131 2 d\u0259f\u0259 art\u0131r\u0131l\u0131b.<\/p>\n<p>Son 5 ild\u0259 \u00f6lk\u0259d\u0259 500-d\u0259n \u00e7ox, 2003-2018-ci ill\u0259r \u0259rzind\u0259 is\u0259 3500-d\u0259k m\u0259kt\u0259b binas\u0131n\u0131n tikildiyini v\u0259 ya \u0259sasl\u0131 t\u0259mir olundu\u011funu qeyd ed\u0259n nazir bunun n\u0259tic\u0259sind\u0259 1 milyondan \u00e7ox \u015fagirdin t\u0259lim \u015f\u0259raitinin \u0259h\u0259miyy\u0259tli \u015f\u0259kild\u0259 yax\u015f\u0131la\u015fd\u0131r\u0131ld\u0131\u011f\u0131n\u0131 vur\u011fulad\u0131.<\/p>\n<p>T\u0259dbird\u0259 \u00e7\u0131x\u0131\u015f ed\u0259n Ba\u015f nazirin m\u00fcavini \u018fli \u018fhm\u0259dov, Milli M\u0259clis s\u0259drinin m\u00fcavini Bahar Muradova, Nax\u00e7\u0131van Muxtar Respublikas\u0131n\u0131n t\u0259hsil naziri R\u0259hman M\u0259mm\u0259dov, Az\u0259rbaycan H\u0259mkarlar \u0130ttifaqlar\u0131 Konfederasiyas\u0131n\u0131n s\u0259dri, Milli M\u0259clisin deputat\u0131 S\u0259ttar M\u00f6hbal\u0131yev, D\u00f6vl\u0259t \u0130mtahan M\u0259rk\u0259zinin Direktorlar \u015euras\u0131n\u0131n s\u0259dri M\u0259leyk\u0259 Abbaszad\u0259 v\u0259 ba\u015fqalar\u0131 XV qurultay\u0131n \u00f6lk\u0259mizd\u0259 t\u0259hsil sisteminin inki\u015faf\u0131na m\u00fch\u00fcm t\u00f6hf\u0259l\u0259r ver\u0259c\u0259yin\u0259 \u0259minlikl\u0259rini bildiribl\u0259r. Onlar Az\u0259rbaycan t\u0259hsilinin d\u00fcnya t\u0259hsil sistemin\u0259 inteqrasiyas\u0131, m\u00fc\u0259llimin n\u00fcfuzunun daha da art\u0131r\u0131lmas\u0131 il\u0259 ba\u011fl\u0131 t\u0259klifl\u0259r ir\u0259li s\u00fcr\u00fcbl\u0259r.<\/p>\n<p>\u00c7\u0131x\u0131\u015flarda vur\u011fulan\u0131b ki, \u00f6lk\u0259d\u0259 davaml\u0131 olaraq apar\u0131lan m\u0259kt\u0259b tikintisi, m\u0259kt\u0259bl\u0259rin maddi-texniki bazas\u0131n\u0131n g\u00fccl\u0259ndirilm\u0259si, m\u00fc\u0259lliml\u0259rin bilik v\u0259 bacar\u0131qlar\u0131n\u0131n diaqnostik qiym\u0259tl\u0259ndirilm\u0259si n\u0259tic\u0259sind\u0259 \u0259m\u0259khaqq\u0131 art\u0131m\u0131, i\u015f\u0259 q\u0259bulun \u015f\u0259ffaf t\u0259\u015fkili bu pe\u015f\u0259y\u0259 mara\u011f\u0131 ilb\u0259il art\u0131r\u0131r.<\/p>\n<p>Qurultayda &#8220;Az\u0259rbaycan Respublikas\u0131nda t\u0259hsilin inki\u015faf\u0131 \u00fczr\u0259 D\u00f6vl\u0259t Strategiyas\u0131&#8221;nda m\u00fc\u0259yy\u0259nl\u0259\u015fdirilmi\u015f h\u0259d\u0259fl\u0259r\u0259 nail olunmas\u0131 istiqam\u0259tind\u0259 \u0259ld\u0259 edilmi\u015f u\u011furlar, el\u0259c\u0259 d\u0259 2013-c\u00fc ilin dekabr\u0131nda ke\u00e7irilmi\u015f Az\u0259rbaycan m\u00fc\u0259lliml\u0259rinin XIV qurultay\u0131ndan sonrak\u0131 m\u00fcdd\u0259td\u0259 t\u0259hsil sistemind\u0259 realla\u015fd\u0131r\u0131lm\u0131\u015f t\u0259dbirl\u0259r v\u0259 islahatlar m\u00fczakir\u0259 olunub, qar\u015f\u0131da duran yeni v\u0259zif\u0259l\u0259r m\u00fc\u0259yy\u0259nl\u0259\u015fdirilib.<\/p>\n<p>T\u0259dbir \u00e7\u0259r\u00e7iv\u0259sind\u0259, h\u0259m\u00e7inin Az\u0259rbaycan Respublikas\u0131 Prezidentinin s\u0259r\u0259ncamlar\u0131 il\u0259 &#8220;\u018fm\u0259kdar m\u00fc\u0259llim&#8221; f\u0259xri ad\u0131na layiq g\u00f6r\u00fclm\u00fc\u015f v\u0259 &#8220;T\u0259r\u0259qqi&#8221; medal\u0131 il\u0259 t\u0259ltif olunmu\u015f 100-d\u0259n art\u0131q t\u0259hsil i\u015f\u00e7isin\u0259 d\u00f6vl\u0259t t\u0259ltifl\u0259ri t\u0259qdim edil\u0259c\u0259k.<\/p>\n<p>Qurultayda &#8220;\u00dcmumi t\u0259hsil: bu g\u00fcn\u0259 v\u0259 g\u0259l\u0259c\u0259y\u0259 bax\u0131\u015f. \u00dcmumi t\u0259hsilin m\u0259zmunu&#8221;, &#8220;\u00dcmumi t\u0259hsil: bu g\u00fcn\u0259 v\u0259 g\u0259l\u0259c\u0259y\u0259 bax\u0131\u015f. \u015eagird nailiyy\u0259tl\u0259rinin qiym\u0259tl\u0259ndirilm\u0259si&#8221;, &#8220;\u00dcmumi t\u0259hsil: bu g\u00fcn\u0259 v\u0259 g\u0259l\u0259c\u0259y\u0259 bax\u0131\u015f. M\u00fc\u0259llim v\u0259 c\u0259miyy\u0259t&#8221;, &#8220;\u00dcmumi t\u0259hsil: bu g\u00fcn\u0259 v\u0259 g\u0259l\u0259c\u0259y\u0259 bax\u0131\u015f. \u00dcmumi t\u0259hsilin idar\u0259 olunmas\u0131&#8221;, &#8220;Pe\u015f\u0259y\u00f6n\u00fcm\u00fc i\u015finin t\u0259\u015fkili v\u0259 pe\u015f\u0259 t\u0259hsilinin t\u0259bli\u011fi&#8221;, &#8220;Ali t\u0259hsil: m\u00f6vcud v\u0259ziyy\u0259t, perspektivl\u0259r&#8221;, &#8220;T\u0259hsild\u0259 innovasiyalar&#8221; m\u00f6vzular\u0131nda panel m\u00fczakir\u0259l\u0259r apar\u0131lacaq.<\/p>\n<p>Qurultayda \u00fcmumi t\u0259hsil, orta ixtisas v\u0259 pe\u015f\u0259 t\u0259hsili m\u00fc\u0259ssis\u0259l\u0259rind\u0259n 1400-\u0259 yax\u0131n, ali t\u0259hsil m\u00fc\u0259ssis\u0259l\u0259rind\u0259n is\u0259 200-d\u0259n \u00e7ox n\u00fcmay\u0259nd\u0259 i\u015ftirak edir.<\/p>\n<p>Az\u0259rbaycan m\u00fc\u0259lliml\u0259rinin ilk qurultay\u0131 1906-c\u0131 ild\u0259 ke\u00e7irilib. Qurultay \u0259n\u0259n\u0259vi olaraq 5 ild\u0259n bir ke\u00e7irilir. M\u00fcst\u0259qillik d\u00f6vr\u00fcnd\u0259 Az\u0259rbaycan m\u00fc\u0259lliml\u0259rinin 4 qurultay\u0131 ke\u00e7irilib.<\/p>\n","protected":false},"excerpt":{"rendered":"<p>ARANTV.AZ\u00a0 x\u0259b\u0259r verir ki, noyabr\u0131n 28-d\u0259 Bak\u0131 Konqres M\u0259rk\u0259zind\u0259 Az\u0259rbaycan m\u00fc\u0259lliml\u0259rinin XV qurultay\u0131 \u00f6z i\u015fin\u0259 ba\u015flay\u0131b. Qurultay i\u015ftirak\u00e7\u0131lar\u0131 \u0259vv\u0259lc\u0259 F\u0259xri xiyabana ged\u0259r\u0259k \u00fcmummilli lider Heyd\u0259r \u018fliyevin xatir\u0259sini an\u0131b, m\u0259zar\u0131 \u00f6n\u00fcn\u0259 g\u00fcl d\u0259st\u0259l\u0259ri qoyublar. G\u00f6rk\u0259mli oftalmoloq-alim, akademik Z\u0259rif\u0259 xan\u0131m \u018fliyevan\u0131n m\u0259zar\u0131 \u00fcst\u00fcn\u0259 d\u0259 t\u0259r g\u00fcll\u0259r d\u00fcz\u00fcl\u00fcb. Sonra \u015e\u0259hidl\u0259r xiyaban\u0131nda Az\u0259rbaycan\u0131n m\u00fcst\u0259qilliyi v\u0259 \u0259razi b\u00fct\u00f6vl\u00fcy\u00fc u\u011frunda m\u00fcbariz\u0259d\u0259 \u015f\u0259hid olanlar\u0131n xatir\u0259si an\u0131l\u0131b, m\u0259zarlar\u0131 \u00fcz\u0259rin\u0259 g\u00fcll\u0259r qoyulub. Qurultay Az\u0259rbaycan Respublikas\u0131n\u0131n d\u00f6vl\u0259t himninin oxunmas\u0131 il\u0259 ba\u015flay\u0131b. T\u0259dbir i\u015ftirak\u00e7\u0131lar\u0131 \u00fcmummilli lider Heyd\u0259r \u018fliyevin, V\u0259t\u0259nimizin m\u00fcst\u0259qilliyi u\u011frunda canlar\u0131ndan ke\u00e7mi\u015f \u015f\u0259hidl\u0259rin v\u0259 Az\u0259rbaycan m\u00fc\u0259lliml\u0259rinin XIV qurultay\u0131ndan \u00f6t\u0259n d\u00f6vr&hellip;<\/p>\n","protected":false},"author":2,"featured_media":25443,"comment_status":"closed","ping_status":"closed","sticky":false,"template":"","format":"standard","meta":{"om_disable_all_campaigns":false,"_monsterinsights_skip_tracking":false,"_monsterinsights_sitenote_active":false,"_monsterinsights_sitenote_note":"","_monsterinsights_sitenote_category":0},"categories":[1],"tags":[],"aioseo_notices":[],"gutentor_comment":0,"rttpg_featured_image_url":{"full":["https:\/\/arantv.az\/wp-content\/uploads\/2018\/11\/cibm08ot176kbuh0drprek0g22muel.jpg",1000,650,false],"landscape":["https:\/\/arantv.az\/wp-content\/uploads\/2018\/11\/cibm08ot176kbuh0drprek0g22muel.jpg",1000,650,false],"portraits":["https:\/\/arantv.az\/wp-content\/uploads\/2018\/11\/cibm08ot176kbuh0drprek0g22muel.jpg",1000,650,false],"thumbnail":["https:\/\/arantv.az\/wp-content\/uploads\/2018\/11\/cibm08ot176kbuh0drprek0g22muel-150x150.jpg",150,150,true],"medium":["https:\/\/arantv.az\/wp-content\/uploads\/2018\/11\/cibm08ot176kbuh0drprek0g22muel-300x195.jpg",300,195,true],"large":["https:\/\/arantv.az\/wp-content\/uploads\/2018\/11\/cibm08ot176kbuh0drprek0g22muel.jpg",640,416,false],"1536x1536":["https:\/\/arantv.az\/wp-content\/uploads\/2018\/11\/cibm08ot176kbuh0drprek0g22muel.jpg",1000,650,false],"2048x2048":["https:\/\/arantv.az\/wp-content\/uploads\/2018\/11\/cibm08ot176kbuh0drprek0g22muel.jpg",1000,650,false],"post-thumbnail":["https:\/\/arantv.az\/wp-content\/uploads\/2018\/11\/cibm08ot176kbuh0drprek0g22muel-240x172.jpg",240,172,true],"advps-thumb-one":["https:\/\/arantv.az\/wp-content\/uploads\/2018\/11\/cibm08ot176kbuh0drprek0g22muel-1000x620.jpg",1000,620,true]},"rttpg_author":{"display_name":"V\u00fcsal Rafiqo\u011flu","author_link":"https:\/\/arantv.az\/?author=2"},"rttpg_comment":0,"rttpg_category":"<a href=\"https:\/\/arantv.az\/?cat=1\" rel=\"category\">C\u0259miyy\u0259t<\/a>","rttpg_excerpt":"ARANTV.AZ\u00a0 x\u0259b\u0259r verir ki, noyabr\u0131n 28-d\u0259 Bak\u0131 Konqres M\u0259rk\u0259zind\u0259 Az\u0259rbaycan m\u00fc\u0259lliml\u0259rinin XV qurultay\u0131 \u00f6z i\u015fin\u0259 ba\u015flay\u0131b. Qurultay i\u015ftirak\u00e7\u0131lar\u0131 \u0259vv\u0259lc\u0259 F\u0259xri xiyabana ged\u0259r\u0259k \u00fcmummilli lider Heyd\u0259r \u018fliyevin xatir\u0259sini an\u0131b, m\u0259zar\u0131 \u00f6n\u00fcn\u0259 g\u00fcl d\u0259st\u0259l\u0259ri qoyublar. G\u00f6rk\u0259mli oftalmoloq-alim, akademik Z\u0259rif\u0259 xan\u0131m \u018fliyevan\u0131n m\u0259zar\u0131 \u00fcst\u00fcn\u0259 d\u0259 t\u0259r g\u00fcll\u0259r d\u00fcz\u00fcl\u00fcb. Sonra \u015e\u0259hidl\u0259r xiyaban\u0131nda Az\u0259rbaycan\u0131n m\u00fcst\u0259qilliyi v\u0259 \u0259razi b\u00fct\u00f6vl\u00fcy\u00fc u\u011frunda m\u00fcbariz\u0259d\u0259&hellip;","_links":{"self":[{"href":"https:\/\/arantv.az\/index.php?rest_route=\/wp\/v2\/posts\/25442"}],"collection":[{"href":"https:\/\/arantv.az\/index.php?rest_route=\/wp\/v2\/posts"}],"about":[{"href":"https:\/\/arantv.az\/index.php?rest_route=\/wp\/v2\/types\/post"}],"author":[{"embeddable":true,"href":"https:\/\/arantv.az\/index.php?rest_route=\/wp\/v2\/users\/2"}],"replies":[{"embeddable":true,"href":"https:\/\/arantv.az\/index.php?rest_route=%2Fwp%2Fv2%2Fcomments&post=25442"}],"version-history":[{"count":0,"href":"https:\/\/arantv.az\/index.php?rest_route=\/wp\/v2\/posts\/25442\/revisions"}],"wp:featuredmedia":[{"embeddable":true,"href":"https:\/\/arantv.az\/index.php?rest_route=\/wp\/v2\/media\/25443"}],"wp:attachment":[{"href":"https:\/\/arantv.az\/index.php?rest_route=%2Fwp%2Fv2%2Fmedia&parent=25442"}],"wp:term":[{"taxonomy":"category","embeddable":true,"href":"https:\/\/arantv.az\/index.php?rest_route=%2Fwp%2Fv2%2Fcategories&post=25442"},{"taxonomy":"post_tag","embeddable":true,"href":"https:\/\/arantv.az\/index.php?rest_route=%2Fwp%2Fv2%2Ftags&post=25442"}],"curies":[{"name":"wp","href":"https:\/\/api.w.org\/{rel}","templated":true}]}}