{"id":25448,"date":"2018-11-28T13:40:45","date_gmt":"2018-11-28T10:40:45","guid":{"rendered":"http:\/\/arantv.az\/?p=25448"},"modified":"2018-11-28T13:40:45","modified_gmt":"2018-11-28T10:40:45","slug":"m%c9%99leyk%c9%99-abbaszad%c9%99-yalan-v%c9%99-iftiralara-qarsi-ehtiyatli-olmaliyiq","status":"publish","type":"post","link":"https:\/\/arantv.az\/?p=25448","title":{"rendered":"M\u0259leyk\u0259 Abbaszad\u0259: &#8220;Yalan v\u0259 iftiralara qar\u015f\u0131 ehtiyatl\u0131 olmal\u0131y\u0131q&#8221;"},"content":{"rendered":"<p>\u201cBiz \u00f6z i\u015fimizl\u0259 \u0259laq\u0259dar ictimaiyy\u0259td\u0259n \u00e7ox olmasa da, \u015fikay\u0259tl\u0259r al\u0131r\u0131q. Ancaq biz o \u015fikay\u0259tl\u0259ri \u0259ks \u0259laq\u0259 kimi q\u0259bul edirik\u201d.<\/p>\n<p><b>ARANTV.AZ<\/b> x\u0259b\u0259r verir ki, bunu D\u00f6vl\u0259t \u0130mtahan M\u0259rk\u0259zinin Direktorlar \u015euras\u0131n\u0131n s\u0259dri M\u0259leyk\u0259 Abbaszad\u0259 Az\u0259rbaycan M\u00fc\u0259lliml\u0259rinin XV Qurultay\u0131nda \u00e7\u0131x\u0131\u015f\u0131 zaman\u0131 deyib.<\/p>\n<p>O bildirib ki, D\u0130M \u00fcz\u0259rin\u0259 d\u00fc\u015f\u0259n missiyan\u0131n s\u0259m\u0259r\u0259liliyini t\u0259min etm\u0259k \u00fc\u00e7\u00fcn proses i\u015ftirak\u00e7\u0131lar\u0131 il\u0259 sa\u011flam \u0259laq\u0259 yaratma\u011f\u0131 vacib say\u0131r: \u201cBu prosesd\u0259 m\u00fc\u0259lliml\u0259rin d\u0259 m\u00fcst\u0259sna rolu var. Hesab edirik ki, prosedurlar\u0131n \u015fagird v\u0259 valideynl\u0259r\u0259 izah olunmas\u0131nda, n\u0259tic\u0259l\u0259rin d\u00fczg\u00fcn t\u0259qdim olunmas\u0131nda, u\u015faqlar\u0131n z\u0259if v\u0259 g\u00fccl\u00fc c\u0259h\u0259tl\u0259rinin m\u00fc\u0259yy\u0259n olunmas\u0131nda m\u00fc\u0259lliml\u0259rin yax\u0131ndan i\u015ftirak\u0131 vacibdir\u201d.<\/p>\n<p>M.Abbaszad\u0259 \u0259lav\u0259 edib ki, builki imtahan kampaniyas\u0131 \u0259rzind\u0259 D\u0130M-\u0259 2417 yaz\u0131l\u0131 m\u00fcraci\u0259t daxil olub: \u201cBu da i\u015ftirak\u00e7\u0131lar\u0131n say\u0131n\u0131n 0.3 faizini t\u0259\u015fkil edir. Bu c\u00fcr \u0259ks \u0259laq\u0259l\u0259r prosesin daha da t\u0259kmill\u0259\u015fm\u0259sin\u0259 k\u00f6m\u0259k edir. Lakin onu da qeyd edim ki, biz yalan v\u0259 iftiralara qar\u015f\u0131 ehtiyatl\u0131 olmal\u0131y\u0131q. T\u0259\u0259ss\u00fcf ki, b\u0259z\u0259n m\u00fc\u0259llim ad\u0131n\u0131 da\u015f\u0131yan b\u0259zi \u015f\u0259xsl\u0259r d\u0259 bu tipli prosesl\u0259rd\u0259 i\u015ftirak edirl\u0259r. T\u0259bii ki, biz bu c\u00fcr hallar\u0131n qar\u015f\u0131s\u0131n\u0131 al\u0131r\u0131q v\u0259 bel\u0259 \u0259m\u0259ll\u0259r\u0259 h\u00fcquqi qiym\u0259t verilm\u0259sini t\u0259min edirik\u201d.big.az<\/p>\n","protected":false},"excerpt":{"rendered":"<p>\u201cBiz \u00f6z i\u015fimizl\u0259 \u0259laq\u0259dar ictimaiyy\u0259td\u0259n \u00e7ox olmasa da, \u015fikay\u0259tl\u0259r al\u0131r\u0131q. Ancaq biz o \u015fikay\u0259tl\u0259ri \u0259ks \u0259laq\u0259 kimi q\u0259bul edirik\u201d. ARANTV.AZ x\u0259b\u0259r verir ki, bunu D\u00f6vl\u0259t \u0130mtahan M\u0259rk\u0259zinin Direktorlar \u015euras\u0131n\u0131n s\u0259dri M\u0259leyk\u0259 Abbaszad\u0259 Az\u0259rbaycan M\u00fc\u0259lliml\u0259rinin XV Qurultay\u0131nda \u00e7\u0131x\u0131\u015f\u0131 zaman\u0131 deyib. O bildirib ki, D\u0130M \u00fcz\u0259rin\u0259 d\u00fc\u015f\u0259n missiyan\u0131n s\u0259m\u0259r\u0259liliyini t\u0259min etm\u0259k \u00fc\u00e7\u00fcn proses i\u015ftirak\u00e7\u0131lar\u0131 il\u0259 sa\u011flam \u0259laq\u0259 yaratma\u011f\u0131 vacib say\u0131r: \u201cBu prosesd\u0259 m\u00fc\u0259lliml\u0259rin d\u0259 m\u00fcst\u0259sna rolu var. Hesab edirik ki, prosedurlar\u0131n \u015fagird v\u0259 valideynl\u0259r\u0259 izah olunmas\u0131nda, n\u0259tic\u0259l\u0259rin d\u00fczg\u00fcn t\u0259qdim olunmas\u0131nda, u\u015faqlar\u0131n z\u0259if v\u0259 g\u00fccl\u00fc c\u0259h\u0259tl\u0259rinin m\u00fc\u0259yy\u0259n olunmas\u0131nda m\u00fc\u0259lliml\u0259rin yax\u0131ndan i\u015ftirak\u0131 vacibdir\u201d. M.Abbaszad\u0259&hellip;<\/p>\n","protected":false},"author":2,"featured_media":25449,"comment_status":"closed","ping_status":"closed","sticky":false,"template":"","format":"standard","meta":{"om_disable_all_campaigns":false,"_monsterinsights_skip_tracking":false,"_monsterinsights_sitenote_active":false,"_monsterinsights_sitenote_note":"","_monsterinsights_sitenote_category":0},"categories":[1],"tags":[],"aioseo_notices":[],"gutentor_comment":0,"rttpg_featured_image_url":{"full":["https:\/\/arantv.az\/wp-content\/uploads\/2018\/11\/Bez_nazvaniya_11543400123.jpg",259,194,false],"landscape":["https:\/\/arantv.az\/wp-content\/uploads\/2018\/11\/Bez_nazvaniya_11543400123.jpg",259,194,false],"portraits":["https:\/\/arantv.az\/wp-content\/uploads\/2018\/11\/Bez_nazvaniya_11543400123.jpg",259,194,false],"thumbnail":["https:\/\/arantv.az\/wp-content\/uploads\/2018\/11\/Bez_nazvaniya_11543400123-150x150.jpg",150,150,true],"medium":["https:\/\/arantv.az\/wp-content\/uploads\/2018\/11\/Bez_nazvaniya_11543400123.jpg",259,194,false],"large":["https:\/\/arantv.az\/wp-content\/uploads\/2018\/11\/Bez_nazvaniya_11543400123.jpg",259,194,false],"1536x1536":["https:\/\/arantv.az\/wp-content\/uploads\/2018\/11\/Bez_nazvaniya_11543400123.jpg",259,194,false],"2048x2048":["https:\/\/arantv.az\/wp-content\/uploads\/2018\/11\/Bez_nazvaniya_11543400123.jpg",259,194,false],"post-thumbnail":["https:\/\/arantv.az\/wp-content\/uploads\/2018\/11\/Bez_nazvaniya_11543400123-240x172.jpg",240,172,true],"advps-thumb-one":["https:\/\/arantv.az\/wp-content\/uploads\/2018\/11\/Bez_nazvaniya_11543400123.jpg",259,194,false]},"rttpg_author":{"display_name":"V\u00fcsal Rafiqo\u011flu","author_link":"https:\/\/arantv.az\/?author=2"},"rttpg_comment":0,"rttpg_category":"<a href=\"https:\/\/arantv.az\/?cat=1\" rel=\"category\">C\u0259miyy\u0259t<\/a>","rttpg_excerpt":"\u201cBiz \u00f6z i\u015fimizl\u0259 \u0259laq\u0259dar ictimaiyy\u0259td\u0259n \u00e7ox olmasa da, \u015fikay\u0259tl\u0259r al\u0131r\u0131q. Ancaq biz o \u015fikay\u0259tl\u0259ri \u0259ks \u0259laq\u0259 kimi q\u0259bul edirik\u201d. ARANTV.AZ x\u0259b\u0259r verir ki, bunu D\u00f6vl\u0259t \u0130mtahan M\u0259rk\u0259zinin Direktorlar \u015euras\u0131n\u0131n s\u0259dri M\u0259leyk\u0259 Abbaszad\u0259 Az\u0259rbaycan M\u00fc\u0259lliml\u0259rinin XV Qurultay\u0131nda \u00e7\u0131x\u0131\u015f\u0131 zaman\u0131 deyib. O bildirib ki, D\u0130M \u00fcz\u0259rin\u0259 d\u00fc\u015f\u0259n missiyan\u0131n s\u0259m\u0259r\u0259liliyini t\u0259min etm\u0259k \u00fc\u00e7\u00fcn proses i\u015ftirak\u00e7\u0131lar\u0131 il\u0259 sa\u011flam \u0259laq\u0259&hellip;","_links":{"self":[{"href":"https:\/\/arantv.az\/index.php?rest_route=\/wp\/v2\/posts\/25448"}],"collection":[{"href":"https:\/\/arantv.az\/index.php?rest_route=\/wp\/v2\/posts"}],"about":[{"href":"https:\/\/arantv.az\/index.php?rest_route=\/wp\/v2\/types\/post"}],"author":[{"embeddable":true,"href":"https:\/\/arantv.az\/index.php?rest_route=\/wp\/v2\/users\/2"}],"replies":[{"embeddable":true,"href":"https:\/\/arantv.az\/index.php?rest_route=%2Fwp%2Fv2%2Fcomments&post=25448"}],"version-history":[{"count":0,"href":"https:\/\/arantv.az\/index.php?rest_route=\/wp\/v2\/posts\/25448\/revisions"}],"wp:featuredmedia":[{"embeddable":true,"href":"https:\/\/arantv.az\/index.php?rest_route=\/wp\/v2\/media\/25449"}],"wp:attachment":[{"href":"https:\/\/arantv.az\/index.php?rest_route=%2Fwp%2Fv2%2Fmedia&parent=25448"}],"wp:term":[{"taxonomy":"category","embeddable":true,"href":"https:\/\/arantv.az\/index.php?rest_route=%2Fwp%2Fv2%2Fcategories&post=25448"},{"taxonomy":"post_tag","embeddable":true,"href":"https:\/\/arantv.az\/index.php?rest_route=%2Fwp%2Fv2%2Ftags&post=25448"}],"curies":[{"name":"wp","href":"https:\/\/api.w.org\/{rel}","templated":true}]}}