{"id":25455,"date":"2018-11-28T13:54:33","date_gmt":"2018-11-28T10:54:33","guid":{"rendered":"http:\/\/arantv.az\/?p=25455"},"modified":"2018-11-28T13:54:33","modified_gmt":"2018-11-28T10:54:33","slug":"ekspert-xaricd%c9%99ki-anti-az%c9%99rbaycan-s%c9%99b%c9%99k%c9%99sinin-sifarisli-qrantlar-uz%c9%99rind%c9%99-dayandigina-subh%c9%99-qalmadi","status":"publish","type":"post","link":"https:\/\/arantv.az\/?p=25455","title":{"rendered":"Ekspert: &#8220;Xaricd\u0259ki anti-Az\u0259rbaycan \u015f\u0259b\u0259k\u0259sinin sifari\u015fli qrantlar \u00fcz\u0259rind\u0259 dayand\u0131\u011f\u0131na \u015f\u00fcbh\u0259 qalmad\u0131&#8221;"},"content":{"rendered":"<blockquote><p><em><strong>Xaricd\u0259 f\u0259aliyy\u0259t g\u00f6st\u0259r\u0259n anti-Az\u0259rbaycan \u015f\u0259b\u0259k\u0259sinin son g\u00fcnl\u0259r yenid\u0259n f\u0259alla\u015fmaq s\u0259yl\u0259ri fonunda b\u0259zi t\u0259z\u0259 n\u00fcanslar \u00fcz\u0259 \u00e7\u0131x\u0131r.<\/strong><\/em><\/p><\/blockquote>\n<p><strong>ARANTV.AZ<\/strong> x\u0259b\u0259r verir ki, bu bar\u0259d\u0259\u00a0 trend-\u0259 a\u00e7\u0131qlamas\u0131nda &#8220;Bak\u0131 x\u0259b\u0259r&#8221; q\u0259zetinin ba\u015f redaktoru, ekspert Ayd\u0131n Quliyev deyib.<\/p>\n<p>Ba\u015f redaktor bildirib ki, bu n\u00fcanslar h\u0259min \u015f\u0259b\u0259k\u0259nin \u0259slind\u0259 xarici siyasi v\u0259 maliyy\u0259 qruplar\u0131 t\u0259r\u0259find\u0259n idar\u0259 edildikl\u0259ri bar\u0259d\u0259 \u00f6nc\u0259d\u0259n deyil\u0259nl\u0259ri s\u00fcbut edir:<\/p>\n<p>&#8220;Bu anti-Az\u0259rbaycan \u015f\u0259b\u0259k\u0259sinin \u00fczvl\u0259ri d\u00f6vl\u0259t \u0259leyhin\u0259 apard\u0131qlar\u0131 i\u015fin beyn\u0259lxalq sifari\u015f oldu\u011fu bar\u0259d\u0259 deyil\u0259nl\u0259ri he\u00e7 c\u00fcr q\u0259bul etm\u0259k ist\u0259mir, xarici qrantlarla f\u0259aliyy\u0259t g\u00f6st\u0259rdikl\u0259rini dan\u0131rd\u0131lar. \u018fvv\u0259ll\u0259r &#8220;xor kapellas\u0131&#8221; kimi b\u00fct\u00f6v g\u00f6r\u00fcn\u0259n bu \u015f\u0259b\u0259k\u0259nin \u00fczvl\u0259ri indi bir-biril\u0259rin\u0259 el\u0259 ittihamlar dem\u0259y\u0259 ba\u015flay\u0131blar ki, \u015f\u0259b\u0259k\u0259nin h\u0259qiq\u0259t\u0259n sifari\u015fli qrantlar \u00fcz\u0259rind\u0259 dayand\u0131\u011f\u0131na \u015f\u00fcbh\u0259 qalm\u0131r. Bir daha m\u0259lum olur ki, \u00f6zl\u0259rini Az\u0259rbaycan demokratiyas\u0131 namin\u0259 f\u0259dai v\u0259t\u0259np\u0259rv\u0259rl\u0259r kimi tan\u0131tmaq ist\u0259y\u0259n bu &#8220;q\u0259hr\u0259manlar&#8221; \u0259slind\u0259 qrant yey\u0259nl\u0259r, qrant sahibl\u0259rin\u0259 \u0259n inand\u0131r\u0131c\u0131 hesabatlar verm\u0259k \u00fc\u00e7\u00fcn h\u0259r c\u00fcr \u015f\u0259r\u0259-b\u00f6htana \u0259l atma\u011fa haz\u0131r adamlar imi\u015f&#8221;.<\/p>\n<p>A.Quliyev qeyd edib ki, xaricd\u0259ki b\u00f6htan\u00e7\u0131, qrant m\u0259nims\u0259y\u0259n \u015f\u0259b\u0259k\u0259nin son g\u00fcnl\u0259rd\u0259 meydana \u00e7\u0131xan \u00f6z\u00fcn\u00fcif\u015fa h\u0259r\u0259k\u0259tl\u0259ri bir ne\u00e7\u0259 n\u00f6qteyi-n\u0259z\u0259rd\u0259n \u0259h\u0259miyy\u0259tlidir:<\/p>\n<p>&#8220;\u018fvvala, Az\u0259rbaycanda \u00e7oxlar\u0131n\u0131n h\u0259l\u0259 xeyli \u0259vv\u0259l dedikl\u0259ri &#8220;bunlar\u0131 xaricil\u0259rin qrantlar\u0131 dan\u0131\u015fd\u0131r\u0131r&#8221; kimi fikirl\u0259r tam do\u011fruldu. Qar\u015f\u0131l\u0131ql\u0131 ittiham qaydas\u0131nda kimin haradan n\u0259 q\u0259d\u0259r pul ald\u0131\u011f\u0131 bar\u0259d\u0259 e\u015fitdikl\u0259rimiz buna s\u00fcbutdur. \u0130kincisi, xaricd\u0259ki qarayaxma \u015f\u0259b\u0259k\u0259sinin Az\u0259rbaycan c\u0259miyy\u0259tinin fikirl\u0259rini dola\u015fd\u0131ra bilm\u0259diyi v\u0259 \u00f6z\u00fcn\u00fcn par\u00e7aland\u0131\u011f\u0131 ortaya qoyuldu. \u00dc\u00e7\u00fcnc\u00fc, bu \u015f\u0259b\u0259k\u0259nin arxas\u0131nda duranlar\u0131n perspektivsiz yolda olduqlar\u0131n\u0131 ham\u0131 g\u00f6rd\u00fc. N\u0259hay\u0259t, b\u00f6htan\u00e7\u0131 \u015f\u0259b\u0259k\u0259nin Az\u0259rbaycanda he\u00e7 bir sosial bazas\u0131n\u0131n olmad\u0131\u011f\u0131 a\u015fkarland\u0131&#8221;.<\/p>\n<p>Onun s\u00f6zl\u0259rin\u0259 g\u00f6r\u0259, bu prosesl\u0259r ba\u015fqa bir \u0259h\u0259miyy\u0259tli n\u0259tic\u0259ni d\u0259 \u00e7\u0131xarma\u011fa \u0259sas verir: &#8220;Bu ondan ibar\u0259tdir ki, xaricd\u0259 anti-Az\u0259rbaycan \u015f\u0259b\u0259k\u0259si yaratmaq taktikas\u0131n\u0131n \u00f6z\u00fc iflasa u\u011frad\u0131\u011f\u0131 \u00fc\u00e7\u00fcn bundan sonra bel\u0259 \u015f\u0259b\u0259k\u0259l\u0259ri yaratmaq i\u015fin\u0259 \u00e7ox nadir hallarda ba\u015f vurulacaq v\u0259 bir m\u00fcdd\u0259td\u0259n sonra bu sayaq f\u0259aliyy\u0259tl\u0259r \u00fcmumiyy\u0259tl\u0259 yox ola bil\u0259r&#8221;.<\/p>\n","protected":false},"excerpt":{"rendered":"<p>Xaricd\u0259 f\u0259aliyy\u0259t g\u00f6st\u0259r\u0259n anti-Az\u0259rbaycan \u015f\u0259b\u0259k\u0259sinin son g\u00fcnl\u0259r yenid\u0259n f\u0259alla\u015fmaq s\u0259yl\u0259ri fonunda b\u0259zi t\u0259z\u0259 n\u00fcanslar \u00fcz\u0259 \u00e7\u0131x\u0131r. ARANTV.AZ x\u0259b\u0259r verir ki, bu bar\u0259d\u0259\u00a0 trend-\u0259 a\u00e7\u0131qlamas\u0131nda &#8220;Bak\u0131 x\u0259b\u0259r&#8221; q\u0259zetinin ba\u015f redaktoru, ekspert Ayd\u0131n Quliyev deyib. Ba\u015f redaktor bildirib ki, bu n\u00fcanslar h\u0259min \u015f\u0259b\u0259k\u0259nin \u0259slind\u0259 xarici siyasi v\u0259 maliyy\u0259 qruplar\u0131 t\u0259r\u0259find\u0259n idar\u0259 edildikl\u0259ri bar\u0259d\u0259 \u00f6nc\u0259d\u0259n deyil\u0259nl\u0259ri s\u00fcbut edir: &#8220;Bu anti-Az\u0259rbaycan \u015f\u0259b\u0259k\u0259sinin \u00fczvl\u0259ri d\u00f6vl\u0259t \u0259leyhin\u0259 apard\u0131qlar\u0131 i\u015fin beyn\u0259lxalq sifari\u015f oldu\u011fu bar\u0259d\u0259 deyil\u0259nl\u0259ri he\u00e7 c\u00fcr q\u0259bul etm\u0259k ist\u0259mir, xarici qrantlarla f\u0259aliyy\u0259t g\u00f6st\u0259rdikl\u0259rini dan\u0131rd\u0131lar. \u018fvv\u0259ll\u0259r &#8220;xor kapellas\u0131&#8221; kimi b\u00fct\u00f6v g\u00f6r\u00fcn\u0259n bu \u015f\u0259b\u0259k\u0259nin \u00fczvl\u0259ri indi bir-biril\u0259rin\u0259 el\u0259&hellip;<\/p>\n","protected":false},"author":2,"featured_media":25456,"comment_status":"closed","ping_status":"closed","sticky":false,"template":"","format":"standard","meta":{"om_disable_all_campaigns":false,"_monsterinsights_skip_tracking":false,"_monsterinsights_sitenote_active":false,"_monsterinsights_sitenote_note":"","_monsterinsights_sitenote_category":0},"categories":[4],"tags":[],"aioseo_notices":[],"gutentor_comment":0,"rttpg_featured_image_url":{"full":["https:\/\/arantv.az\/wp-content\/uploads\/2018\/11\/691788-2.jpg",800,600,false],"landscape":["https:\/\/arantv.az\/wp-content\/uploads\/2018\/11\/691788-2.jpg",800,600,false],"portraits":["https:\/\/arantv.az\/wp-content\/uploads\/2018\/11\/691788-2.jpg",800,600,false],"thumbnail":["https:\/\/arantv.az\/wp-content\/uploads\/2018\/11\/691788-2-150x150.jpg",150,150,true],"medium":["https:\/\/arantv.az\/wp-content\/uploads\/2018\/11\/691788-2-300x225.jpg",300,225,true],"large":["https:\/\/arantv.az\/wp-content\/uploads\/2018\/11\/691788-2.jpg",640,480,false],"1536x1536":["https:\/\/arantv.az\/wp-content\/uploads\/2018\/11\/691788-2.jpg",800,600,false],"2048x2048":["https:\/\/arantv.az\/wp-content\/uploads\/2018\/11\/691788-2.jpg",800,600,false],"post-thumbnail":["https:\/\/arantv.az\/wp-content\/uploads\/2018\/11\/691788-2-240x172.jpg",240,172,true],"advps-thumb-one":["https:\/\/arantv.az\/wp-content\/uploads\/2018\/11\/691788-2.jpg",800,600,false]},"rttpg_author":{"display_name":"V\u00fcsal Rafiqo\u011flu","author_link":"https:\/\/arantv.az\/?author=2"},"rttpg_comment":0,"rttpg_category":"<a href=\"https:\/\/arantv.az\/?cat=4\" rel=\"category\">Siyas\u0259t<\/a>","rttpg_excerpt":"Xaricd\u0259 f\u0259aliyy\u0259t g\u00f6st\u0259r\u0259n anti-Az\u0259rbaycan \u015f\u0259b\u0259k\u0259sinin son g\u00fcnl\u0259r yenid\u0259n f\u0259alla\u015fmaq s\u0259yl\u0259ri fonunda b\u0259zi t\u0259z\u0259 n\u00fcanslar \u00fcz\u0259 \u00e7\u0131x\u0131r. ARANTV.AZ x\u0259b\u0259r verir ki, bu bar\u0259d\u0259\u00a0 trend-\u0259 a\u00e7\u0131qlamas\u0131nda &#8220;Bak\u0131 x\u0259b\u0259r&#8221; q\u0259zetinin ba\u015f redaktoru, ekspert Ayd\u0131n Quliyev deyib. Ba\u015f redaktor bildirib ki, bu n\u00fcanslar h\u0259min \u015f\u0259b\u0259k\u0259nin \u0259slind\u0259 xarici siyasi v\u0259 maliyy\u0259 qruplar\u0131 t\u0259r\u0259find\u0259n idar\u0259 edildikl\u0259ri bar\u0259d\u0259 \u00f6nc\u0259d\u0259n deyil\u0259nl\u0259ri s\u00fcbut edir:&hellip;","_links":{"self":[{"href":"https:\/\/arantv.az\/index.php?rest_route=\/wp\/v2\/posts\/25455"}],"collection":[{"href":"https:\/\/arantv.az\/index.php?rest_route=\/wp\/v2\/posts"}],"about":[{"href":"https:\/\/arantv.az\/index.php?rest_route=\/wp\/v2\/types\/post"}],"author":[{"embeddable":true,"href":"https:\/\/arantv.az\/index.php?rest_route=\/wp\/v2\/users\/2"}],"replies":[{"embeddable":true,"href":"https:\/\/arantv.az\/index.php?rest_route=%2Fwp%2Fv2%2Fcomments&post=25455"}],"version-history":[{"count":0,"href":"https:\/\/arantv.az\/index.php?rest_route=\/wp\/v2\/posts\/25455\/revisions"}],"wp:featuredmedia":[{"embeddable":true,"href":"https:\/\/arantv.az\/index.php?rest_route=\/wp\/v2\/media\/25456"}],"wp:attachment":[{"href":"https:\/\/arantv.az\/index.php?rest_route=%2Fwp%2Fv2%2Fmedia&parent=25455"}],"wp:term":[{"taxonomy":"category","embeddable":true,"href":"https:\/\/arantv.az\/index.php?rest_route=%2Fwp%2Fv2%2Fcategories&post=25455"},{"taxonomy":"post_tag","embeddable":true,"href":"https:\/\/arantv.az\/index.php?rest_route=%2Fwp%2Fv2%2Ftags&post=25455"}],"curies":[{"name":"wp","href":"https:\/\/api.w.org\/{rel}","templated":true}]}}