{"id":25498,"date":"2018-11-29T08:21:20","date_gmt":"2018-11-29T05:21:20","guid":{"rendered":"http:\/\/arantv.az\/?p=25498"},"modified":"2018-11-29T08:21:20","modified_gmt":"2018-11-29T05:21:20","slug":"novb%c9%99ti-s%c9%99rt-q%c9%99rar-yeni-ild%c9%99n-pullu-olacaq-video","status":"publish","type":"post","link":"https:\/\/arantv.az\/?p=25498","title":{"rendered":"N\u00f6vb\u0259ti S\u018fRT Q\u018fRAR: Yeni ild\u0259n pullu olacaq &#8211; V\u0130DEO"},"content":{"rendered":"<div class=\"row\">\n<div class=\"post single\">\n<div class=\"post_content page_margin_top_section clearfix\">\n<div class=\"content_box\">\n<div class=\"text\">\n<p><strong>\u0130nsanlar\u0131n h\u0259r g\u00fcn istifad\u0259 etdikl\u0259ri polietilen torbalar\u0131n m\u0259hdudla\u015fd\u0131r\u0131lmas\u0131 il\u0259 ba\u011fl\u0131 Ekologiya v\u0259 T\u0259bii S\u0259rv\u0259tl\u0259r Nazirliyi T\u0259dbirl\u0259r plan\u0131 haz\u0131rlay\u0131b.<\/strong><\/p>\n<p><strong>ARANTV.AZ\u00a0<\/strong> Xezerxeber.az-a istinad\u0259n x\u0259b\u0259r verir ki, plastik tullant\u0131lardan, x\u00fcsusil\u0259 polietilen torbalardan istifad\u0259nin m\u0259rh\u0259l\u0259li \u015f\u0259kild\u0259 qada\u011fan edilm\u0259si n\u0259z\u0259rd\u0259 tutulub.<\/p>\n<p>Ekologiya v\u0259 T\u0259bii S\u0259rv\u0259tl\u0259r Nazirliyinin \u015f\u00f6b\u0259 m\u00fcdiri Umayra Ta\u011f\u0131yeva bildirib ki, polietilen torbalar \u0259traf m\u00fchiti \u00e7irkl\u0259ndir\u0259n \u0259sas faktorlardan biridir.<\/p>\n<p>U.Ta\u011f\u0131yeva vur\u011fulay\u0131b ki, bu tullant\u0131lar d\u00fczg\u00fcn idar\u0259 olunmad\u0131\u011f\u0131ndan \u0259traf m\u00fchiti \u00e7irkl\u0259ndirir. Dig\u0259r t\u0259r\u0259fd\u0259n, bu tullant\u0131lar yanan zaman \u0259m\u0259l\u0259 g\u0259l\u0259n toksiki t\u00fcst\u00fc atmosfer havas\u0131n\u0131 z\u0259h\u0259rl\u0259yir. Odur ki, plastik tullant\u0131lar\u0131n t\u0259bi\u0259t\u0259 neqativ t\u0259sirl\u0259rinin aradan qald\u0131r\u0131lmas\u0131 \u0259traf m\u00fchitin sa\u011flamla\u015fd\u0131r\u0131lmas\u0131 sah\u0259sind\u0259 prioritet hesab olunur. Bu m\u0259qs\u0259dl\u0259 yax\u0131n d\u00f6vrd\u0259n etibar\u0259n polietilen torbalardan istifad\u0259 m\u00fcxt\u0259lif \u00fcsullarlarla m\u0259hdudla\u015fd\u0131r\u0131lacaq.<\/p>\n<p>Umayra Ta\u011f\u0131yeva qeyd edib ki, ki\u00e7ik polietilen torbalar\u0131n marketl\u0259rd\u0259 \u00f6d\u0259ni\u015fli olmas\u0131 n\u0259z\u0259rd\u0259 tutulub. Onun s\u00f6zl\u0259rin\u0259 g\u00f6r\u0259, bu qaydan\u0131n t\u0259tbiq edildiyi \u00f6lk\u0259l\u0259rd\u0259 polietilen torbalardan istifad\u0259 xeyli azal\u0131b.<\/p>\n<p>Sakinl\u0259r d\u0259 bu torbalar\u0131n ziyanl\u0131 olmas\u0131 bar\u0259d\u0259 m\u0259lumatl\u0131 olduqlar\u0131n\u0131, sad\u0259c\u0259 m\u0259cbur qald\u0131qlar\u0131na g\u00f6r\u0259 istifad\u0259 etdikl\u0259rini deyirl\u0259r.<\/p>\n<p>M\u0259hdudla\u015fd\u0131r\u0131c\u0131 t\u0259dbirl\u0259rin davam\u0131 olaraq yax\u0131n zamanda \u00f6lk\u0259d\u0259 bird\u0259f\u0259lik istifad\u0259 olunan \u0259n ki\u00e7ik plastik torbalar\u0131n istifad\u0259sinin qada\u011fan olunmas\u0131 n\u0259z\u0259rd\u0259 tutulur.<\/p>\n<p>M\u00f6vzu il\u0259 ba\u011fl\u0131 daha \u0259trafl\u0131 videomaterial\u0131 t\u0259qdim edirik:<\/p>\n<p><iframe loading=\"lazy\" src=\"https:\/\/www.youtube.com\/embed\/51-WS7da_FU\" width=\"640\" height=\"480\" frameborder=\"0\" allowfullscreen=\"allowfullscreen\" data-mce-fragment=\"1\"><\/iframe><\/p>\n<\/div>\n<\/div>\n<\/div>\n<div class=\"social_like\">\n<div>\n<div class=\"fb-like fb_iframe_widget\" data-href=\"\" data-layout=\"button_count\" data-action=\"recommend\" data-size=\"small\" data-show-faces=\"false\" data-share=\"false\"><\/div>\n<\/div>\n<div><\/div>\n<\/div>\n<\/div>\n<\/div>\n","protected":false},"excerpt":{"rendered":"<p>\u0130nsanlar\u0131n h\u0259r g\u00fcn istifad\u0259 etdikl\u0259ri polietilen torbalar\u0131n m\u0259hdudla\u015fd\u0131r\u0131lmas\u0131 il\u0259 ba\u011fl\u0131 Ekologiya v\u0259 T\u0259bii S\u0259rv\u0259tl\u0259r Nazirliyi T\u0259dbirl\u0259r plan\u0131 haz\u0131rlay\u0131b. ARANTV.AZ\u00a0 Xezerxeber.az-a istinad\u0259n x\u0259b\u0259r verir ki, plastik tullant\u0131lardan, x\u00fcsusil\u0259 polietilen torbalardan istifad\u0259nin m\u0259rh\u0259l\u0259li \u015f\u0259kild\u0259 qada\u011fan edilm\u0259si n\u0259z\u0259rd\u0259 tutulub. Ekologiya v\u0259 T\u0259bii S\u0259rv\u0259tl\u0259r Nazirliyinin \u015f\u00f6b\u0259 m\u00fcdiri Umayra Ta\u011f\u0131yeva bildirib ki, polietilen torbalar \u0259traf m\u00fchiti \u00e7irkl\u0259ndir\u0259n \u0259sas faktorlardan biridir. U.Ta\u011f\u0131yeva vur\u011fulay\u0131b ki, bu tullant\u0131lar d\u00fczg\u00fcn idar\u0259 olunmad\u0131\u011f\u0131ndan \u0259traf m\u00fchiti \u00e7irkl\u0259ndirir. Dig\u0259r t\u0259r\u0259fd\u0259n, bu tullant\u0131lar yanan zaman \u0259m\u0259l\u0259 g\u0259l\u0259n toksiki t\u00fcst\u00fc atmosfer havas\u0131n\u0131 z\u0259h\u0259rl\u0259yir. Odur ki, plastik tullant\u0131lar\u0131n t\u0259bi\u0259t\u0259 neqativ t\u0259sirl\u0259rinin aradan qald\u0131r\u0131lmas\u0131 \u0259traf m\u00fchitin&hellip;<\/p>\n","protected":false},"author":2,"featured_media":25499,"comment_status":"closed","ping_status":"closed","sticky":false,"template":"","format":"standard","meta":{"om_disable_all_campaigns":false,"_monsterinsights_skip_tracking":false,"_monsterinsights_sitenote_active":false,"_monsterinsights_sitenote_note":"","_monsterinsights_sitenote_category":0},"categories":[1],"tags":[],"aioseo_notices":[],"gutentor_comment":0,"rttpg_featured_image_url":{"full":["https:\/\/arantv.az\/wp-content\/uploads\/2018\/11\/sellofan.jpg",800,450,false],"landscape":["https:\/\/arantv.az\/wp-content\/uploads\/2018\/11\/sellofan.jpg",800,450,false],"portraits":["https:\/\/arantv.az\/wp-content\/uploads\/2018\/11\/sellofan.jpg",800,450,false],"thumbnail":["https:\/\/arantv.az\/wp-content\/uploads\/2018\/11\/sellofan-150x150.jpg",150,150,true],"medium":["https:\/\/arantv.az\/wp-content\/uploads\/2018\/11\/sellofan-300x169.jpg",300,169,true],"large":["https:\/\/arantv.az\/wp-content\/uploads\/2018\/11\/sellofan.jpg",640,360,false],"1536x1536":["https:\/\/arantv.az\/wp-content\/uploads\/2018\/11\/sellofan.jpg",800,450,false],"2048x2048":["https:\/\/arantv.az\/wp-content\/uploads\/2018\/11\/sellofan.jpg",800,450,false],"post-thumbnail":["https:\/\/arantv.az\/wp-content\/uploads\/2018\/11\/sellofan-240x172.jpg",240,172,true],"advps-thumb-one":["https:\/\/arantv.az\/wp-content\/uploads\/2018\/11\/sellofan.jpg",800,450,false]},"rttpg_author":{"display_name":"V\u00fcsal Rafiqo\u011flu","author_link":"https:\/\/arantv.az\/?author=2"},"rttpg_comment":0,"rttpg_category":"<a href=\"https:\/\/arantv.az\/?cat=1\" rel=\"category\">C\u0259miyy\u0259t<\/a>","rttpg_excerpt":"\u0130nsanlar\u0131n h\u0259r g\u00fcn istifad\u0259 etdikl\u0259ri polietilen torbalar\u0131n m\u0259hdudla\u015fd\u0131r\u0131lmas\u0131 il\u0259 ba\u011fl\u0131 Ekologiya v\u0259 T\u0259bii S\u0259rv\u0259tl\u0259r Nazirliyi T\u0259dbirl\u0259r plan\u0131 haz\u0131rlay\u0131b. ARANTV.AZ\u00a0 Xezerxeber.az-a istinad\u0259n x\u0259b\u0259r verir ki, plastik tullant\u0131lardan, x\u00fcsusil\u0259 polietilen torbalardan istifad\u0259nin m\u0259rh\u0259l\u0259li \u015f\u0259kild\u0259 qada\u011fan edilm\u0259si n\u0259z\u0259rd\u0259 tutulub. Ekologiya v\u0259 T\u0259bii S\u0259rv\u0259tl\u0259r Nazirliyinin \u015f\u00f6b\u0259 m\u00fcdiri Umayra Ta\u011f\u0131yeva bildirib ki, polietilen torbalar \u0259traf m\u00fchiti \u00e7irkl\u0259ndir\u0259n \u0259sas faktorlardan biridir.&hellip;","_links":{"self":[{"href":"https:\/\/arantv.az\/index.php?rest_route=\/wp\/v2\/posts\/25498"}],"collection":[{"href":"https:\/\/arantv.az\/index.php?rest_route=\/wp\/v2\/posts"}],"about":[{"href":"https:\/\/arantv.az\/index.php?rest_route=\/wp\/v2\/types\/post"}],"author":[{"embeddable":true,"href":"https:\/\/arantv.az\/index.php?rest_route=\/wp\/v2\/users\/2"}],"replies":[{"embeddable":true,"href":"https:\/\/arantv.az\/index.php?rest_route=%2Fwp%2Fv2%2Fcomments&post=25498"}],"version-history":[{"count":0,"href":"https:\/\/arantv.az\/index.php?rest_route=\/wp\/v2\/posts\/25498\/revisions"}],"wp:featuredmedia":[{"embeddable":true,"href":"https:\/\/arantv.az\/index.php?rest_route=\/wp\/v2\/media\/25499"}],"wp:attachment":[{"href":"https:\/\/arantv.az\/index.php?rest_route=%2Fwp%2Fv2%2Fmedia&parent=25498"}],"wp:term":[{"taxonomy":"category","embeddable":true,"href":"https:\/\/arantv.az\/index.php?rest_route=%2Fwp%2Fv2%2Fcategories&post=25498"},{"taxonomy":"post_tag","embeddable":true,"href":"https:\/\/arantv.az\/index.php?rest_route=%2Fwp%2Fv2%2Ftags&post=25498"}],"curies":[{"name":"wp","href":"https:\/\/api.w.org\/{rel}","templated":true}]}}