{"id":25507,"date":"2018-11-29T08:25:31","date_gmt":"2018-11-29T05:25:31","guid":{"rendered":"http:\/\/arantv.az\/?p=25507"},"modified":"2018-11-29T08:25:31","modified_gmt":"2018-11-29T05:25:31","slug":"naxcivan-%c9%99halisinin-sayi-aciqlanib","status":"publish","type":"post","link":"https:\/\/arantv.az\/?p=25507","title":{"rendered":"Nax\u00e7\u0131van \u0259halisinin say\u0131 a\u00e7\u0131qlan\u0131b"},"content":{"rendered":"<p>Cari ilin 1 noyabr\u0131nad\u0259k Nax\u00e7\u0131van Muxtar Respublika \u0259halisinin say\u0131 455 min 592 n\u0259f\u0259r olub.<\/p>\n<p><strong>ARANTV.AZ<\/strong> &#8220;Report&#8221;a istinad\u0259n bildirir ki,\u00a0birinci v\u0259 ikinci siyah\u0131yaalma d\u00f6vrl\u0259rind\u0259 \u0259halinin say\u0131 44 min n\u0259f\u0259r artd\u0131\u011f\u0131 halda, son 9 il\u0259 yax\u0131n &#8211; y\u0259ni 2010-cu ild\u0259n cari ilin noyabr ay\u0131n\u0131n \u0259vv\u0259lin\u0259 olan d\u00f6vrd\u0259 \u0259halinin say\u0131 53 min n\u0259f\u0259r art\u0131b.<\/p>\n<p>Nax\u00e7\u0131van Muxtar Respublikas\u0131nda 1999-cu ild\u0259 ke\u00e7irilmi\u015f siyah\u0131yaalmada \u0259halinin say\u0131 354 min 72 n\u0259f\u0259r, 2009-cu ild\u0259 is\u0259 bu g\u00f6st\u0259rici 398 min 323 n\u0259f\u0259r olub. 2009-cu ild\u0259 ke\u00e7irilmi\u015f siyah\u0131yaalmada \u0259halinin 198 min 267 n\u0259f\u0259rini v\u0259 ya 49,8 faizini ki\u015fil\u0259r, 200 min 56 n\u0259f\u0259rini v\u0259 ya 50,2 faizini qad\u0131nlar t\u0259\u015fkil edib. \u018fhalinin 115 min 488 n\u0259f\u0259ri v\u0259 ya 29 faizi \u015f\u0259h\u0259r yerl\u0259rind\u0259, 282 min 835 n\u0259f\u0259ri v\u0259 ya 71 faizi k\u0259nd yerl\u0259rind\u0259 m\u0259skunla\u015f\u0131b.<\/p>\n<p>Qeyd ed\u0259k ki, 1 iyul 2018-ci il tarix\u0259 muxtar respublikan\u0131n \u0259halisi 454,3 min n\u0259f\u0259r olub.<\/p>\n","protected":false},"excerpt":{"rendered":"<p>Cari ilin 1 noyabr\u0131nad\u0259k Nax\u00e7\u0131van Muxtar Respublika \u0259halisinin say\u0131 455 min 592 n\u0259f\u0259r olub. ARANTV.AZ &#8220;Report&#8221;a istinad\u0259n bildirir ki,\u00a0birinci v\u0259 ikinci siyah\u0131yaalma d\u00f6vrl\u0259rind\u0259 \u0259halinin say\u0131 44 min n\u0259f\u0259r artd\u0131\u011f\u0131 halda, son 9 il\u0259 yax\u0131n &#8211; y\u0259ni 2010-cu ild\u0259n cari ilin noyabr ay\u0131n\u0131n \u0259vv\u0259lin\u0259 olan d\u00f6vrd\u0259 \u0259halinin say\u0131 53 min n\u0259f\u0259r art\u0131b. Nax\u00e7\u0131van Muxtar Respublikas\u0131nda 1999-cu ild\u0259 ke\u00e7irilmi\u015f siyah\u0131yaalmada \u0259halinin say\u0131 354 min 72 n\u0259f\u0259r, 2009-cu ild\u0259 is\u0259 bu g\u00f6st\u0259rici 398 min 323 n\u0259f\u0259r olub. 2009-cu ild\u0259 ke\u00e7irilmi\u015f siyah\u0131yaalmada \u0259halinin 198 min 267 n\u0259f\u0259rini v\u0259 ya 49,8 faizini ki\u015fil\u0259r, 200 min&hellip;<\/p>\n","protected":false},"author":2,"featured_media":25508,"comment_status":"closed","ping_status":"closed","sticky":false,"template":"","format":"standard","meta":{"om_disable_all_campaigns":false,"_monsterinsights_skip_tracking":false,"_monsterinsights_sitenote_active":false,"_monsterinsights_sitenote_note":"","_monsterinsights_sitenote_category":0},"categories":[1],"tags":[],"aioseo_notices":[],"gutentor_comment":0,"rttpg_featured_image_url":{"full":["https:\/\/arantv.az\/wp-content\/uploads\/2018\/11\/naxcivan_11.jpg",800,600,false],"landscape":["https:\/\/arantv.az\/wp-content\/uploads\/2018\/11\/naxcivan_11.jpg",800,600,false],"portraits":["https:\/\/arantv.az\/wp-content\/uploads\/2018\/11\/naxcivan_11.jpg",800,600,false],"thumbnail":["https:\/\/arantv.az\/wp-content\/uploads\/2018\/11\/naxcivan_11-150x150.jpg",150,150,true],"medium":["https:\/\/arantv.az\/wp-content\/uploads\/2018\/11\/naxcivan_11-300x225.jpg",300,225,true],"large":["https:\/\/arantv.az\/wp-content\/uploads\/2018\/11\/naxcivan_11.jpg",640,480,false],"1536x1536":["https:\/\/arantv.az\/wp-content\/uploads\/2018\/11\/naxcivan_11.jpg",800,600,false],"2048x2048":["https:\/\/arantv.az\/wp-content\/uploads\/2018\/11\/naxcivan_11.jpg",800,600,false],"post-thumbnail":["https:\/\/arantv.az\/wp-content\/uploads\/2018\/11\/naxcivan_11-240x172.jpg",240,172,true],"advps-thumb-one":["https:\/\/arantv.az\/wp-content\/uploads\/2018\/11\/naxcivan_11.jpg",800,600,false]},"rttpg_author":{"display_name":"V\u00fcsal Rafiqo\u011flu","author_link":"https:\/\/arantv.az\/?author=2"},"rttpg_comment":0,"rttpg_category":"<a href=\"https:\/\/arantv.az\/?cat=1\" rel=\"category\">C\u0259miyy\u0259t<\/a>","rttpg_excerpt":"Cari ilin 1 noyabr\u0131nad\u0259k Nax\u00e7\u0131van Muxtar Respublika \u0259halisinin say\u0131 455 min 592 n\u0259f\u0259r olub. ARANTV.AZ &#8220;Report&#8221;a istinad\u0259n bildirir ki,\u00a0birinci v\u0259 ikinci siyah\u0131yaalma d\u00f6vrl\u0259rind\u0259 \u0259halinin say\u0131 44 min n\u0259f\u0259r artd\u0131\u011f\u0131 halda, son 9 il\u0259 yax\u0131n &#8211; y\u0259ni 2010-cu ild\u0259n cari ilin noyabr ay\u0131n\u0131n \u0259vv\u0259lin\u0259 olan d\u00f6vrd\u0259 \u0259halinin say\u0131 53 min n\u0259f\u0259r art\u0131b. Nax\u00e7\u0131van Muxtar Respublikas\u0131nda 1999-cu&hellip;","_links":{"self":[{"href":"https:\/\/arantv.az\/index.php?rest_route=\/wp\/v2\/posts\/25507"}],"collection":[{"href":"https:\/\/arantv.az\/index.php?rest_route=\/wp\/v2\/posts"}],"about":[{"href":"https:\/\/arantv.az\/index.php?rest_route=\/wp\/v2\/types\/post"}],"author":[{"embeddable":true,"href":"https:\/\/arantv.az\/index.php?rest_route=\/wp\/v2\/users\/2"}],"replies":[{"embeddable":true,"href":"https:\/\/arantv.az\/index.php?rest_route=%2Fwp%2Fv2%2Fcomments&post=25507"}],"version-history":[{"count":0,"href":"https:\/\/arantv.az\/index.php?rest_route=\/wp\/v2\/posts\/25507\/revisions"}],"wp:featuredmedia":[{"embeddable":true,"href":"https:\/\/arantv.az\/index.php?rest_route=\/wp\/v2\/media\/25508"}],"wp:attachment":[{"href":"https:\/\/arantv.az\/index.php?rest_route=%2Fwp%2Fv2%2Fmedia&parent=25507"}],"wp:term":[{"taxonomy":"category","embeddable":true,"href":"https:\/\/arantv.az\/index.php?rest_route=%2Fwp%2Fv2%2Fcategories&post=25507"},{"taxonomy":"post_tag","embeddable":true,"href":"https:\/\/arantv.az\/index.php?rest_route=%2Fwp%2Fv2%2Ftags&post=25507"}],"curies":[{"name":"wp","href":"https:\/\/api.w.org\/{rel}","templated":true}]}}