{"id":25510,"date":"2018-11-29T08:27:10","date_gmt":"2018-11-29T05:27:10","guid":{"rendered":"http:\/\/arantv.az\/?p=25510"},"modified":"2018-11-29T08:27:10","modified_gmt":"2018-11-29T05:27:10","slug":"iki-usaq-atasi-olan-kur%c9%99k%c9%99n-qayinatasini-misarla-dogradi-d%c9%99hs%c9%99tli-hadis%c9%99","status":"publish","type":"post","link":"https:\/\/arantv.az\/?p=25510","title":{"rendered":"\u0130ki u\u015faq atas\u0131 olan k\u00fcr\u0259k\u0259n qay\u0131natas\u0131n\u0131 mi\u015farla do\u011frad\u0131 \u2013 d\u0259h\u015f\u0259tli hadis\u0259"},"content":{"rendered":"<p>O\u011fuz rayonunda qay\u0131natas\u0131n\u0131 \u00f6ld\u00fcrm\u0259y\u0259 c\u0259hd etm\u0259kd\u0259 t\u0259qsirli bilin\u0259n 1991-ci il t\u0259v\u0259ll\u00fcdl\u00fc S\u0259fa F\u0259t\u0259liyevin m\u0259hk\u0259m\u0259 prosesi ba\u015fa \u00e7at\u0131b.<\/p>\n<p><b>ARANTV.AZ<\/b>\u00a0teleqraf.com-a istinad\u0259n x\u0259b\u0259r verir ki, S\u0259fa F\u0259t\u0259liyev 1 aprel 2018-ci ild\u0259 saat 13.30-da O\u011fuz rayonunun Xa\u00e7maz k\u0259ndind\u0259 qay\u0131natas\u0131 T\u0259rlan \u0130manovla m\u00fcbahis\u0259 edib.<\/p>\n<p>T\u0259rlan \u0130manov k\u00fcr\u0259k\u0259nin\u0259 h\u00fccum ed\u0259r\u0259k a\u011fac par\u00e7as\u0131 il\u0259 vurmaq ist\u0259yib.<\/p>\n<p>S\u0259fa F\u0259t\u0259liyev is\u0259 qay\u0131natas\u0131n\u0131 qorxutmaq m\u0259qs\u0259dil\u0259 motorlu mi\u015far\u0131 ona t\u0259r\u0259f uzad\u0131b.<\/p>\n<p>T\u0259rlan \u0130manov d\u00f6\u015f q\u0259f\u0259sind\u0259n x\u0259sar\u0259t al\u0131b.<\/p>\n<p>Vaxt\u0131nda x\u0259st\u0259xanaya yerl\u0259\u015fdirildiyi \u00fc\u00e7\u00fcn onun h\u0259yat\u0131n\u0131 xilas etm\u0259k m\u00fcmk\u00fcn olub.<\/p>\n<p>M\u0259lum olub ki, h\u0259r iki \u015f\u0259xs i\u00e7ki alud\u0259\u00e7isi olub. Hadis\u0259 ba\u015f ver\u0259n g\u00fcn\u00fc qay\u0131nata v\u0259 k\u00fcr\u0259k\u0259n h\u0259y\u0259td\u0259 i\u015f g\u00f6r\u00fcbl\u0259r. \u0130\u015f zaman\u0131 m\u00fcbahis\u0259 edibl\u0259r.<\/p>\n<p>G\u00fcnorta nahar\u0131 zaman\u0131 i\u00e7ki i\u00e7\u0259n qay\u0131nata v\u0259 k\u00fcr\u0259k\u0259n yenid\u0259n m\u00fcbahis\u0259 m\u00f6vzusuna qay\u0131d\u0131blar. M\u00fcbahis\u0259 qanl\u0131 olay\u0131n ba\u015f verm\u0259si il\u0259 n\u0259tic\u0259l\u0259nib.<\/p>\n<p>S\u0259fa F\u0259t\u0259liyev Xa\u00e7maz k\u0259ndinin sakini deyil. O, O\u011fuz rayonunun Padar k\u0259ndind\u0259 anadan olub. Atas\u0131 v\u0259 anas\u0131 bo\u015fanandan sonra evi t\u0259rk ed\u0259n S\u0259fa F\u0259t\u0259liyev Xa\u00e7maz k\u0259ndin\u0259 g\u0259lib.<\/p>\n<p>Burada m\u0259skunla\u015faraq T\u0259rlan \u0130manovun q\u0131z\u0131 il\u0259 ail\u0259 qurub, onun evind\u0259 ya\u015fama\u011fa ba\u015flay\u0131b.<\/p>\n<p>\u0130stintaq orqan\u0131 t\u0259r\u0259find\u0259n S\u0259fa F\u0259t\u0259liyevin bar\u0259sind\u0259 Cinay\u0259t M\u0259c\u0259ll\u0259sinin 126.1-ci (q\u0259sd\u0259n sa\u011flaml\u0131\u011fa a\u011f\u0131r x\u0259sar\u0259t yetirm\u0259) madd\u0259si il\u0259 ittiham elan edilib.<\/p>\n<p>\u015e\u0259ki A\u011f\u0131r Cinay\u0259tl\u0259r M\u0259hk\u0259m\u0259sinin h\u00f6km\u00fc il\u0259 S\u0259fa F\u0259t\u0259liyev 5 il m\u00fcdd\u0259tin\u0259 azadl\u0131qdan m\u0259hrum edilib.<\/p>\n<p>H\u00f6kmd\u0259n naraz\u0131 qalan iki u\u015faq atas\u0131 S\u0259fa F\u0259t\u0259liyev apelyasiya \u015fikay\u0259ti verib. O, bar\u0259sind\u0259 Cinay\u0259t M\u0259c\u0259ll\u0259sinin 70-ci (\u015f\u0259rti m\u0259hkum etm\u0259) madd\u0259sinin t\u0259tbiq edilm\u0259sini xahi\u015f edib.<\/p>\n<p>S\u0259fa F\u0259t\u0259liyevin \u015fikay\u0259t ara\u015fd\u0131r\u0131lmas\u0131 \u00fc\u00e7\u00fcn \u015e\u0259ki Apelyasiya M\u0259hk\u0259m\u0259sin\u0259 g\u00f6nd\u0259rilib. Hakim \u0130manverdi \u015e\u00fck\u00fcrovun s\u0259drlik etdiyi kollegiya S\u0259fa F\u0259t\u0259liyevin \u015fikay\u0259tini t\u0259min etm\u0259yib.<\/p>\n","protected":false},"excerpt":{"rendered":"<p>O\u011fuz rayonunda qay\u0131natas\u0131n\u0131 \u00f6ld\u00fcrm\u0259y\u0259 c\u0259hd etm\u0259kd\u0259 t\u0259qsirli bilin\u0259n 1991-ci il t\u0259v\u0259ll\u00fcdl\u00fc S\u0259fa F\u0259t\u0259liyevin m\u0259hk\u0259m\u0259 prosesi ba\u015fa \u00e7at\u0131b. ARANTV.AZ\u00a0teleqraf.com-a istinad\u0259n x\u0259b\u0259r verir ki, S\u0259fa F\u0259t\u0259liyev 1 aprel 2018-ci ild\u0259 saat 13.30-da O\u011fuz rayonunun Xa\u00e7maz k\u0259ndind\u0259 qay\u0131natas\u0131 T\u0259rlan \u0130manovla m\u00fcbahis\u0259 edib. T\u0259rlan \u0130manov k\u00fcr\u0259k\u0259nin\u0259 h\u00fccum ed\u0259r\u0259k a\u011fac par\u00e7as\u0131 il\u0259 vurmaq ist\u0259yib. S\u0259fa F\u0259t\u0259liyev is\u0259 qay\u0131natas\u0131n\u0131 qorxutmaq m\u0259qs\u0259dil\u0259 motorlu mi\u015far\u0131 ona t\u0259r\u0259f uzad\u0131b. T\u0259rlan \u0130manov d\u00f6\u015f q\u0259f\u0259sind\u0259n x\u0259sar\u0259t al\u0131b. Vaxt\u0131nda x\u0259st\u0259xanaya yerl\u0259\u015fdirildiyi \u00fc\u00e7\u00fcn onun h\u0259yat\u0131n\u0131 xilas etm\u0259k m\u00fcmk\u00fcn olub. M\u0259lum olub ki, h\u0259r iki \u015f\u0259xs i\u00e7ki alud\u0259\u00e7isi olub. Hadis\u0259 ba\u015f ver\u0259n g\u00fcn\u00fc qay\u0131nata&hellip;<\/p>\n","protected":false},"author":2,"featured_media":25511,"comment_status":"closed","ping_status":"closed","sticky":false,"template":"","format":"standard","meta":{"om_disable_all_campaigns":false,"_monsterinsights_skip_tracking":false,"_monsterinsights_sitenote_active":false,"_monsterinsights_sitenote_note":"","_monsterinsights_sitenote_category":0},"categories":[3],"tags":[],"aioseo_notices":[],"gutentor_comment":0,"rttpg_featured_image_url":{"full":["https:\/\/arantv.az\/wp-content\/uploads\/2018\/11\/1543410503qetl.jpg",548,297,false],"landscape":["https:\/\/arantv.az\/wp-content\/uploads\/2018\/11\/1543410503qetl.jpg",548,297,false],"portraits":["https:\/\/arantv.az\/wp-content\/uploads\/2018\/11\/1543410503qetl.jpg",548,297,false],"thumbnail":["https:\/\/arantv.az\/wp-content\/uploads\/2018\/11\/1543410503qetl-150x150.jpg",150,150,true],"medium":["https:\/\/arantv.az\/wp-content\/uploads\/2018\/11\/1543410503qetl-300x163.jpg",300,163,true],"large":["https:\/\/arantv.az\/wp-content\/uploads\/2018\/11\/1543410503qetl.jpg",548,297,false],"1536x1536":["https:\/\/arantv.az\/wp-content\/uploads\/2018\/11\/1543410503qetl.jpg",548,297,false],"2048x2048":["https:\/\/arantv.az\/wp-content\/uploads\/2018\/11\/1543410503qetl.jpg",548,297,false],"post-thumbnail":["https:\/\/arantv.az\/wp-content\/uploads\/2018\/11\/1543410503qetl-240x172.jpg",240,172,true],"advps-thumb-one":["https:\/\/arantv.az\/wp-content\/uploads\/2018\/11\/1543410503qetl.jpg",548,297,false]},"rttpg_author":{"display_name":"V\u00fcsal Rafiqo\u011flu","author_link":"https:\/\/arantv.az\/?author=2"},"rttpg_comment":0,"rttpg_category":"<a href=\"https:\/\/arantv.az\/?cat=3\" rel=\"category\">Kriminal<\/a>","rttpg_excerpt":"O\u011fuz rayonunda qay\u0131natas\u0131n\u0131 \u00f6ld\u00fcrm\u0259y\u0259 c\u0259hd etm\u0259kd\u0259 t\u0259qsirli bilin\u0259n 1991-ci il t\u0259v\u0259ll\u00fcdl\u00fc S\u0259fa F\u0259t\u0259liyevin m\u0259hk\u0259m\u0259 prosesi ba\u015fa \u00e7at\u0131b. ARANTV.AZ\u00a0teleqraf.com-a istinad\u0259n x\u0259b\u0259r verir ki, S\u0259fa F\u0259t\u0259liyev 1 aprel 2018-ci ild\u0259 saat 13.30-da O\u011fuz rayonunun Xa\u00e7maz k\u0259ndind\u0259 qay\u0131natas\u0131 T\u0259rlan \u0130manovla m\u00fcbahis\u0259 edib. T\u0259rlan \u0130manov k\u00fcr\u0259k\u0259nin\u0259 h\u00fccum ed\u0259r\u0259k a\u011fac par\u00e7as\u0131 il\u0259 vurmaq ist\u0259yib. S\u0259fa F\u0259t\u0259liyev is\u0259 qay\u0131natas\u0131n\u0131 qorxutmaq m\u0259qs\u0259dil\u0259&hellip;","_links":{"self":[{"href":"https:\/\/arantv.az\/index.php?rest_route=\/wp\/v2\/posts\/25510"}],"collection":[{"href":"https:\/\/arantv.az\/index.php?rest_route=\/wp\/v2\/posts"}],"about":[{"href":"https:\/\/arantv.az\/index.php?rest_route=\/wp\/v2\/types\/post"}],"author":[{"embeddable":true,"href":"https:\/\/arantv.az\/index.php?rest_route=\/wp\/v2\/users\/2"}],"replies":[{"embeddable":true,"href":"https:\/\/arantv.az\/index.php?rest_route=%2Fwp%2Fv2%2Fcomments&post=25510"}],"version-history":[{"count":0,"href":"https:\/\/arantv.az\/index.php?rest_route=\/wp\/v2\/posts\/25510\/revisions"}],"wp:featuredmedia":[{"embeddable":true,"href":"https:\/\/arantv.az\/index.php?rest_route=\/wp\/v2\/media\/25511"}],"wp:attachment":[{"href":"https:\/\/arantv.az\/index.php?rest_route=%2Fwp%2Fv2%2Fmedia&parent=25510"}],"wp:term":[{"taxonomy":"category","embeddable":true,"href":"https:\/\/arantv.az\/index.php?rest_route=%2Fwp%2Fv2%2Fcategories&post=25510"},{"taxonomy":"post_tag","embeddable":true,"href":"https:\/\/arantv.az\/index.php?rest_route=%2Fwp%2Fv2%2Ftags&post=25510"}],"curies":[{"name":"wp","href":"https:\/\/api.w.org\/{rel}","templated":true}]}}