{"id":25523,"date":"2018-11-29T08:43:53","date_gmt":"2018-11-29T05:43:53","guid":{"rendered":"http:\/\/arantv.az\/?p=25523"},"modified":"2018-11-29T08:43:53","modified_gmt":"2018-11-29T05:43:53","slug":"d%c9%99d%c9%99-qorqud-irsi-unesco-nun-qeyri-maddi-m%c9%99d%c9%99ni-irs-uzr%c9%99-reprezentativ-siyahisina-daxil-edilib","status":"publish","type":"post","link":"https:\/\/arantv.az\/?p=25523","title":{"rendered":"\u201cD\u0259d\u0259 Qorqud irsi\u201d UNESCO-nun Qeyri-maddi m\u0259d\u0259ni irs \u00fczr\u0259 Reprezentativ siyah\u0131s\u0131na daxil edilib"},"content":{"rendered":"<p><strong>ARANTV.AZ<\/strong> x\u0259b\u0259r verir ki, noyabr\u0131n 28-d\u0259 Mavriki Respublikas\u0131n\u0131n paytaxt\u0131 Port Luis \u015f\u0259h\u0259rind\u0259 UNESCO-nun Qeyri-maddi m\u0259d\u0259ni irsin qorunmas\u0131 \u00fczr\u0259 H\u00f6kum\u0259tl\u0259raras\u0131 Komit\u0259sinin 13-c\u00fc sessiyas\u0131nda q\u0259bul edilmi\u015f q\u0259rarla Az\u0259rbaycan\u0131n T\u00fcrkiy\u0259 v\u0259 Qazax\u0131stan il\u0259 birg\u0259 t\u0259qdim etdiyi \u201cD\u0259d\u0259 Qorqud irsi: Dastan m\u0259d\u0259niyy\u0259ti, xalq na\u011f\u0131llar\u0131 v\u0259 musiqisi\u201d \u00e7oxmill\u0259tli m\u0259d\u0259niyy\u0259t n\u00fcmun\u0259si kimi UNESCO-nun Qeyri-maddi m\u0259d\u0259ni irs \u00fczr\u0259 Reprezentativ siyah\u0131s\u0131na daxil edilib.<\/p>\n<p>Bu bar\u0259d\u0259 Az\u0259rbaycan Respublikas\u0131n\u0131n M\u0259d\u0259niyy\u0259t v\u0259 Xarici \u0130\u015fl\u0259r nazirlikl\u0259rinin birg\u0259 b\u0259yanat\u0131nda bildirilir.<\/p>\n<p>B\u0259yanatda deyilir: \u201cD\u0259d\u0259 Qorqud irsi: Dastan m\u0259d\u0259niyy\u0259ti, xalq na\u011f\u0131llar\u0131 v\u0259 musiqisi\u201d adl\u0131 \u00e7oxmill\u0259tli m\u0259d\u0259niyy\u0259t n\u00fcmun\u0259si Az\u0259rbaycanda, T\u00fcrkiy\u0259d\u0259 v\u0259 Qazax\u0131standa birlik, b\u0259rab\u0259rlik v\u0259 m\u00fcxt\u0259lifliyi, h\u0259m\u00e7inin xalqlar\u0131m\u0131z\u0131n ail\u0259 d\u0259y\u0259rl\u0259rini, qad\u0131n\u0131n c\u0259miyy\u0259td\u0259 rolunu, qonaqp\u0259rv\u0259rlik v\u0259 \u0259dal\u0259t prinsipl\u0259rini t\u0259bli\u011f etdiyini ifad\u0259 edir.<\/p>\n<p>Erm\u0259nistan n\u00fcmay\u0259nd\u0259sinin \u201cD\u0259d\u0259 Qorqud irsi: Dastan m\u0259d\u0259niyy\u0259ti, xalq na\u011f\u0131llar\u0131 v\u0259 musiqisi\u201d adl\u0131 \u00e7oxmill\u0259tli m\u0259d\u0259niyy\u0259t n\u00fcmun\u0259sinin Az\u0259rbaycana dair hiss\u0259sin\u0259 qar\u015f\u0131 \u0259sass\u0131z \u00e7\u0131x\u0131\u015f etm\u0259si he\u00e7 bir n\u0259tic\u0259 verm\u0259di. Erm\u0259nistan t\u0259r\u0259finin qeyri-konstruktiv v\u0259 yersiz m\u00f6vqeyinin yolverilm\u0259z oldu\u011funu bir daha diqq\u0259t\u0259 \u00e7atd\u0131ran Az\u0259rbaycan n\u00fcmay\u0259nd\u0259 hey\u0259ti \u00f6lk\u0259mizin bu \u00e7oxmill\u0259tli nominasiyan\u0131n t\u0259r\u0259fi olmaqla regional \u0259m\u0259kda\u015fl\u0131\u011fa v\u0259 ortaq mirasa sahib olan \u00f6lk\u0259l\u0259rl\u0259 m\u0259d\u0259niyy\u0259tin b\u00f6l\u00fc\u015f\u00fclm\u0259si faktoruna \u00f6n\u0259m verdiyini v\u0259 bununla da UNESCO-nun xo\u015fm\u0259raml\u0131 prinsipl\u0259rin\u0259 sadiqliyini n\u00fcmayi\u015f etdirdiyini bildirib.<\/p>\n<p>UNESCO il\u0259 \u0259m\u0259kda\u015fl\u0131\u011f\u0131n geni\u015fl\u0259ndirilm\u0259sind\u0259 v\u0259 m\u0259d\u0259ni irsimizin qorunmas\u0131 v\u0259 d\u00fcnya miqyas\u0131nda t\u0259bli\u011find\u0259 \u0259v\u0259zsiz xidm\u0259tl\u0259ri olan Az\u0259rbaycan Respublikas\u0131n\u0131n Birinci vitse-prezidenti, Heyd\u0259r \u018fliyev Fondunun prezidenti, UNESCO-nun v\u0259 ISESCO-nun xo\u015fm\u0259raml\u0131 s\u0259firi xan\u0131m Mehriban \u018fliyevan\u0131n d\u0259st\u0259yi il\u0259 \u201cD\u0259d\u0259 Qorqud irsi: Dastan m\u0259d\u0259niyy\u0259ti, xalq na\u011f\u0131llar\u0131 v\u0259 musiqisi\u201d adl\u0131 \u00e7oxmill\u0259tli m\u0259d\u0259niyy\u0259t n\u00fcmun\u0259si il\u0259 yana\u015f\u0131, haz\u0131rda kaman\u00e7a haz\u0131rlanmas\u0131 v\u0259 ifa\u00e7\u0131l\u0131q s\u0259n\u0259ti, dolma haz\u0131rlama v\u0259 payla\u015fma \u0259n\u0259n\u0259si, Az\u0259rbaycan mu\u011fam ifa\u00e7\u0131l\u0131\u011f\u0131, lava\u015f bi\u015firm\u0259 v\u0259 payla\u015fma \u0259n\u0259n\u0259si, Lah\u0131c misg\u0259rlik s\u0259n\u0259ti, a\u015f\u0131q s\u0259n\u0259ti, Novruz bayram\u0131, xal\u00e7a s\u0259n\u0259ti, tar ifa\u00e7\u0131l\u0131\u011f\u0131, k\u0259la\u011fay\u0131 s\u0259n\u0259ti UNESCO-nun Qeyri-Maddi M\u0259d\u0259ni \u0130rs \u00fczr\u0259 Reprezentativ Siyah\u0131s\u0131nda, h\u0259m\u00e7inin Qaraba\u011f\u0131n \u00c7\u00f6vk\u0259n \u0259n\u0259n\u0259vi at\u00fcst\u00fc oyunu v\u0259 \u201cYall\u0131 (K\u00f6\u00e7\u0259ri, T\u0259nz\u0259r\u0259), Nax\u00e7\u0131van\u0131n \u0259n\u0259n\u0259vi qrup r\u0259qsl\u0259ri\u201dnin is\u0259 UNESCO-nun t\u0259cili qorunmaya ehtiyac\u0131 olan qeyri-maddi m\u0259d\u0259ni irs siyah\u0131s\u0131nda yer al\u0131r\u201d.<\/p>\n","protected":false},"excerpt":{"rendered":"<p>ARANTV.AZ x\u0259b\u0259r verir ki, noyabr\u0131n 28-d\u0259 Mavriki Respublikas\u0131n\u0131n paytaxt\u0131 Port Luis \u015f\u0259h\u0259rind\u0259 UNESCO-nun Qeyri-maddi m\u0259d\u0259ni irsin qorunmas\u0131 \u00fczr\u0259 H\u00f6kum\u0259tl\u0259raras\u0131 Komit\u0259sinin 13-c\u00fc sessiyas\u0131nda q\u0259bul edilmi\u015f q\u0259rarla Az\u0259rbaycan\u0131n T\u00fcrkiy\u0259 v\u0259 Qazax\u0131stan il\u0259 birg\u0259 t\u0259qdim etdiyi \u201cD\u0259d\u0259 Qorqud irsi: Dastan m\u0259d\u0259niyy\u0259ti, xalq na\u011f\u0131llar\u0131 v\u0259 musiqisi\u201d \u00e7oxmill\u0259tli m\u0259d\u0259niyy\u0259t n\u00fcmun\u0259si kimi UNESCO-nun Qeyri-maddi m\u0259d\u0259ni irs \u00fczr\u0259 Reprezentativ siyah\u0131s\u0131na daxil edilib. Bu bar\u0259d\u0259 Az\u0259rbaycan Respublikas\u0131n\u0131n M\u0259d\u0259niyy\u0259t v\u0259 Xarici \u0130\u015fl\u0259r nazirlikl\u0259rinin birg\u0259 b\u0259yanat\u0131nda bildirilir. B\u0259yanatda deyilir: \u201cD\u0259d\u0259 Qorqud irsi: Dastan m\u0259d\u0259niyy\u0259ti, xalq na\u011f\u0131llar\u0131 v\u0259 musiqisi\u201d adl\u0131 \u00e7oxmill\u0259tli m\u0259d\u0259niyy\u0259t n\u00fcmun\u0259si Az\u0259rbaycanda, T\u00fcrkiy\u0259d\u0259 v\u0259 Qazax\u0131standa birlik, b\u0259rab\u0259rlik v\u0259 m\u00fcxt\u0259lifliyi,&hellip;<\/p>\n","protected":false},"author":2,"featured_media":25524,"comment_status":"closed","ping_status":"closed","sticky":false,"template":"","format":"standard","meta":{"om_disable_all_campaigns":false,"_monsterinsights_skip_tracking":false,"_monsterinsights_sitenote_active":false,"_monsterinsights_sitenote_note":"","_monsterinsights_sitenote_category":0},"categories":[1],"tags":[],"aioseo_notices":[],"gutentor_comment":0,"rttpg_featured_image_url":{"full":["https:\/\/arantv.az\/wp-content\/uploads\/2018\/11\/fiopmd3urqtucdc7i63okl20i0ded.jpg",1000,598,false],"landscape":["https:\/\/arantv.az\/wp-content\/uploads\/2018\/11\/fiopmd3urqtucdc7i63okl20i0ded.jpg",1000,598,false],"portraits":["https:\/\/arantv.az\/wp-content\/uploads\/2018\/11\/fiopmd3urqtucdc7i63okl20i0ded.jpg",1000,598,false],"thumbnail":["https:\/\/arantv.az\/wp-content\/uploads\/2018\/11\/fiopmd3urqtucdc7i63okl20i0ded-150x150.jpg",150,150,true],"medium":["https:\/\/arantv.az\/wp-content\/uploads\/2018\/11\/fiopmd3urqtucdc7i63okl20i0ded-300x179.jpg",300,179,true],"large":["https:\/\/arantv.az\/wp-content\/uploads\/2018\/11\/fiopmd3urqtucdc7i63okl20i0ded.jpg",640,383,false],"1536x1536":["https:\/\/arantv.az\/wp-content\/uploads\/2018\/11\/fiopmd3urqtucdc7i63okl20i0ded.jpg",1000,598,false],"2048x2048":["https:\/\/arantv.az\/wp-content\/uploads\/2018\/11\/fiopmd3urqtucdc7i63okl20i0ded.jpg",1000,598,false],"post-thumbnail":["https:\/\/arantv.az\/wp-content\/uploads\/2018\/11\/fiopmd3urqtucdc7i63okl20i0ded-240x172.jpg",240,172,true],"advps-thumb-one":["https:\/\/arantv.az\/wp-content\/uploads\/2018\/11\/fiopmd3urqtucdc7i63okl20i0ded.jpg",1000,598,false]},"rttpg_author":{"display_name":"V\u00fcsal Rafiqo\u011flu","author_link":"https:\/\/arantv.az\/?author=2"},"rttpg_comment":0,"rttpg_category":"<a href=\"https:\/\/arantv.az\/?cat=1\" rel=\"category\">C\u0259miyy\u0259t<\/a>","rttpg_excerpt":"ARANTV.AZ x\u0259b\u0259r verir ki, noyabr\u0131n 28-d\u0259 Mavriki Respublikas\u0131n\u0131n paytaxt\u0131 Port Luis \u015f\u0259h\u0259rind\u0259 UNESCO-nun Qeyri-maddi m\u0259d\u0259ni irsin qorunmas\u0131 \u00fczr\u0259 H\u00f6kum\u0259tl\u0259raras\u0131 Komit\u0259sinin 13-c\u00fc sessiyas\u0131nda q\u0259bul edilmi\u015f q\u0259rarla Az\u0259rbaycan\u0131n T\u00fcrkiy\u0259 v\u0259 Qazax\u0131stan il\u0259 birg\u0259 t\u0259qdim etdiyi \u201cD\u0259d\u0259 Qorqud irsi: Dastan m\u0259d\u0259niyy\u0259ti, xalq na\u011f\u0131llar\u0131 v\u0259 musiqisi\u201d \u00e7oxmill\u0259tli m\u0259d\u0259niyy\u0259t n\u00fcmun\u0259si kimi UNESCO-nun Qeyri-maddi m\u0259d\u0259ni irs \u00fczr\u0259 Reprezentativ siyah\u0131s\u0131na daxil edilib.&hellip;","_links":{"self":[{"href":"https:\/\/arantv.az\/index.php?rest_route=\/wp\/v2\/posts\/25523"}],"collection":[{"href":"https:\/\/arantv.az\/index.php?rest_route=\/wp\/v2\/posts"}],"about":[{"href":"https:\/\/arantv.az\/index.php?rest_route=\/wp\/v2\/types\/post"}],"author":[{"embeddable":true,"href":"https:\/\/arantv.az\/index.php?rest_route=\/wp\/v2\/users\/2"}],"replies":[{"embeddable":true,"href":"https:\/\/arantv.az\/index.php?rest_route=%2Fwp%2Fv2%2Fcomments&post=25523"}],"version-history":[{"count":0,"href":"https:\/\/arantv.az\/index.php?rest_route=\/wp\/v2\/posts\/25523\/revisions"}],"wp:featuredmedia":[{"embeddable":true,"href":"https:\/\/arantv.az\/index.php?rest_route=\/wp\/v2\/media\/25524"}],"wp:attachment":[{"href":"https:\/\/arantv.az\/index.php?rest_route=%2Fwp%2Fv2%2Fmedia&parent=25523"}],"wp:term":[{"taxonomy":"category","embeddable":true,"href":"https:\/\/arantv.az\/index.php?rest_route=%2Fwp%2Fv2%2Fcategories&post=25523"},{"taxonomy":"post_tag","embeddable":true,"href":"https:\/\/arantv.az\/index.php?rest_route=%2Fwp%2Fv2%2Ftags&post=25523"}],"curies":[{"name":"wp","href":"https:\/\/api.w.org\/{rel}","templated":true}]}}