{"id":25527,"date":"2018-11-29T08:45:10","date_gmt":"2018-11-29T05:45:10","guid":{"rendered":"http:\/\/arantv.az\/?p=25527"},"modified":"2018-11-29T08:45:10","modified_gmt":"2018-11-29T05:45:10","slug":"asan-xidm%c9%99tin-%c9%99m%c9%99kdaslari-qusarlilara-s%c9%99yyar-xidm%c9%99t-gost%c9%99rirl%c9%99r","status":"publish","type":"post","link":"https:\/\/arantv.az\/?p=25527","title":{"rendered":"\u201cASAN Xidm\u0259t\u201din \u0259m\u0259kda\u015flar\u0131 Qusarl\u0131lara s\u0259yyar xidm\u0259t g\u00f6st\u0259rirl\u0259r"},"content":{"rendered":"<p><span lang=\"AZ-LATIN\"><strong>ARANTV.AZ<\/strong> x\u0259b\u0259r verir ki, haz\u0131rda \u00f6lk\u0259mizd\u0259 10-u b\u00f6lg\u0259l\u0259rd\u0259 olmaqla 15 \u201cASAN xidm\u0259t\u201d m\u0259rk\u0259zi f\u0259aliyy\u0259t g\u00f6st\u0259rir. Amma bel\u0259 m\u0259rk\u0259zl\u0259rin olmad\u0131\u011f\u0131 \u015f\u0259h\u0259r v\u0259 rayonlar\u0131n sakinl\u0259ri d\u0259 d\u00f6vl\u0259t orqanlar\u0131n\u0131n xidm\u0259tl\u0259rind\u0259n rahat istifad\u0259 ed\u0259 bilirl\u0259r. \u201cASAN Xidm\u0259t\u201din \u0259m\u0259kda\u015flar\u0131 haz\u0131rda Qusarl\u0131lara s\u0259yyar xidm\u0259t g\u00f6st\u0259rirl\u0259r. Noyabr\u0131n 7-d\u0259n b\u0259ri burada 1700 n\u0259f\u0259r\u0259 xidm\u0259t g\u00f6st\u0259rilib.\u00a0<\/span><span lang=\"AZ-LATIN\">\u00a0<\/span><\/p>\n<p>&nbsp;<\/p>\n<p><span lang=\"AZ-LATIN\">Quba ASAN Xidm\u0259t M\u0259rk\u0259zinin m\u00fcasir texnoloji avadanl\u0131qlarla t\u0259chiz edil\u0259n x\u00fcsusi avtobusunun Qusara g\u0259lm\u0259si il\u0259 bu rayonun sakinl\u0259rinin d\u0259 i\u015fi asanla\u015f\u0131b. Sakinl\u0259r<strong>\u00a0<\/strong>vaxt itirm\u0259d\u0259n v\u0259 uzaq m\u0259saf\u0259 q\u0259t etm\u0259d\u0259n xidm\u0259tin\u00a0<\/span><span lang=\"AZ-CYR\">avtobus<\/span><span lang=\"AZ-LATIN\">unda qurulan mobil ofisd\u0259 laz\u0131mi s\u0259n\u0259dl\u0259ri q\u0131sa m\u00fcdd\u0259td\u0259 \u0259ld\u0259 ed\u0259 bilirl\u0259r. \u00d6z innovativliyin\u0259 g\u00f6r\u0259 se\u00e7il\u0259n Asan Xidm\u0259td\u0259n qusarl\u0131lar da raz\u0131 qal\u0131rlar.<\/span><\/p>\n<p>&nbsp;<\/p>\n<p><span lang=\"AZ-LATIN\">S\u0259yyar \u015f\u0259kild\u0259 g\u00f6st\u0259ril\u0259n xidm\u0259tl\u0259ri \u018fdliyy\u0259, Daxili \u0130\u015fl\u0259r, \u018fm\u0259k v\u0259 \u018fhalinin Sosial M\u00fcdafi\u0259si nazirlikl\u0259ri, \u018fmlak M\u0259s\u0259l\u0259l\u0259ri D\u00f6vl\u0259t Komit\u0259si, \u201cAz\u0259riqaz\u201d \u0130stehsalat Birliyi\u00a0 t\u0259qdim edir. V\u0259t\u0259nda\u015flar \u0259sas\u0259n notariat f\u0259aliyy\u0259ti, v\u0259t\u0259nda\u015fl\u0131q v\u0259ziyy\u0259ti aktlar\u0131n\u0131n d\u00f6vl\u0259t qeydiyyat\u0131, \u015f\u0259xsiyy\u0259t v\u0259siq\u0259l\u0259rinin verilm\u0259si v\u0259 d\u0259yi\u015fdirilm\u0259si, \u00fcmumv\u0259t\u0259nda\u015f pasportlar\u0131n\u0131n verilm\u0259si v\u0259 d\u0259yi\u015fdirilm\u0259si, s\u00fcr\u00fcc\u00fcl\u00fck v\u0259siq\u0259l\u0259rinin d\u0259yi\u015fdirilm\u0259si, \u0259m\u0259k pensiyalar\u0131n\u0131n t\u0259yin edilm\u0259si, texniki pasportlar\u0131n verilm\u0259si \u00fc\u00e7\u00fcn m\u00fcraci\u0259t edirl\u0259r.<\/span><\/p>\n<p>&nbsp;<\/p>\n<p><span lang=\"AZ-LATIN\">\u201cASAN xidm\u0259t\u201din \u0259m\u0259kda\u015flar\u0131na yerli g\u0259ncl\u0259r d\u0259 k\u00f6n\u00fcll\u00fc kimi k\u00f6m\u0259k edirl\u0259r. Bu i\u015f onlar \u00fc\u00e7\u00fcn g\u0259l\u0259c\u0259k karyeralar\u0131 bax\u0131m\u0131ndan yax\u015f\u0131 t\u0259cr\u00fcb\u0259dir.\u00a0<\/span><span lang=\"AZ-LATIN\">\u00a0<\/span><\/p>\n<p>&nbsp;<\/p>\n<p><span lang=\"AZ-LATIN\">Quba ASAN xidm\u0259t avtobusu dekabr\u0131n 6-a q\u0259d\u0259r Qusarda qalacaq. Ona g\u00f6r\u0259 d\u0259 Qusarl\u0131lar\u0131n ASAN xidm\u0259tin mobil ofisin\u0259 m\u00fcraci\u0259t etm\u0259k \u00fc\u00e7\u00fcn vaxtlar\u0131 var. Dekabr\u0131n 10-dan 29-d\u0259k is\u0259 Asan xidm\u0259t briqadas\u0131 \u015eabran v\u0259 \u0259traf rayon sakinl\u0259rinin xidm\u0259tind\u0259 olacaq.<\/span><\/p>\n","protected":false},"excerpt":{"rendered":"<p>ARANTV.AZ x\u0259b\u0259r verir ki, haz\u0131rda \u00f6lk\u0259mizd\u0259 10-u b\u00f6lg\u0259l\u0259rd\u0259 olmaqla 15 \u201cASAN xidm\u0259t\u201d m\u0259rk\u0259zi f\u0259aliyy\u0259t g\u00f6st\u0259rir. Amma bel\u0259 m\u0259rk\u0259zl\u0259rin olmad\u0131\u011f\u0131 \u015f\u0259h\u0259r v\u0259 rayonlar\u0131n sakinl\u0259ri d\u0259 d\u00f6vl\u0259t orqanlar\u0131n\u0131n xidm\u0259tl\u0259rind\u0259n rahat istifad\u0259 ed\u0259 bilirl\u0259r. \u201cASAN Xidm\u0259t\u201din \u0259m\u0259kda\u015flar\u0131 haz\u0131rda Qusarl\u0131lara s\u0259yyar xidm\u0259t g\u00f6st\u0259rirl\u0259r. Noyabr\u0131n 7-d\u0259n b\u0259ri burada 1700 n\u0259f\u0259r\u0259 xidm\u0259t g\u00f6st\u0259rilib.\u00a0\u00a0 &nbsp; Quba ASAN Xidm\u0259t M\u0259rk\u0259zinin m\u00fcasir texnoloji avadanl\u0131qlarla t\u0259chiz edil\u0259n x\u00fcsusi avtobusunun Qusara g\u0259lm\u0259si il\u0259 bu rayonun sakinl\u0259rinin d\u0259 i\u015fi asanla\u015f\u0131b. Sakinl\u0259r\u00a0vaxt itirm\u0259d\u0259n v\u0259 uzaq m\u0259saf\u0259 q\u0259t etm\u0259d\u0259n xidm\u0259tin\u00a0avtobusunda qurulan mobil ofisd\u0259 laz\u0131mi s\u0259n\u0259dl\u0259ri q\u0131sa m\u00fcdd\u0259td\u0259 \u0259ld\u0259 ed\u0259 bilirl\u0259r. \u00d6z innovativliyin\u0259 g\u00f6r\u0259 se\u00e7il\u0259n&hellip;<\/p>\n","protected":false},"author":2,"featured_media":25528,"comment_status":"closed","ping_status":"closed","sticky":false,"template":"","format":"standard","meta":{"om_disable_all_campaigns":false,"_monsterinsights_skip_tracking":false,"_monsterinsights_sitenote_active":false,"_monsterinsights_sitenote_note":"","_monsterinsights_sitenote_category":0},"categories":[2],"tags":[],"aioseo_notices":[],"gutentor_comment":0,"rttpg_featured_image_url":{"full":["https:\/\/arantv.az\/wp-content\/uploads\/2018\/11\/fiopmd3urqtucdc7i63okl20i0qus.jpg",892,669,false],"landscape":["https:\/\/arantv.az\/wp-content\/uploads\/2018\/11\/fiopmd3urqtucdc7i63okl20i0qus.jpg",892,669,false],"portraits":["https:\/\/arantv.az\/wp-content\/uploads\/2018\/11\/fiopmd3urqtucdc7i63okl20i0qus.jpg",892,669,false],"thumbnail":["https:\/\/arantv.az\/wp-content\/uploads\/2018\/11\/fiopmd3urqtucdc7i63okl20i0qus-150x150.jpg",150,150,true],"medium":["https:\/\/arantv.az\/wp-content\/uploads\/2018\/11\/fiopmd3urqtucdc7i63okl20i0qus-300x225.jpg",300,225,true],"large":["https:\/\/arantv.az\/wp-content\/uploads\/2018\/11\/fiopmd3urqtucdc7i63okl20i0qus.jpg",640,480,false],"1536x1536":["https:\/\/arantv.az\/wp-content\/uploads\/2018\/11\/fiopmd3urqtucdc7i63okl20i0qus.jpg",892,669,false],"2048x2048":["https:\/\/arantv.az\/wp-content\/uploads\/2018\/11\/fiopmd3urqtucdc7i63okl20i0qus.jpg",892,669,false],"post-thumbnail":["https:\/\/arantv.az\/wp-content\/uploads\/2018\/11\/fiopmd3urqtucdc7i63okl20i0qus-240x172.jpg",240,172,true],"advps-thumb-one":["https:\/\/arantv.az\/wp-content\/uploads\/2018\/11\/fiopmd3urqtucdc7i63okl20i0qus-892x620.jpg",892,620,true]},"rttpg_author":{"display_name":"V\u00fcsal Rafiqo\u011flu","author_link":"https:\/\/arantv.az\/?author=2"},"rttpg_comment":0,"rttpg_category":"<a href=\"https:\/\/arantv.az\/?cat=2\" rel=\"category\">Region X\u0259b\u0259rl\u0259ri<\/a>","rttpg_excerpt":"ARANTV.AZ x\u0259b\u0259r verir ki, haz\u0131rda \u00f6lk\u0259mizd\u0259 10-u b\u00f6lg\u0259l\u0259rd\u0259 olmaqla 15 \u201cASAN xidm\u0259t\u201d m\u0259rk\u0259zi f\u0259aliyy\u0259t g\u00f6st\u0259rir. Amma bel\u0259 m\u0259rk\u0259zl\u0259rin olmad\u0131\u011f\u0131 \u015f\u0259h\u0259r v\u0259 rayonlar\u0131n sakinl\u0259ri d\u0259 d\u00f6vl\u0259t orqanlar\u0131n\u0131n xidm\u0259tl\u0259rind\u0259n rahat istifad\u0259 ed\u0259 bilirl\u0259r. \u201cASAN Xidm\u0259t\u201din \u0259m\u0259kda\u015flar\u0131 haz\u0131rda Qusarl\u0131lara s\u0259yyar xidm\u0259t g\u00f6st\u0259rirl\u0259r. Noyabr\u0131n 7-d\u0259n b\u0259ri burada 1700 n\u0259f\u0259r\u0259 xidm\u0259t g\u00f6st\u0259rilib.\u00a0\u00a0 &nbsp; Quba ASAN Xidm\u0259t M\u0259rk\u0259zinin m\u00fcasir texnoloji avadanl\u0131qlarla&hellip;","_links":{"self":[{"href":"https:\/\/arantv.az\/index.php?rest_route=\/wp\/v2\/posts\/25527"}],"collection":[{"href":"https:\/\/arantv.az\/index.php?rest_route=\/wp\/v2\/posts"}],"about":[{"href":"https:\/\/arantv.az\/index.php?rest_route=\/wp\/v2\/types\/post"}],"author":[{"embeddable":true,"href":"https:\/\/arantv.az\/index.php?rest_route=\/wp\/v2\/users\/2"}],"replies":[{"embeddable":true,"href":"https:\/\/arantv.az\/index.php?rest_route=%2Fwp%2Fv2%2Fcomments&post=25527"}],"version-history":[{"count":0,"href":"https:\/\/arantv.az\/index.php?rest_route=\/wp\/v2\/posts\/25527\/revisions"}],"wp:featuredmedia":[{"embeddable":true,"href":"https:\/\/arantv.az\/index.php?rest_route=\/wp\/v2\/media\/25528"}],"wp:attachment":[{"href":"https:\/\/arantv.az\/index.php?rest_route=%2Fwp%2Fv2%2Fmedia&parent=25527"}],"wp:term":[{"taxonomy":"category","embeddable":true,"href":"https:\/\/arantv.az\/index.php?rest_route=%2Fwp%2Fv2%2Fcategories&post=25527"},{"taxonomy":"post_tag","embeddable":true,"href":"https:\/\/arantv.az\/index.php?rest_route=%2Fwp%2Fv2%2Ftags&post=25527"}],"curies":[{"name":"wp","href":"https:\/\/api.w.org\/{rel}","templated":true}]}}