{"id":25530,"date":"2018-11-29T08:47:58","date_gmt":"2018-11-29T05:47:58","guid":{"rendered":"http:\/\/arantv.az\/?p=25530"},"modified":"2018-11-29T08:47:58","modified_gmt":"2018-11-29T05:47:58","slug":"istanbulda-i%c9%99t-in-daimi-komit%c9%99sinin-34-cu-sessiyasi-c%c9%99rciv%c9%99sind%c9%99-nazirl%c9%99r-toplantisi-kecirilib","status":"publish","type":"post","link":"https:\/\/arantv.az\/?p=25530","title":{"rendered":"\u0130stanbulda \u0130\u018fT-in Daimi Komit\u0259sinin 34-c\u00fc sessiyas\u0131 \u00e7\u0259r\u00e7iv\u0259sind\u0259 nazirl\u0259r toplant\u0131s\u0131 ke\u00e7irilib"},"content":{"rendered":"<p><strong>ARANTV.AZ<\/strong> x\u0259b\u0259r verir ki, \u0130stanbulda \u0130slam \u018fm\u0259kda\u015fl\u0131q T\u0259\u015fkilat\u0131n\u0131n (\u0130\u018fT) \u0130qtisadiyyat v\u0259 Ticar\u0259t \u018fm\u0259kda\u015fl\u0131\u011f\u0131 \u00fczr\u0259 Daimi Komit\u0259sinin (COMCEC) 34-c\u00fc sessiyas\u0131 ke\u00e7irilir. \u201cTicar\u0259tin asanla\u015fd\u0131r\u0131lmas\u0131: g\u00f6mr\u00fckl\u0259rd\u0259 riskl\u0259rin idar\u0259 olunmas\u0131\u201d m\u00f6vzusunda ke\u00e7iril\u0259n sessiyada Az\u0259rbaycan\u0131 D\u00f6vl\u0259t G\u00f6mr\u00fck Komit\u0259sinin s\u0259dri, g\u00f6mr\u00fck xidm\u0259ti general-leytenant\u0131 S\u0259f\u0259r Mehdiyevin ba\u015f\u00e7\u0131l\u0131q etdiyi n\u00fcmay\u0259nd\u0259 hey\u0259ti t\u0259msil edir. Az\u0259rbaycan n\u00fcmay\u0259nd\u0259 hey\u0259tinin t\u0259rkibin\u0259 iqtisadiyyat nazirinin m\u00fcavini Sahib M\u0259mm\u0259dov v\u0259 dig\u0259r r\u0259smi \u015f\u0259xsl\u0259r daxildirl\u0259r.<\/p>\n<p>Sessiya \u00e7\u0259r\u00e7iv\u0259sind\u0259 noyabr\u0131n 28-d\u0259 T\u00fcrkiy\u0259 Prezidenti R\u0259c\u0259b Tayyib \u018frdo\u011fan\u0131n i\u015ftirak\u0131 il\u0259 nazirl\u0259r toplant\u0131s\u0131 ke\u00e7irilib. R\u0259smi a\u00e7\u0131l\u0131\u015f m\u0259rasimind\u0259 R\u0259c\u0259b Tayyib \u018frdo\u011fan, \u0130slam \u018fm\u0259kda\u015fl\u0131q T\u0259\u015fkilat\u0131n\u0131n ba\u015f katibi Yousef bin Ahmed Al-Othaimeen, \u0130slam \u0130nki\u015faf Bank\u0131 Qrupunun prezidenti Bandar Hajjar, T\u00fcrkiy\u0259nin Palatalar v\u0259 Borsalar Birliyinin (TOBB) s\u0259dri v\u0259 \u0130slam Ticar\u0259t, S\u0259naye v\u0259 K\u0259nd T\u0259s\u0259rr\u00fcfat\u0131 Palatas\u0131 ba\u015f\u00e7\u0131s\u0131n\u0131n m\u00fcavini Rifat Hisarc\u0131kl\u0131o\u011flu, el\u0259c\u0259 d\u0259 \u00fczv \u00f6lk\u0259l\u0259rin region t\u0259msil\u00e7il\u0259ri \u00e7\u0131x\u0131\u015f edibl\u0259r.<\/p>\n<p>\u0130slam \u00f6lk\u0259l\u0259rin\u0259 qar\u015f\u0131 m\u00fc\u015fahid\u0259 olunan \u0259dal\u0259tsizlikl\u0259rd\u0259n b\u0259hs ed\u0259n T\u00fcrkiy\u0259 Prezidenti deyib ki, m\u00fcnaqi\u015f\u0259 b\u00f6lg\u0259l\u0259rind\u0259 ba\u015f ver\u0259n humanitar f\u0259lak\u0259tl\u0259r m\u00fcs\u0259lman xalqlar\u0131na qar\u015f\u0131 \u0259n b\u00f6y\u00fck haqs\u0131zl\u0131qlard\u0131r. M\u00fcs\u0259lman \u00f6lk\u0259l\u0259rind\u0259ki bir s\u0131ra probleml\u0259r xarici \u00f6lk\u0259l\u0259rd\u0259n qaynaqlan\u0131r. D\u00fcnyadak\u0131 ikili standartlar\u0131n s\u00fcr\u0259tl\u0259 davam etm\u0259si yolverilm\u0259zdir. O, \u0130slam \u018fm\u0259kda\u015fl\u0131q T\u0259\u015fkilat\u0131na \u00fczv olan \u00f6lk\u0259l\u0259rin z\u0259ngin t\u0259bii qaynaqlara malik olduqlar\u0131n\u0131 bildirib, \u0130\u018fT \u00e7\u0259r\u00e7iv\u0259sind\u0259 \u0259m\u0259kda\u015fl\u0131\u011f\u0131n geni\u015fl\u0259ndirilm\u0259si imkanlar\u0131ndan b\u0259hs edib.<\/p>\n<p>\u00c7\u0131x\u0131\u015f\u0131nda \u0130\u018fT-in potensial imkanlar\u0131na geni\u015f yer ay\u0131ran \u0130slam \u018fm\u0259kda\u015fl\u0131q T\u0259\u015fkilat\u0131n\u0131n ba\u015f katibi Yousef bin Ahmed Al-Othaimeen diqq\u0259t\u0259 \u00e7atd\u0131r\u0131b ki, \u00fczv \u00f6lk\u0259l\u0259r aras\u0131nda iqtisadi v\u0259 ticar\u0259t \u0259laq\u0259l\u0259ri geni\u015fl\u0259nm\u0259kd\u0259dir. T\u0259\u015fkilat\u0131n n\u0259qliyyat, ticar\u0259t, enerji, turizm v\u0259 dig\u0259r sah\u0259l\u0259r\u0259 dair layih\u0259l\u0259ri bar\u0259d\u0259 \u00fcmumi m\u0259lumat ver\u0259n ba\u015f katib bildirib ki, b\u00fct\u00fcn bu layih\u0259l\u0259r \u0130\u018fT-\u0259 \u00fczv olan \u00f6lk\u0259l\u0259r t\u0259r\u0259find\u0259n maraqla qar\u015f\u0131lan\u0131r. T\u0259\u015fkilat\u0131n s\u00fcr\u0259tl\u0259 formala\u015fan ayr\u0131-ayr\u0131 strukturlar\u0131 bar\u0259d\u0259 dan\u0131\u015fan ba\u015f katib Bak\u0131da yerl\u0259\u015f\u0259n \u0130\u018fT \u018fm\u0259k M\u0259rk\u0259zinin f\u0259aliyy\u0259tin\u0259 g\u00f6r\u0259 Az\u0259rbaycan h\u00f6kum\u0259tin\u0259 t\u0259\u015f\u0259kk\u00fcr\u00fcn\u00fc ifad\u0259 edib.<\/p>\n<p>\u0130slam \u0130nki\u015faf Bank\u0131 (\u0130\u0130B) Qrupunun prezidenti Bandar Hajjar is\u0259 \u0130\u018fT-\u0259 \u00fczv olan \u00f6lk\u0259l\u0259r\u0259 s\u0259rmay\u0259 qoyulu\u015funun v\u0259ziyy\u0259tind\u0259n dan\u0131\u015f\u0131b.<\/p>\n<p>Sonra \u00fczv \u00f6lk\u0259l\u0259rin region t\u0259msil\u00e7il\u0259rinin \u00e7\u0131x\u0131\u015flar\u0131 dinl\u0259nilib.<\/p>\n<p>Nazirl\u0259r toplant\u0131s\u0131nda \u00e7\u0131x\u0131\u015f ed\u0259n D\u00f6vl\u0259t G\u00f6mr\u00fck Komit\u0259sinin s\u0259dri S.Mehdiyev bildirib ki, m\u00fcasir qloballa\u015fan d\u00fcnyada u\u011furlu nailiyy\u0259tl\u0259r \u0259ld\u0259 olunmas\u0131 v\u0259 iqtisadiyyat\u0131n inki\u015faf etdirilm\u0259si m\u00fch\u00fcm amill\u0259rd\u0259ndir. Haz\u0131rk\u0131 d\u00f6vrd\u0259 g\u00fccl\u00fc iqtisadiyyata malik olmaq \u00fc\u00e7\u00fcn g\u00f6mr\u00fck infrastrukturunun inki\u015faf etdirilm\u0259si d\u0259 z\u0259ruridir: \u201cTicar\u0259tin asanla\u015fd\u0131r\u0131lmas\u0131 \u00f6lk\u0259l\u0259rin rifah\u0131na, iqtisadiyyat\u0131n inki\u015faf\u0131na, ixrac potensial\u0131n\u0131n artmas\u0131na v\u0259 beyn\u0259lxalq r\u0259qab\u0259t qabiliyy\u0259tinin g\u00fccl\u0259nm\u0259sin\u0259 g\u0259tirib \u00e7\u0131xar\u0131r ki, bu da \u00f6z n\u00f6vb\u0259sind\u0259 \u00f6lk\u0259d\u0259 g\u00fccl\u00fc v\u0259 etibarl\u0131 g\u00f6mr\u00fck-biznes \u0259m\u0259kda\u015fl\u0131\u011f\u0131n\u0131n olmas\u0131 \u00fc\u00e7\u00fcn m\u00fch\u00fcm \u0259h\u0259miyy\u0259t k\u0259sb edir\u201d.<\/p>\n<p>O deyib ki, Az\u0259rbaycan\u0131n tarix\u0259n m\u00fcxt\u0259lif m\u0259d\u0259niyy\u0259t v\u0259 sivilizasiyalar\u0131n k\u0259si\u015fdiyi \u0259razid\u0259 yerl\u0259\u015fm\u0259si \u00f6lk\u0259nin \u015eimal v\u0259 C\u0259nub, Q\u0259rb v\u0259 \u015e\u0259rq aras\u0131nda k\u00f6rp\u00fc rolunu oynamas\u0131na \u0259lveri\u015fli \u015f\u0259rait yarad\u0131b. Tarixi B\u00f6y\u00fck \u0130p\u0259k Yolunun Az\u0259rbaycan \u0259razisind\u0259n ke\u00e7m\u0259si d\u00fcnya ticar\u0259ti il\u0259 intensiv \u015f\u0259kild\u0259 \u0259laq\u0259 yarad\u0131lmas\u0131nda m\u00fcst\u0259sna rol oynay\u0131b v\u0259 \u00f6lk\u0259 \u0259razisind\u0259 m\u00fcasir t\u0259l\u0259bl\u0259r\u0259 cavab ver\u0259n g\u00f6mr\u00fck i\u015finin formala\u015fmas\u0131 istiqam\u0259tind\u0259 m\u00fch\u00fcm add\u0131mlar at\u0131l\u0131b.<\/p>\n<p>Komit\u0259 s\u0259dri \u0259lav\u0259 edib ki, g\u00f6mr\u00fck orqanlar\u0131n\u0131n potensial\u0131n\u0131n g\u00fccl\u0259ndirilm\u0259si, qlobal ticar\u0259t-t\u0259chizat z\u0259ncirinin t\u0259hl\u00fck\u0259sizliyinin t\u0259min edilm\u0259si v\u0259 iqtisadi nailiyy\u0259tl\u0259rin \u0259ld\u0259 edilm\u0259si g\u00f6mr\u00fck i\u015fi sah\u0259sind\u0259 islahatlar\u0131n apar\u0131lmas\u0131n\u0131 ehtiva edir. \u00dcmummilli lider Heyd\u0259r \u018fliyevin \u0259sas\u0131n\u0131 qoydu\u011fu v\u0259 Prezident \u0130lham \u018fliyevin bu g\u00fcn u\u011furla davam etdirdiyi daxili v\u0259 xarici siyas\u0259t n\u0259tic\u0259sind\u0259 \u00f6lk\u0259d\u0259 b\u00fct\u00fcn sah\u0259l\u0259rd\u0259 oldu\u011fu kimi, g\u00f6mr\u00fck i\u015fi sah\u0259sind\u0259 d\u0259 dinamik inki\u015faf t\u0259min edilir, g\u00f6mr\u00fck sistemi t\u0259kmill\u0259\u015fdirilir v\u0259 beyn\u0259lxalq standartlara cavab ver\u0259n bir s\u0131ra m\u00fcasir layih\u0259l\u0259r v\u0259 yeni islahatlar h\u0259yata ke\u00e7irilir.<\/p>\n<p>\u201cBu g\u00fcn \u00f6lk\u0259mizin iqtisadi nailiyy\u0259tl\u0259rinin \u0259ld\u0259 olunmas\u0131nda Az\u0259rbaycan G\u00f6mr\u00fck Xidm\u0259tinin d\u0259 x\u00fcsusi yeri var. Daxili bazar\u0131n qorunmas\u0131, yerli istehsal\u0131n v\u0259 ixrac\u0131n stimulla\u015fd\u0131r\u0131lmas\u0131nda \u0259h\u0259miyy\u0259tli rol oynayan Az\u0259rbaycan g\u00f6mr\u00fck orqanlar\u0131 d\u00f6vl\u0259t ba\u015f\u00e7\u0131s\u0131n\u0131n y\u00fcks\u0259k diqq\u0259t v\u0259 qay\u011f\u0131s\u0131 say\u0259sind\u0259, x\u00fcsus\u0259n bu sah\u0259nin inki\u015faf\u0131na dair m\u00fcvafiq d\u00f6vl\u0259t proqram\u0131 \u00e7\u0259r\u00e7iv\u0259sind\u0259 realla\u015fd\u0131r\u0131lan geni\u015fmiqyasl\u0131 t\u0259dbirl\u0259r n\u0259tic\u0259sind\u0259 ilb\u0259il t\u0259kmill\u0259\u015fm\u0259kd\u0259 v\u0259 m\u00fcasirl\u0259\u015fm\u0259kd\u0259dir\u201d, &#8211; dey\u0259 o bildirib.<\/p>\n<p>S.Mehdiyev diqq\u0259t\u0259 \u00e7atd\u0131r\u0131b ki, Az\u0259rbaycan G\u00f6mr\u00fck Xidm\u0259tinin \u00fcmumi f\u0259aliyy\u0259t strategiyas\u0131 regionda qanuni ticar\u0259tin inki\u015faf\u0131na \u0259lveri\u015fli \u015f\u0259raitin yarad\u0131lmas\u0131, beyn\u0259lxalq ticar\u0259t-t\u0259chizat z\u0259ncirinin t\u0259hl\u00fck\u0259sizliyinin t\u0259min edilm\u0259si v\u0259 xarici iqtisadi f\u0259aliyy\u0259tin stimulla\u015fd\u0131r\u0131lmas\u0131 yolu il\u0259 \u00f6lk\u0259d\u0259 ticar\u0259t-investisiya m\u00fchitinin daha c\u0259lbedici olmas\u0131na y\u00f6n\u0259lib: \u201cSon d\u00f6vrd\u0259 Az\u0259rbaycan g\u00f6mr\u00fck sistemind\u0259 islahatlar\u0131n apar\u0131lmas\u0131, g\u00f6mr\u00fck-biznes \u0259m\u0259kda\u015fl\u0131\u011f\u0131n\u0131n inki\u015faf\u0131, idxal-ixrac \u0259m\u0259liyyatlar\u0131n\u0131n q\u0131sa vaxt \u0259rzind\u0259 v\u0259 s\u00fcr\u0259tli \u015f\u0259kild\u0259 h\u0259yata ke\u00e7irilm\u0259si, \u015f\u0259ffafl\u0131\u011f\u0131n t\u0259min olunmas\u0131 istiqam\u0259tind\u0259 bir s\u0131ra i\u015fl\u0259r g\u00f6r\u00fcl\u00fcb. G\u00f6mr\u00fck prosedurlar\u0131 \u2013 \u201cs\u0259rh\u0259dd\u0259n-burax\u0131l\u0131\u015fa q\u0259d\u0259r\u201d, y\u0259ni s\u0259rh\u0259dd\u0259n ke\u00e7\u0259n mallar v\u0259 n\u0259qliyyat vasit\u0259l\u0259rinin qeydiyyat\u0131, onlar \u00fcz\u0259rind\u0259 g\u00f6mr\u00fck n\u0259zar\u0259ti v\u0259 t\u0259yinat\u0131 \u00fczr\u0259 g\u00f6mr\u00fck orqan\u0131na \u00e7atd\u0131r\u0131lmas\u0131, mallar v\u0259 n\u0259qliyyat vasit\u0259l\u0259rinin b\u0259yan edilm\u0259si, b\u0259yan etm\u0259d\u0259n sonra \u00f6d\u0259ni\u015fl\u0259r v\u0259 sonda mal\u0131n sahibin\u0259 burax\u0131lmas\u0131 &#8211; b\u00fct\u00fcn proses tam avtomatla\u015fd\u0131r\u0131l\u0131b. B\u00fct\u00fcn bunlar D\u00f6vl\u0259t G\u00f6mr\u00fck Komit\u0259sinin t\u0259\u015f\u0259bb\u00fcs\u00fc v\u0259 imkanlar\u0131 n\u0259tic\u0259sind\u0259 yarad\u0131lan \u201cG\u00f6mr\u00fck xidm\u0259tinin vahid avtomatla\u015fd\u0131r\u0131lm\u0131\u015f idar\u0259etm\u0259 sistemi \u2013 VA\u0130S\u201d vasit\u0259sil\u0259 h\u0259yata ke\u00e7irilir v\u0259 bu sistem \u0259sas\u0131nda sahibkarlara elektron g\u00f6mr\u00fck xidm\u0259tl\u0259ri g\u00f6st\u0259rilir. Haz\u0131rda is\u0259, Avropa \u0130ttifaq\u0131 il\u0259 \u0259m\u0259kda\u015fl\u0131\u011f\u0131n davam\u0131 olaraq, Az\u0259rbaycan Respublikas\u0131n\u0131n \u00dcmumi Tranzit Konvensiyas\u0131na qo\u015fulmas\u0131 istiqam\u0259tind\u0259 davaml\u0131 i\u015fl\u0259r apar\u0131l\u0131r. Bununla ba\u011fl\u0131, D\u00f6vl\u0259t G\u00f6mr\u00fck Komit\u0259sinin s\u0259r\u0259ncam\u0131 il\u0259 i\u015f\u00e7i qrup yarad\u0131l\u0131b v\u0259 Komit\u0259nin \u0259m\u0259kda\u015flar\u0131 \u00fc\u00e7\u00fcn vaxta\u015f\u0131r\u0131 seminarlar ke\u00e7irilir\u201d.<\/p>\n<p>O bildirib ki, g\u00f6mr\u00fck orqanlar\u0131n\u0131n f\u0259aliyy\u0259tind\u0259 informasiya texnologiyalar\u0131n\u0131n t\u0259tbiqi g\u00f6mr\u00fck i\u015fini daha \u00e7evik edir, o c\u00fcml\u0259d\u0259n g\u00f6mr\u00fck prosedurlar\u0131n\u0131n s\u00fcr\u0259tl\u0259ndirilm\u0259si xarici iqtisadi f\u0259aliyy\u0259t i\u015ftirak\u00e7\u0131lar\u0131n\u0131n m\u0259mnunlu\u011funu art\u0131r\u0131r. D\u00f6vl\u0259t G\u00f6mr\u00fck Komit\u0259si m\u0259mur-v\u0259t\u0259nda\u015f t\u0259mas\u0131n\u0131 minimuma endirib v\u0259 korrupsiya il\u0259 m\u00fcbariz\u0259y\u0259 qar\u015f\u0131 mexanizml\u0259r haz\u0131rlay\u0131b. Haz\u0131rda 14 elektron g\u00f6mr\u00fck xidm\u0259ti \u201celektron h\u00f6kum\u0259t\u201d portal\u0131nda sahibkarlar\u0131n istifad\u0259sin\u0259 verilib.<\/p>\n<p>\u201cMaksimum d\u0259r\u0259c\u0259d\u0259 \u00e7al\u0131\u015f\u0131r\u0131q ki, sahibkarlar g\u00f6mr\u00fck orqanlar\u0131na birba\u015fa elektron xidm\u0259tl\u0259rd\u0259n istifad\u0259 etm\u0259kl\u0259 m\u00fcraci\u0259t etsinl\u0259r. H\u0259r bir xidm\u0259tin elektron formaya ke\u00e7irilm\u0259si il\u0259 ba\u011fl\u0131 konkret mexanizm haz\u0131rlan\u0131r. G\u00f6mr\u00fck r\u0259smil\u0259\u015fdirilm\u0259sind\u0259 \u015f\u0259ffafl\u0131\u011f\u0131n t\u0259min edilm\u0259si, b\u0259yanetm\u0259 prosesinin asanla\u015fd\u0131r\u0131lmas\u0131 v\u0259 g\u00f6mr\u00fck \u0259m\u0259kda\u015f\u0131 il\u0259 v\u0259t\u0259nda\u015flar\u0131n t\u0259mas\u0131n\u0131n minimuma endirilm\u0259si m\u0259qs\u0259dil\u0259 mallar\u0131n v\u0259 n\u0259qliyyat vasit\u0259l\u0259rinin ka\u011f\u0131zs\u0131z texnologiya \u0259sas\u0131nda internet \u00fcz\u0259rind\u0259n b\u0259yan edilm\u0259sin\u0259 imkan ver\u0259n Elektron G\u00f6mr\u00fck B\u0259yannam\u0259si sistemi sahibkarlar\u0131n istifad\u0259sin\u0259 verilib. Haz\u0131rda is\u0259 D\u00f6vl\u0259t G\u00f6mr\u00fck Komit\u0259si v\u0259 a\u00e7\u0131q h\u00f6kum\u0259t c\u0259miyy\u0259tl\u0259ri aras\u0131nda s\u0131x v\u0259 \u0259laq\u0259li i\u015fl\u0259r ba\u015flay\u0131b. B\u00fct\u00fcn m\u0259lumatlar\u0131n, o c\u00fcml\u0259d\u0259n xarici ticar\u0259tin g\u00f6mr\u00fck statistikas\u0131n\u0131n A\u00e7\u0131q H\u00f6kum\u0259t M\u0259lumatlar\u0131 Portal\u0131na inteqrasiya edilm\u0259si \u00fcz\u0259rind\u0259 i\u015fl\u0259r davam edir\u201d, &#8211; dey\u0259 komit\u0259 s\u0259dri \u0259lav\u0259 edib.<\/p>\n<p>S.Mehdiyev vur\u011fulay\u0131b ki, Az\u0259rbaycan G\u00f6mr\u00fck Xidm\u0259ti m\u00fck\u0259mm\u0259l h\u00fcquqi bazaya, inki\u015faf etmi\u015f infrastruktura malik olmaqla, \u00f6lk\u0259nin fiskal siyas\u0259tini u\u011furla h\u0259yata ke\u00e7irir, onun quru, hava v\u0259 d\u0259niz yollar\u0131nda iqtisadi m\u0259nafeyini v\u0259 t\u0259hl\u00fck\u0259sizliyini qoruyur. D\u00f6vl\u0259t G\u00f6mr\u00fck Komit\u0259si, eyni zamanda, h\u00fcquq m\u00fchafiz\u0259 orqan\u0131 olaraq qa\u00e7aqmal\u00e7\u0131l\u0131q v\u0259 dig\u0259r h\u00fcquqpozma hallar\u0131na qar\u015f\u0131 m\u00fcbariz\u0259nin g\u00fccl\u0259ndirilm\u0259si istiqam\u0259tind\u0259 m\u0259qs\u0259dy\u00f6nl\u00fc t\u0259dbirl\u0259r g\u00f6r\u00fcr. Qa\u00e7aqmal\u00e7\u0131l\u0131\u011fa qar\u015f\u0131 m\u00fcbariz\u0259 sah\u0259sind\u0259 k\u00f6kl\u00fc d\u0259yi\u015fiklikl\u0259r apar\u0131lmas\u0131 n\u0259tic\u0259sind\u0259 y\u00fcks\u0259k g\u00f6st\u0259ricil\u0259r \u0259ld\u0259 olunub. G\u00f6mr\u00fck xidm\u0259tind\u0259 \u0259m\u0259liyyat-axtar\u0131\u015f f\u0259aliyy\u0259tinin h\u0259yata ke\u00e7irilm\u0259si m\u0259qs\u0259dil\u0259 h\u0259d\u0259fl\u0259rin idar\u0259 olunmas\u0131 sistemi v\u0259 mobil qruplar yarad\u0131l\u0131b, bu i\u015f\u0259 bacar\u0131ql\u0131 v\u0259 bilikli kadrlar c\u0259lb olunub v\u0259 onlar m\u00fcasir texnika v\u0259 avadanl\u0131qla t\u0259chiz edilib. B\u00fct\u00fcn bunlar\u0131n n\u0259tic\u0259sind\u0259, 2018-ci il \u0259rzind\u0259 g\u00f6mr\u00fck orqanlar\u0131 t\u0259r\u0259find\u0259n 1 ton 178 kiloqram narkotik vasit\u0259, psixotrop madd\u0259 v\u0259 onlar\u0131n prekursorlar\u0131 a\u015fkar edil\u0259r\u0259k qanunsuz d\u00f6vriyy\u0259d\u0259n \u00e7\u0131xar\u0131l\u0131b. Bu il noyabr\u0131n 19-23-d\u0259 Bak\u0131da ke\u00e7iril\u0259n BMT-nin Yax\u0131n v\u0259 Orta \u015e\u0259rqd\u0259 narkotikl\u0259rin qanunsuz d\u00f6vriyy\u0259si v\u0259 aidiyy\u0259ti m\u0259s\u0259l\u0259l\u0259r \u00fczr\u0259 alt-komissiyas\u0131n\u0131n 53-c\u00fc sessiyas\u0131nda da aidiyy\u0259ti m\u00f6vzular \u00fczr\u0259 t\u0259qdimatlar dinl\u0259nilib, \u00fcmumi maraq k\u0259sb ed\u0259n m\u0259s\u0259l\u0259l\u0259r m\u00fczakir\u0259 olunub v\u0259 fikir m\u00fcbadil\u0259si apar\u0131l\u0131b.<\/p>\n<p>Komit\u0259 s\u0259dri deyib ki, ticar\u0259tin asanla\u015fd\u0131r\u0131lmas\u0131 istiqam\u0259tind\u0259 Az\u0259rbaycan G\u00f6mr\u00fck Xidm\u0259tinin m\u00fch\u00fcm add\u0131mlar\u0131ndan biri d\u0259 s\u0259rh\u0259dd\u0259n ke\u00e7iril\u0259n mallar v\u0259 n\u0259qliyyat vasit\u0259l\u0259rin\u0259 dair xarici \u00f6lk\u0259l\u0259rin g\u00f6mr\u00fck orqanlar\u0131 il\u0259 ilkin m\u0259lumat m\u00fcbadil\u0259sinin apar\u0131lmas\u0131d\u0131r. Haz\u0131rda Az\u0259rbaycan t\u0259r\u0259fi T\u00fcrkiy\u0259, \u0130ran, Qazax\u0131stan, \u00d6zb\u0259kistan, Rusiya v\u0259 GUAM \u00fczv d\u00f6vl\u0259tl\u0259ri il\u0259 ilkin m\u0259lumat m\u00fcbadil\u0259sinin apar\u0131lmas\u0131 \u00fczr\u0259 h\u00fcquqi baza yarad\u0131b v\u0259 qar\u015f\u0131l\u0131ql\u0131 m\u0259lumat m\u00fcbadil\u0259sini h\u0259yata ke\u00e7irir.<\/p>\n<p>Nazirl\u0259rin toplant\u0131s\u0131nda riskl\u0259rin idar\u0259 olunmas\u0131 sah\u0259sind\u0259 \u0259ld\u0259 edil\u0259n t\u0259cr\u00fcb\u0259l\u0259rin b\u00f6l\u00fc\u015fd\u00fcr\u00fclm\u0259si, bu istiqam\u0259td\u0259 \u0259m\u0259kda\u015fl\u0131\u011f\u0131n inki\u015faf etdirilm\u0259sin\u0259 dair m\u0259s\u0259l\u0259l\u0259r m\u00fczakir\u0259 olunub. Eyni zamanda, g\u00f6r\u00fc\u015fd\u0259 \u00fczv \u00f6lk\u0259l\u0259r aras\u0131nda iqtisadiyyat v\u0259 ticar\u0259t sah\u0259sind\u0259 \u0259m\u0259kda\u015fl\u0131\u011f\u0131n inki\u015faf etdirilm\u0259sinin g\u0259l\u0259c\u0259k perspektivl\u0259ri, cari ilin may\u0131nda COMCEC-in Ankarada ke\u00e7iril\u0259n iclas\u0131nda q\u0259bul edil\u0259n g\u00fcnd\u0259lik layih\u0259sind\u0259ki m\u0259s\u0259l\u0259l\u0259r bar\u0259d\u0259 fikir m\u00fcbadil\u0259si apar\u0131l\u0131b.<\/p>\n<p>Sessiya \u00e7\u0259r\u00e7iv\u0259sind\u0259 \u201cRegional inteqrasiya \u00fc\u00e7\u00fcn ticar\u0259tin asanla\u015fd\u0131r\u0131lmas\u0131 potensial\u0131ndan istifad\u0259\u201d, \u201cG\u00f6mr\u00fck sisteminin modernl\u0259\u015fdirilm\u0259si sah\u0259sind\u0259ki \u00e7\u0259tinlikl\u0259r v\u0259 m\u00fcmk\u00fcn h\u0259ll\u0259r\u201d, \u201cTicar\u0259tin asanla\u015fd\u0131r\u0131lmas\u0131nda \u00f6z\u0259l sektorun rolu\u201d v\u0259 dig\u0259r m\u00f6vzularda panel iclaslar ke\u00e7irilir. Sessiya noyabr\u0131n 29-da ba\u015fa \u00e7atacaq.<\/p>\n","protected":false},"excerpt":{"rendered":"<p>ARANTV.AZ x\u0259b\u0259r verir ki, \u0130stanbulda \u0130slam \u018fm\u0259kda\u015fl\u0131q T\u0259\u015fkilat\u0131n\u0131n (\u0130\u018fT) \u0130qtisadiyyat v\u0259 Ticar\u0259t \u018fm\u0259kda\u015fl\u0131\u011f\u0131 \u00fczr\u0259 Daimi Komit\u0259sinin (COMCEC) 34-c\u00fc sessiyas\u0131 ke\u00e7irilir. \u201cTicar\u0259tin asanla\u015fd\u0131r\u0131lmas\u0131: g\u00f6mr\u00fckl\u0259rd\u0259 riskl\u0259rin idar\u0259 olunmas\u0131\u201d m\u00f6vzusunda ke\u00e7iril\u0259n sessiyada Az\u0259rbaycan\u0131 D\u00f6vl\u0259t G\u00f6mr\u00fck Komit\u0259sinin s\u0259dri, g\u00f6mr\u00fck xidm\u0259ti general-leytenant\u0131 S\u0259f\u0259r Mehdiyevin ba\u015f\u00e7\u0131l\u0131q etdiyi n\u00fcmay\u0259nd\u0259 hey\u0259ti t\u0259msil edir. Az\u0259rbaycan n\u00fcmay\u0259nd\u0259 hey\u0259tinin t\u0259rkibin\u0259 iqtisadiyyat nazirinin m\u00fcavini Sahib M\u0259mm\u0259dov v\u0259 dig\u0259r r\u0259smi \u015f\u0259xsl\u0259r daxildirl\u0259r. Sessiya \u00e7\u0259r\u00e7iv\u0259sind\u0259 noyabr\u0131n 28-d\u0259 T\u00fcrkiy\u0259 Prezidenti R\u0259c\u0259b Tayyib \u018frdo\u011fan\u0131n i\u015ftirak\u0131 il\u0259 nazirl\u0259r toplant\u0131s\u0131 ke\u00e7irilib. R\u0259smi a\u00e7\u0131l\u0131\u015f m\u0259rasimind\u0259 R\u0259c\u0259b Tayyib \u018frdo\u011fan, \u0130slam \u018fm\u0259kda\u015fl\u0131q T\u0259\u015fkilat\u0131n\u0131n ba\u015f katibi Yousef bin Ahmed Al-Othaimeen, \u0130slam \u0130nki\u015faf&hellip;<\/p>\n","protected":false},"author":2,"featured_media":25531,"comment_status":"closed","ping_status":"closed","sticky":false,"template":"","format":"standard","meta":{"om_disable_all_campaigns":false,"_monsterinsights_skip_tracking":false,"_monsterinsights_sitenote_active":false,"_monsterinsights_sitenote_note":"","_monsterinsights_sitenote_category":0},"categories":[19],"tags":[],"aioseo_notices":[],"gutentor_comment":0,"rttpg_featured_image_url":{"full":["https:\/\/arantv.az\/wp-content\/uploads\/2018\/11\/fiopmd3urqtucdc7i63okl20i0is.jpg",1000,639,false],"landscape":["https:\/\/arantv.az\/wp-content\/uploads\/2018\/11\/fiopmd3urqtucdc7i63okl20i0is.jpg",1000,639,false],"portraits":["https:\/\/arantv.az\/wp-content\/uploads\/2018\/11\/fiopmd3urqtucdc7i63okl20i0is.jpg",1000,639,false],"thumbnail":["https:\/\/arantv.az\/wp-content\/uploads\/2018\/11\/fiopmd3urqtucdc7i63okl20i0is-150x150.jpg",150,150,true],"medium":["https:\/\/arantv.az\/wp-content\/uploads\/2018\/11\/fiopmd3urqtucdc7i63okl20i0is-300x192.jpg",300,192,true],"large":["https:\/\/arantv.az\/wp-content\/uploads\/2018\/11\/fiopmd3urqtucdc7i63okl20i0is.jpg",640,409,false],"1536x1536":["https:\/\/arantv.az\/wp-content\/uploads\/2018\/11\/fiopmd3urqtucdc7i63okl20i0is.jpg",1000,639,false],"2048x2048":["https:\/\/arantv.az\/wp-content\/uploads\/2018\/11\/fiopmd3urqtucdc7i63okl20i0is.jpg",1000,639,false],"post-thumbnail":["https:\/\/arantv.az\/wp-content\/uploads\/2018\/11\/fiopmd3urqtucdc7i63okl20i0is-240x172.jpg",240,172,true],"advps-thumb-one":["https:\/\/arantv.az\/wp-content\/uploads\/2018\/11\/fiopmd3urqtucdc7i63okl20i0is-1000x620.jpg",1000,620,true]},"rttpg_author":{"display_name":"V\u00fcsal Rafiqo\u011flu","author_link":"https:\/\/arantv.az\/?author=2"},"rttpg_comment":0,"rttpg_category":"<a href=\"https:\/\/arantv.az\/?cat=19\" rel=\"category\">G\u00fcnd\u0259m<\/a>","rttpg_excerpt":"ARANTV.AZ x\u0259b\u0259r verir ki, \u0130stanbulda \u0130slam \u018fm\u0259kda\u015fl\u0131q T\u0259\u015fkilat\u0131n\u0131n (\u0130\u018fT) \u0130qtisadiyyat v\u0259 Ticar\u0259t \u018fm\u0259kda\u015fl\u0131\u011f\u0131 \u00fczr\u0259 Daimi Komit\u0259sinin (COMCEC) 34-c\u00fc sessiyas\u0131 ke\u00e7irilir. \u201cTicar\u0259tin asanla\u015fd\u0131r\u0131lmas\u0131: g\u00f6mr\u00fckl\u0259rd\u0259 riskl\u0259rin idar\u0259 olunmas\u0131\u201d m\u00f6vzusunda ke\u00e7iril\u0259n sessiyada Az\u0259rbaycan\u0131 D\u00f6vl\u0259t G\u00f6mr\u00fck Komit\u0259sinin s\u0259dri, g\u00f6mr\u00fck xidm\u0259ti general-leytenant\u0131 S\u0259f\u0259r Mehdiyevin ba\u015f\u00e7\u0131l\u0131q etdiyi n\u00fcmay\u0259nd\u0259 hey\u0259ti t\u0259msil edir. Az\u0259rbaycan n\u00fcmay\u0259nd\u0259 hey\u0259tinin t\u0259rkibin\u0259 iqtisadiyyat nazirinin m\u00fcavini Sahib M\u0259mm\u0259dov v\u0259&hellip;","_links":{"self":[{"href":"https:\/\/arantv.az\/index.php?rest_route=\/wp\/v2\/posts\/25530"}],"collection":[{"href":"https:\/\/arantv.az\/index.php?rest_route=\/wp\/v2\/posts"}],"about":[{"href":"https:\/\/arantv.az\/index.php?rest_route=\/wp\/v2\/types\/post"}],"author":[{"embeddable":true,"href":"https:\/\/arantv.az\/index.php?rest_route=\/wp\/v2\/users\/2"}],"replies":[{"embeddable":true,"href":"https:\/\/arantv.az\/index.php?rest_route=%2Fwp%2Fv2%2Fcomments&post=25530"}],"version-history":[{"count":0,"href":"https:\/\/arantv.az\/index.php?rest_route=\/wp\/v2\/posts\/25530\/revisions"}],"wp:featuredmedia":[{"embeddable":true,"href":"https:\/\/arantv.az\/index.php?rest_route=\/wp\/v2\/media\/25531"}],"wp:attachment":[{"href":"https:\/\/arantv.az\/index.php?rest_route=%2Fwp%2Fv2%2Fmedia&parent=25530"}],"wp:term":[{"taxonomy":"category","embeddable":true,"href":"https:\/\/arantv.az\/index.php?rest_route=%2Fwp%2Fv2%2Fcategories&post=25530"},{"taxonomy":"post_tag","embeddable":true,"href":"https:\/\/arantv.az\/index.php?rest_route=%2Fwp%2Fv2%2Ftags&post=25530"}],"curies":[{"name":"wp","href":"https:\/\/api.w.org\/{rel}","templated":true}]}}