{"id":25533,"date":"2018-11-29T08:48:51","date_gmt":"2018-11-29T05:48:51","guid":{"rendered":"http:\/\/arantv.az\/?p=25533"},"modified":"2018-11-29T08:48:51","modified_gmt":"2018-11-29T05:48:51","slug":"diplomatlarin-c%c9%99nub-s%c9%99f%c9%99ri","status":"publish","type":"post","link":"https:\/\/arantv.az\/?p=25533","title":{"rendered":"Diplomatlar\u0131n c\u0259nub s\u0259f\u0259ri&#8230;"},"content":{"rendered":"<p><strong>ARANTV.AZ<\/strong> x\u0259b\u0259r verir ki, \u00f6lk\u0259mizd\u0259 akkredit\u0259 olunan s\u0259firlik v\u0259 beyn\u0259lxalq t\u0259\u015fkilatlar\u0131n r\u0259hb\u0259rl\u0259ri C\u0259nub b\u00f6lg\u0259sin\u0259 s\u0259f\u0259r \u00e7\u0259r\u00e7iv\u0259sind\u0259 L\u0259nk\u0259ran rayonunda olublar. Az\u0259rbaycan\u0131n Xarici \u0130\u015fl\u0259r Nazirliyi t\u0259r\u0259find\u0259n t\u0259\u015fkil edil\u0259n s\u0259f\u0259rin m\u0259qs\u0259di diplomatlar\u0131 regionlar\u0131n sosial-iqtisadi inki\u015faf\u0131 v\u0259 turizm potensial\u0131 il\u0259 yax\u0131ndan tan\u0131\u015f etm\u0259kdir.<\/p>\n<p>\u00d6lk\u0259mizd\u0259 f\u0259aliyy\u0259t g\u00f6st\u0259r\u0259n diplomatik korpusun 70-d\u0259k n\u00fcmay\u0259nd\u0259sinin L\u0259nk\u0259rana s\u0259f\u0259ri Olimpiya \u0130dman Kompleksi il\u0259 tan\u0131\u015fl\u0131qdan ba\u015flad\u0131. Qonaqlara m\u0259lumat verildi ki, Prezident \u0130lham \u018fliyev v\u0259 Birinci xan\u0131m Mehriban \u018fliyevan\u0131n i\u015ftirak\u0131 il\u0259 a\u00e7\u0131l\u0131\u015f\u0131 olan Kompleks \u00f6lk\u0259mizd\u0259 idman\u00e7\u0131lar\u0131n ixtiyar\u0131na veril\u0259n sayca 44-c\u00fc Olimpiya \u0130dman Kompleksidir. Bildirildi ki, 788 tama\u015fa\u00e7\u0131 yerlik universal idman salonunda idman\u0131n m\u00fcxt\u0259lif n\u00f6vl\u0259ri \u00fczr\u0259 yar\u0131\u015flar t\u0259\u015fkil etm\u0259k m\u00fcmk\u00fcnd\u00fcr. Kompleksd\u0259 yarad\u0131lan \u015f\u0259raitl\u0259 tan\u0131\u015f olan qonaqlar, idman\u00e7\u0131larla da s\u00f6hb\u0259t etdil\u0259r. Diplomatik korpusun n\u00fcmay\u0259nd\u0259l\u0259ri daha sonra Heyd\u0259r \u018fliyev Xatir\u0259 Park\u0131na g\u0259ldil\u0259r. Park\u0131n \u0259razisini g\u0259z\u0259nd\u0259n sonra Heyd\u0259r \u018fliyev M\u0259rk\u0259zi, G\u0259ncl\u0259r M\u0259rk\u0259zi il\u0259 tan\u0131\u015f oldular, Tarix-Diyar\u015f\u00fcnasl\u0131q Muzeyinin eksponatlar\u0131na tama\u015fa etdil\u0259r. Qonaqlar\u0131n n\u00f6vb\u0259ti \u00fcnvan\u0131 Qala Xiyaban\u0131 oldu. Burada onlar L\u0259nk\u0259randa istehsal olunan \u00e7ay, \u00e7\u0259ltik, sitrus meyv\u0259l\u0259ri v\u0259 dig\u0259r k\u0259nd t\u0259s\u0259rr\u00fcfat\u0131 m\u0259hsullar\u0131n\u0131n, el\u0259c\u0259 d\u0259, rayonun turizm potensial\u0131n\u0131 \u0259ks etdir\u0259n buklet v\u0259 foto-stendl\u0259rl\u0259 tan\u0131\u015f oldular. Daha sonra qonaqlara \u00e7ay s\u00fcfr\u0259si a\u00e7\u0131ld\u0131. \u201cAz\u0259rxal\u00e7a\u201d ASC-nin L\u0259nk\u0259ran filial\u0131 il\u0259 tan\u0131\u015fl\u0131q da diplomatik n\u00fcmay\u0259nd\u0259likl\u0259rin r\u0259hb\u0259rl\u0259rind\u0259 z\u0259ngin t\u0259\u0259ss\u00fcrat yaratd\u0131.<\/p>\n<p>S\u0259f\u0259r \u00e7\u0259r\u00e7iv\u0259sind\u0259 diplomatik korpusun n\u00fcmay\u0259nd\u0259l\u0259ri \u0130stisu q\u0259s\u0259b\u0259sind\u0259ki \u00e7ay plantasiyalar\u0131nda v\u0259 L\u0259nk\u0259ran Rayon D\u00f6vl\u0259t Aqrar \u0130nki\u015faf M\u0259rk\u0259zind\u0259 olub, L\u0259nk\u0259ran \u0130stisu v\u0259 Saglaml\u0131q M\u0259rk\u0259zin\u0259, Hirkan q\u0259s\u0259b\u0259sind\u0259ki sitrus plantasiyalar\u0131na v\u0259 Hirkan Milli Park\u0131na da ba\u015f \u00e7\u0259kibl\u0259r.<\/p>\n","protected":false},"excerpt":{"rendered":"<p>ARANTV.AZ x\u0259b\u0259r verir ki, \u00f6lk\u0259mizd\u0259 akkredit\u0259 olunan s\u0259firlik v\u0259 beyn\u0259lxalq t\u0259\u015fkilatlar\u0131n r\u0259hb\u0259rl\u0259ri C\u0259nub b\u00f6lg\u0259sin\u0259 s\u0259f\u0259r \u00e7\u0259r\u00e7iv\u0259sind\u0259 L\u0259nk\u0259ran rayonunda olublar. Az\u0259rbaycan\u0131n Xarici \u0130\u015fl\u0259r Nazirliyi t\u0259r\u0259find\u0259n t\u0259\u015fkil edil\u0259n s\u0259f\u0259rin m\u0259qs\u0259di diplomatlar\u0131 regionlar\u0131n sosial-iqtisadi inki\u015faf\u0131 v\u0259 turizm potensial\u0131 il\u0259 yax\u0131ndan tan\u0131\u015f etm\u0259kdir. \u00d6lk\u0259mizd\u0259 f\u0259aliyy\u0259t g\u00f6st\u0259r\u0259n diplomatik korpusun 70-d\u0259k n\u00fcmay\u0259nd\u0259sinin L\u0259nk\u0259rana s\u0259f\u0259ri Olimpiya \u0130dman Kompleksi il\u0259 tan\u0131\u015fl\u0131qdan ba\u015flad\u0131. Qonaqlara m\u0259lumat verildi ki, Prezident \u0130lham \u018fliyev v\u0259 Birinci xan\u0131m Mehriban \u018fliyevan\u0131n i\u015ftirak\u0131 il\u0259 a\u00e7\u0131l\u0131\u015f\u0131 olan Kompleks \u00f6lk\u0259mizd\u0259 idman\u00e7\u0131lar\u0131n ixtiyar\u0131na veril\u0259n sayca 44-c\u00fc Olimpiya \u0130dman Kompleksidir. Bildirildi ki, 788 tama\u015fa\u00e7\u0131 yerlik universal idman salonunda idman\u0131n m\u00fcxt\u0259lif&hellip;<\/p>\n","protected":false},"author":2,"featured_media":25534,"comment_status":"closed","ping_status":"closed","sticky":false,"template":"","format":"standard","meta":{"om_disable_all_campaigns":false,"_monsterinsights_skip_tracking":false,"_monsterinsights_sitenote_active":false,"_monsterinsights_sitenote_note":"","_monsterinsights_sitenote_category":0},"categories":[2],"tags":[],"aioseo_notices":[],"gutentor_comment":0,"rttpg_featured_image_url":{"full":["https:\/\/arantv.az\/wp-content\/uploads\/2018\/11\/fiopmd3urqtucdc7i63okl20i0len.jpg",892,669,false],"landscape":["https:\/\/arantv.az\/wp-content\/uploads\/2018\/11\/fiopmd3urqtucdc7i63okl20i0len.jpg",892,669,false],"portraits":["https:\/\/arantv.az\/wp-content\/uploads\/2018\/11\/fiopmd3urqtucdc7i63okl20i0len.jpg",892,669,false],"thumbnail":["https:\/\/arantv.az\/wp-content\/uploads\/2018\/11\/fiopmd3urqtucdc7i63okl20i0len-150x150.jpg",150,150,true],"medium":["https:\/\/arantv.az\/wp-content\/uploads\/2018\/11\/fiopmd3urqtucdc7i63okl20i0len-300x225.jpg",300,225,true],"large":["https:\/\/arantv.az\/wp-content\/uploads\/2018\/11\/fiopmd3urqtucdc7i63okl20i0len.jpg",640,480,false],"1536x1536":["https:\/\/arantv.az\/wp-content\/uploads\/2018\/11\/fiopmd3urqtucdc7i63okl20i0len.jpg",892,669,false],"2048x2048":["https:\/\/arantv.az\/wp-content\/uploads\/2018\/11\/fiopmd3urqtucdc7i63okl20i0len.jpg",892,669,false],"post-thumbnail":["https:\/\/arantv.az\/wp-content\/uploads\/2018\/11\/fiopmd3urqtucdc7i63okl20i0len-240x172.jpg",240,172,true],"advps-thumb-one":["https:\/\/arantv.az\/wp-content\/uploads\/2018\/11\/fiopmd3urqtucdc7i63okl20i0len-892x620.jpg",892,620,true]},"rttpg_author":{"display_name":"V\u00fcsal Rafiqo\u011flu","author_link":"https:\/\/arantv.az\/?author=2"},"rttpg_comment":0,"rttpg_category":"<a href=\"https:\/\/arantv.az\/?cat=2\" rel=\"category\">Region X\u0259b\u0259rl\u0259ri<\/a>","rttpg_excerpt":"ARANTV.AZ x\u0259b\u0259r verir ki, \u00f6lk\u0259mizd\u0259 akkredit\u0259 olunan s\u0259firlik v\u0259 beyn\u0259lxalq t\u0259\u015fkilatlar\u0131n r\u0259hb\u0259rl\u0259ri C\u0259nub b\u00f6lg\u0259sin\u0259 s\u0259f\u0259r \u00e7\u0259r\u00e7iv\u0259sind\u0259 L\u0259nk\u0259ran rayonunda olublar. Az\u0259rbaycan\u0131n Xarici \u0130\u015fl\u0259r Nazirliyi t\u0259r\u0259find\u0259n t\u0259\u015fkil edil\u0259n s\u0259f\u0259rin m\u0259qs\u0259di diplomatlar\u0131 regionlar\u0131n sosial-iqtisadi inki\u015faf\u0131 v\u0259 turizm potensial\u0131 il\u0259 yax\u0131ndan tan\u0131\u015f etm\u0259kdir. \u00d6lk\u0259mizd\u0259 f\u0259aliyy\u0259t g\u00f6st\u0259r\u0259n diplomatik korpusun 70-d\u0259k n\u00fcmay\u0259nd\u0259sinin L\u0259nk\u0259rana s\u0259f\u0259ri Olimpiya \u0130dman Kompleksi il\u0259 tan\u0131\u015fl\u0131qdan ba\u015flad\u0131. Qonaqlara&hellip;","_links":{"self":[{"href":"https:\/\/arantv.az\/index.php?rest_route=\/wp\/v2\/posts\/25533"}],"collection":[{"href":"https:\/\/arantv.az\/index.php?rest_route=\/wp\/v2\/posts"}],"about":[{"href":"https:\/\/arantv.az\/index.php?rest_route=\/wp\/v2\/types\/post"}],"author":[{"embeddable":true,"href":"https:\/\/arantv.az\/index.php?rest_route=\/wp\/v2\/users\/2"}],"replies":[{"embeddable":true,"href":"https:\/\/arantv.az\/index.php?rest_route=%2Fwp%2Fv2%2Fcomments&post=25533"}],"version-history":[{"count":0,"href":"https:\/\/arantv.az\/index.php?rest_route=\/wp\/v2\/posts\/25533\/revisions"}],"wp:featuredmedia":[{"embeddable":true,"href":"https:\/\/arantv.az\/index.php?rest_route=\/wp\/v2\/media\/25534"}],"wp:attachment":[{"href":"https:\/\/arantv.az\/index.php?rest_route=%2Fwp%2Fv2%2Fmedia&parent=25533"}],"wp:term":[{"taxonomy":"category","embeddable":true,"href":"https:\/\/arantv.az\/index.php?rest_route=%2Fwp%2Fv2%2Fcategories&post=25533"},{"taxonomy":"post_tag","embeddable":true,"href":"https:\/\/arantv.az\/index.php?rest_route=%2Fwp%2Fv2%2Ftags&post=25533"}],"curies":[{"name":"wp","href":"https:\/\/api.w.org\/{rel}","templated":true}]}}