{"id":25536,"date":"2018-11-29T08:52:26","date_gmt":"2018-11-29T05:52:26","guid":{"rendered":"http:\/\/arantv.az\/?p=25536"},"modified":"2018-11-29T08:52:26","modified_gmt":"2018-11-29T05:52:26","slug":"deputatlarimiz-ir%c9%99vandaki-m%c9%99scidd%c9%99-foto","status":"publish","type":"post","link":"https:\/\/arantv.az\/?p=25536","title":{"rendered":"Deputatlar\u0131m\u0131z \u0130r\u0259vandak\u0131 m\u0259scidd\u0259 &#8211; Foto"},"content":{"rendered":"<p><strong>Qara D\u0259niz \u0130qtisadi \u018fm\u0259kda\u015fl\u0131q T\u0259\u015fkilat\u0131n\u0131n Parlament M\u0259clisinin 52-ci Plenar Sessiyas\u0131 il\u0259 ba\u011fl\u0131 \u0130r\u0259vanda s\u0259f\u0259rd\u0259 olan deputatlar\u0131m\u0131z Az\u0259rbaycan\u0131n tarixi memarl\u0131q abid\u0259si olan G\u00f6y M\u0259scid\u0259 ba\u015f \u00e7\u0259kibl\u0259r.<\/strong><\/p>\n<p><strong>ARANTV.AZ<\/strong> x\u0259b\u0259r verir ki, bu bar\u0259d\u0259 m\u0259lumat\u0131 mill\u0259t v\u0259kili \u018fflatun Ama\u015fov payla\u015f\u0131b.<\/p>\n<p>&#8220;Az\u0259rbaycan\u0131n memarl\u0131q abid\u0259l\u0259rind\u0259n say\u0131lan G\u00f6y M\u0259scid 1766-c\u0131 ild\u0259 \u0130r\u0259van xan\u0131 H\u00fcseyn\u0259li xan\u0131n g\u00f6st\u0259ri\u015fi il\u0259 tikilib. Uzun onillikl\u0259r boyu yerli az\u0259rbaycanl\u0131lar\u0131n ibad\u0259t etdikl\u0259ri 8 m\u0259scidd\u0259n biri olub. Zaman \u00f6td\u00fckc\u0259 ba\u015f\u0131na cox b\u0259lalar g\u0259lib: 24 metrlik 4 minar\u0259sinin 3-\u00fc s\u00f6k\u00fcl\u00fcb, m\u00fcxt\u0259lif ill\u0259rd\u0259 planetariyaya, m\u0259kt\u0259b\u0259 \u00e7evrilib, 2 d\u0259f\u0259 yand\u0131r\u0131l\u0131b. V\u0259 n\u0259hay\u0259t, \u0130ran t\u0259r\u0259find\u0259n b\u0259rpa edilib, haz\u0131rda \u0130ran\u0131n Erm\u0259nistandak\u0131 m\u0259d\u0259niyy\u0259t m\u0259rk\u0259zl\u0259rind\u0259n biri hesab edilir\u201d- \u018f.Ama\u015fov qeyd edib.kult.az<\/p>\n<p><img loading=\"lazy\" class=\"alignnone size-medium wp-image-25537\" src=\"https:\/\/arantv.az\/wp-content\/uploads\/2018\/11\/eflatun-irevan2121-300x169.jpg\" alt=\"\" width=\"300\" height=\"169\" \/><\/p>\n<p><img loading=\"lazy\" class=\"alignnone size-medium wp-image-25538\" src=\"https:\/\/arantv.az\/wp-content\/uploads\/2018\/11\/eflatun-irevan-mescid-300x276.jpg\" alt=\"\" width=\"300\" height=\"276\" \/><\/p>\n<p><img loading=\"lazy\" class=\"alignnone size-medium wp-image-25539\" src=\"https:\/\/arantv.az\/wp-content\/uploads\/2018\/11\/eflatun-irevan-300x188.jpg\" alt=\"\" width=\"300\" height=\"188\" \/><\/p>\n","protected":false},"excerpt":{"rendered":"<p>Qara D\u0259niz \u0130qtisadi \u018fm\u0259kda\u015fl\u0131q T\u0259\u015fkilat\u0131n\u0131n Parlament M\u0259clisinin 52-ci Plenar Sessiyas\u0131 il\u0259 ba\u011fl\u0131 \u0130r\u0259vanda s\u0259f\u0259rd\u0259 olan deputatlar\u0131m\u0131z Az\u0259rbaycan\u0131n tarixi memarl\u0131q abid\u0259si olan G\u00f6y M\u0259scid\u0259 ba\u015f \u00e7\u0259kibl\u0259r. ARANTV.AZ x\u0259b\u0259r verir ki, bu bar\u0259d\u0259 m\u0259lumat\u0131 mill\u0259t v\u0259kili \u018fflatun Ama\u015fov payla\u015f\u0131b. &#8220;Az\u0259rbaycan\u0131n memarl\u0131q abid\u0259l\u0259rind\u0259n say\u0131lan G\u00f6y M\u0259scid 1766-c\u0131 ild\u0259 \u0130r\u0259van xan\u0131 H\u00fcseyn\u0259li xan\u0131n g\u00f6st\u0259ri\u015fi il\u0259 tikilib. Uzun onillikl\u0259r boyu yerli az\u0259rbaycanl\u0131lar\u0131n ibad\u0259t etdikl\u0259ri 8 m\u0259scidd\u0259n biri olub. Zaman \u00f6td\u00fckc\u0259 ba\u015f\u0131na cox b\u0259lalar g\u0259lib: 24 metrlik 4 minar\u0259sinin 3-\u00fc s\u00f6k\u00fcl\u00fcb, m\u00fcxt\u0259lif ill\u0259rd\u0259 planetariyaya, m\u0259kt\u0259b\u0259 \u00e7evrilib, 2 d\u0259f\u0259 yand\u0131r\u0131l\u0131b. V\u0259 n\u0259hay\u0259t, \u0130ran t\u0259r\u0259find\u0259n b\u0259rpa edilib, haz\u0131rda&hellip;<\/p>\n","protected":false},"author":2,"featured_media":25537,"comment_status":"closed","ping_status":"closed","sticky":false,"template":"","format":"standard","meta":{"om_disable_all_campaigns":false,"_monsterinsights_skip_tracking":false,"_monsterinsights_sitenote_active":false,"_monsterinsights_sitenote_note":"","_monsterinsights_sitenote_category":0},"categories":[1],"tags":[],"aioseo_notices":[],"gutentor_comment":0,"rttpg_featured_image_url":{"full":["https:\/\/arantv.az\/wp-content\/uploads\/2018\/11\/eflatun-irevan2121.jpg",600,337,false],"landscape":["https:\/\/arantv.az\/wp-content\/uploads\/2018\/11\/eflatun-irevan2121.jpg",600,337,false],"portraits":["https:\/\/arantv.az\/wp-content\/uploads\/2018\/11\/eflatun-irevan2121.jpg",600,337,false],"thumbnail":["https:\/\/arantv.az\/wp-content\/uploads\/2018\/11\/eflatun-irevan2121-150x150.jpg",150,150,true],"medium":["https:\/\/arantv.az\/wp-content\/uploads\/2018\/11\/eflatun-irevan2121-300x169.jpg",300,169,true],"large":["https:\/\/arantv.az\/wp-content\/uploads\/2018\/11\/eflatun-irevan2121.jpg",600,337,false],"1536x1536":["https:\/\/arantv.az\/wp-content\/uploads\/2018\/11\/eflatun-irevan2121.jpg",600,337,false],"2048x2048":["https:\/\/arantv.az\/wp-content\/uploads\/2018\/11\/eflatun-irevan2121.jpg",600,337,false],"post-thumbnail":["https:\/\/arantv.az\/wp-content\/uploads\/2018\/11\/eflatun-irevan2121-240x172.jpg",240,172,true],"advps-thumb-one":["https:\/\/arantv.az\/wp-content\/uploads\/2018\/11\/eflatun-irevan2121.jpg",600,337,false]},"rttpg_author":{"display_name":"V\u00fcsal Rafiqo\u011flu","author_link":"https:\/\/arantv.az\/?author=2"},"rttpg_comment":0,"rttpg_category":"<a href=\"https:\/\/arantv.az\/?cat=1\" rel=\"category\">C\u0259miyy\u0259t<\/a>","rttpg_excerpt":"Qara D\u0259niz \u0130qtisadi \u018fm\u0259kda\u015fl\u0131q T\u0259\u015fkilat\u0131n\u0131n Parlament M\u0259clisinin 52-ci Plenar Sessiyas\u0131 il\u0259 ba\u011fl\u0131 \u0130r\u0259vanda s\u0259f\u0259rd\u0259 olan deputatlar\u0131m\u0131z Az\u0259rbaycan\u0131n tarixi memarl\u0131q abid\u0259si olan G\u00f6y M\u0259scid\u0259 ba\u015f \u00e7\u0259kibl\u0259r. ARANTV.AZ x\u0259b\u0259r verir ki, bu bar\u0259d\u0259 m\u0259lumat\u0131 mill\u0259t v\u0259kili \u018fflatun Ama\u015fov payla\u015f\u0131b. &#8220;Az\u0259rbaycan\u0131n memarl\u0131q abid\u0259l\u0259rind\u0259n say\u0131lan G\u00f6y M\u0259scid 1766-c\u0131 ild\u0259 \u0130r\u0259van xan\u0131 H\u00fcseyn\u0259li xan\u0131n g\u00f6st\u0259ri\u015fi il\u0259 tikilib. Uzun onillikl\u0259r boyu&hellip;","_links":{"self":[{"href":"https:\/\/arantv.az\/index.php?rest_route=\/wp\/v2\/posts\/25536"}],"collection":[{"href":"https:\/\/arantv.az\/index.php?rest_route=\/wp\/v2\/posts"}],"about":[{"href":"https:\/\/arantv.az\/index.php?rest_route=\/wp\/v2\/types\/post"}],"author":[{"embeddable":true,"href":"https:\/\/arantv.az\/index.php?rest_route=\/wp\/v2\/users\/2"}],"replies":[{"embeddable":true,"href":"https:\/\/arantv.az\/index.php?rest_route=%2Fwp%2Fv2%2Fcomments&post=25536"}],"version-history":[{"count":0,"href":"https:\/\/arantv.az\/index.php?rest_route=\/wp\/v2\/posts\/25536\/revisions"}],"wp:featuredmedia":[{"embeddable":true,"href":"https:\/\/arantv.az\/index.php?rest_route=\/wp\/v2\/media\/25537"}],"wp:attachment":[{"href":"https:\/\/arantv.az\/index.php?rest_route=%2Fwp%2Fv2%2Fmedia&parent=25536"}],"wp:term":[{"taxonomy":"category","embeddable":true,"href":"https:\/\/arantv.az\/index.php?rest_route=%2Fwp%2Fv2%2Fcategories&post=25536"},{"taxonomy":"post_tag","embeddable":true,"href":"https:\/\/arantv.az\/index.php?rest_route=%2Fwp%2Fv2%2Ftags&post=25536"}],"curies":[{"name":"wp","href":"https:\/\/api.w.org\/{rel}","templated":true}]}}