{"id":25560,"date":"2018-11-29T09:59:30","date_gmt":"2018-11-29T06:59:30","guid":{"rendered":"http:\/\/arantv.az\/?p=25560"},"modified":"2018-11-29T09:59:30","modified_gmt":"2018-11-29T06:59:30","slug":"dekabrin-hava-proqnozu-guclu-kul%c9%99k-v%c9%99-yagislar-video","status":"publish","type":"post","link":"https:\/\/arantv.az\/?p=25560","title":{"rendered":"Dekabr\u0131n hava proqnozu: G\u00fccl\u00fc k\u00fcl\u0259k v\u0259 ya\u011f\u0131\u015flar &#8211; V\u0130DEO"},"content":{"rendered":"<p>Dekabr ay\u0131n\u0131n birinci ong\u00fcnl\u00fcy\u00fcnd\u0259 g\u00fccl\u00fc \u015fimal k\u00fcl\u0259yi \u0259s\u0259c\u0259k.<\/p>\n<p><b>ARANTV.AZ\u00a0<\/b>x\u0259b\u0259r verir ki, bunu oxu.az-a a\u00e7\u0131qlamas\u0131nda Ekologiya v\u0259 T\u0259bii S\u0259rv\u0259tl\u0259r Nazirliyinin Ekoloji maarifl\u0259ndirm\u0259 v\u0259 ictimaiyy\u0259tl\u0259 \u0259laq\u0259l\u0259r \u015f\u00f6b\u0259sinin m\u00fcdiri Umayra Ta\u011f\u0131yeva bildirib.<\/p>\n<p>Onun s\u00f6zl\u0259rin\u0259 g\u00f6r\u0259, dekabr ay\u0131na olan ilk hava proqnozuna g\u00f6r\u0259, g\u0259l\u0259n ay havan\u0131n temperaturu, dem\u0259k olar ki, \u00f6lk\u0259 \u0259razisind\u0259 iqlim norma g\u00f6st\u0259ricil\u0259rind\u0259n \u00e7ox f\u0259rql\u0259nm\u0259y\u0259c\u0259k:<\/p>\n<div id=\"entry\" class=\"entry\">\u201cY\u0259ni iqlim normas\u0131 daxilind\u0259 havan\u0131n temperatur t\u0259r\u0259dd\u00fcd ed\u0259c\u0259k. Ayr\u0131-ayr\u0131 g\u00fcnl\u0259rd\u0259 temperaturun normadan bir q\u0259d\u0259r a\u015fa\u011f\u0131 enm\u0259si proqnozla\u015fd\u0131r\u0131l\u0131r. X\u00fcsusil\u0259 d\u0259 dekabr ay\u0131n\u0131n birinci ong\u00fcnl\u00fcy\u00fcnd\u0259 g\u00fccl\u00fc \u015fimal k\u00fcl\u0259yi g\u00fccl\u0259n\u0259c\u0259k. Bu d\u00f6vr \u00f6lk\u0259 \u0259razisind\u0259 ya\u011f\u0131nt\u0131l\u0131 hava \u015f\u0259raiti il\u0259 s\u0259ciyy\u0259l\u0259n\u0259c\u0259k\u201d.<\/p>\n<p>Umayra Ta\u011f\u0131yeva qeyd edib ki, dekabr\u0131n 2-3-d\u0259 respublikan\u0131n rayonlar\u0131nda, da\u011fl\u0131q v\u0259 da\u011f\u0259t\u0259yi \u0259razil\u0259rd\u0259 ya\u011f\u0131nt\u0131n\u0131n sulu qar v\u0259 qar \u015f\u0259klind\u0259 olaca\u011f\u0131 proqnozla\u015fd\u0131r\u0131l\u0131r.<\/p>\n<div class=\"embed-responsive embed-responsive-16by9\"><iframe loading=\"lazy\" id=\"nmqembedid\" class=\"embed-responsive-item\" title=\"video player\" src=\"https:\/\/izle.az\/embed\/09cvyEmsTC3SS0rMLtUrKdNPzU1KTdE3NTYwBAA~\" width=\"600\" height=\"340\" frameborder=\"0\" scrolling=\"no\" allowfullscreen=\"allowfullscreen\" data-mce-fragment=\"1\"><\/iframe><\/div>\n<\/div>\n<p>&nbsp;<\/p>\n","protected":false},"excerpt":{"rendered":"<p>Dekabr ay\u0131n\u0131n birinci ong\u00fcnl\u00fcy\u00fcnd\u0259 g\u00fccl\u00fc \u015fimal k\u00fcl\u0259yi \u0259s\u0259c\u0259k. ARANTV.AZ\u00a0x\u0259b\u0259r verir ki, bunu oxu.az-a a\u00e7\u0131qlamas\u0131nda Ekologiya v\u0259 T\u0259bii S\u0259rv\u0259tl\u0259r Nazirliyinin Ekoloji maarifl\u0259ndirm\u0259 v\u0259 ictimaiyy\u0259tl\u0259 \u0259laq\u0259l\u0259r \u015f\u00f6b\u0259sinin m\u00fcdiri Umayra Ta\u011f\u0131yeva bildirib. Onun s\u00f6zl\u0259rin\u0259 g\u00f6r\u0259, dekabr ay\u0131na olan ilk hava proqnozuna g\u00f6r\u0259, g\u0259l\u0259n ay havan\u0131n temperaturu, dem\u0259k olar ki, \u00f6lk\u0259 \u0259razisind\u0259 iqlim norma g\u00f6st\u0259ricil\u0259rind\u0259n \u00e7ox f\u0259rql\u0259nm\u0259y\u0259c\u0259k: \u201cY\u0259ni iqlim normas\u0131 daxilind\u0259 havan\u0131n temperatur t\u0259r\u0259dd\u00fcd ed\u0259c\u0259k. Ayr\u0131-ayr\u0131 g\u00fcnl\u0259rd\u0259 temperaturun normadan bir q\u0259d\u0259r a\u015fa\u011f\u0131 enm\u0259si proqnozla\u015fd\u0131r\u0131l\u0131r. X\u00fcsusil\u0259 d\u0259 dekabr ay\u0131n\u0131n birinci ong\u00fcnl\u00fcy\u00fcnd\u0259 g\u00fccl\u00fc \u015fimal k\u00fcl\u0259yi g\u00fccl\u0259n\u0259c\u0259k. Bu d\u00f6vr \u00f6lk\u0259 \u0259razisind\u0259 ya\u011f\u0131nt\u0131l\u0131 hava \u015f\u0259raiti il\u0259 s\u0259ciyy\u0259l\u0259n\u0259c\u0259k\u201d. Umayra&hellip;<\/p>\n","protected":false},"author":2,"featured_media":25561,"comment_status":"closed","ping_status":"closed","sticky":false,"template":"","format":"standard","meta":{"om_disable_all_campaigns":false,"_monsterinsights_skip_tracking":false,"_monsterinsights_sitenote_active":false,"_monsterinsights_sitenote_note":"","_monsterinsights_sitenote_category":0},"categories":[1],"tags":[],"aioseo_notices":[],"gutentor_comment":0,"rttpg_featured_image_url":{"full":["https:\/\/arantv.az\/wp-content\/uploads\/2018\/11\/pexels-photo-125510.jpg",620,413,false],"landscape":["https:\/\/arantv.az\/wp-content\/uploads\/2018\/11\/pexels-photo-125510.jpg",620,413,false],"portraits":["https:\/\/arantv.az\/wp-content\/uploads\/2018\/11\/pexels-photo-125510.jpg",620,413,false],"thumbnail":["https:\/\/arantv.az\/wp-content\/uploads\/2018\/11\/pexels-photo-125510-150x150.jpg",150,150,true],"medium":["https:\/\/arantv.az\/wp-content\/uploads\/2018\/11\/pexels-photo-125510-300x200.jpg",300,200,true],"large":["https:\/\/arantv.az\/wp-content\/uploads\/2018\/11\/pexels-photo-125510.jpg",620,413,false],"1536x1536":["https:\/\/arantv.az\/wp-content\/uploads\/2018\/11\/pexels-photo-125510.jpg",620,413,false],"2048x2048":["https:\/\/arantv.az\/wp-content\/uploads\/2018\/11\/pexels-photo-125510.jpg",620,413,false],"post-thumbnail":["https:\/\/arantv.az\/wp-content\/uploads\/2018\/11\/pexels-photo-125510-240x172.jpg",240,172,true],"advps-thumb-one":["https:\/\/arantv.az\/wp-content\/uploads\/2018\/11\/pexels-photo-125510.jpg",620,413,false]},"rttpg_author":{"display_name":"V\u00fcsal Rafiqo\u011flu","author_link":"https:\/\/arantv.az\/?author=2"},"rttpg_comment":0,"rttpg_category":"<a href=\"https:\/\/arantv.az\/?cat=1\" rel=\"category\">C\u0259miyy\u0259t<\/a>","rttpg_excerpt":"Dekabr ay\u0131n\u0131n birinci ong\u00fcnl\u00fcy\u00fcnd\u0259 g\u00fccl\u00fc \u015fimal k\u00fcl\u0259yi \u0259s\u0259c\u0259k. ARANTV.AZ\u00a0x\u0259b\u0259r verir ki, bunu oxu.az-a a\u00e7\u0131qlamas\u0131nda Ekologiya v\u0259 T\u0259bii S\u0259rv\u0259tl\u0259r Nazirliyinin Ekoloji maarifl\u0259ndirm\u0259 v\u0259 ictimaiyy\u0259tl\u0259 \u0259laq\u0259l\u0259r \u015f\u00f6b\u0259sinin m\u00fcdiri Umayra Ta\u011f\u0131yeva bildirib. Onun s\u00f6zl\u0259rin\u0259 g\u00f6r\u0259, dekabr ay\u0131na olan ilk hava proqnozuna g\u00f6r\u0259, g\u0259l\u0259n ay havan\u0131n temperaturu, dem\u0259k olar ki, \u00f6lk\u0259 \u0259razisind\u0259 iqlim norma g\u00f6st\u0259ricil\u0259rind\u0259n \u00e7ox f\u0259rql\u0259nm\u0259y\u0259c\u0259k: \u201cY\u0259ni iqlim&hellip;","_links":{"self":[{"href":"https:\/\/arantv.az\/index.php?rest_route=\/wp\/v2\/posts\/25560"}],"collection":[{"href":"https:\/\/arantv.az\/index.php?rest_route=\/wp\/v2\/posts"}],"about":[{"href":"https:\/\/arantv.az\/index.php?rest_route=\/wp\/v2\/types\/post"}],"author":[{"embeddable":true,"href":"https:\/\/arantv.az\/index.php?rest_route=\/wp\/v2\/users\/2"}],"replies":[{"embeddable":true,"href":"https:\/\/arantv.az\/index.php?rest_route=%2Fwp%2Fv2%2Fcomments&post=25560"}],"version-history":[{"count":0,"href":"https:\/\/arantv.az\/index.php?rest_route=\/wp\/v2\/posts\/25560\/revisions"}],"wp:featuredmedia":[{"embeddable":true,"href":"https:\/\/arantv.az\/index.php?rest_route=\/wp\/v2\/media\/25561"}],"wp:attachment":[{"href":"https:\/\/arantv.az\/index.php?rest_route=%2Fwp%2Fv2%2Fmedia&parent=25560"}],"wp:term":[{"taxonomy":"category","embeddable":true,"href":"https:\/\/arantv.az\/index.php?rest_route=%2Fwp%2Fv2%2Fcategories&post=25560"},{"taxonomy":"post_tag","embeddable":true,"href":"https:\/\/arantv.az\/index.php?rest_route=%2Fwp%2Fv2%2Ftags&post=25560"}],"curies":[{"name":"wp","href":"https:\/\/api.w.org\/{rel}","templated":true}]}}