{"id":25584,"date":"2018-11-29T12:11:50","date_gmt":"2018-11-29T09:11:50","guid":{"rendered":"http:\/\/arantv.az\/?p=25584"},"modified":"2018-11-29T12:11:50","modified_gmt":"2018-11-29T09:11:50","slug":"budc%c9%99-muzakir%c9%99l%c9%99rin%c9%99-yekun-vurulur-sabah","status":"publish","type":"post","link":"https:\/\/arantv.az\/?p=25584","title":{"rendered":"B\u00fcdc\u0259 m\u00fczakir\u0259l\u0259rin\u0259 yekun vurulur &#8211; SABAH"},"content":{"rendered":"<p>Milli M\u0259clisd\u0259 (MM) bir aya yax\u0131n m\u00fcdd\u0259t \u0259rzind\u0259\u00a0davam ed\u0259n b\u00fcdc\u0259 m\u00fczakir\u0259l\u0259ri art\u0131q ba\u015fa \u00e7at\u0131r.<\/p>\n<p><strong>ARANTV.AZ\u00a0<\/strong>\u00a0x\u0259b\u0259r verir ki, 2019-cu ilin d\u00f6vl\u0259t b\u00fcdc\u0259si z\u0259rfin\u0259 daxil olan qanun layih\u0259l\u0259rinin sonuncu &#8211; \u00fc\u00e7\u00fcnc\u00fc oxunu\u015fda m\u00fczakir\u0259l\u0259rin\u0259 parlamentin sabah (noyabr\u0131n 30-da) ke\u00e7iril\u0259c\u0259k\u00a0 n\u00f6vb\u0259ti plenar iclas\u0131nda yekun vurulacaq.<\/p>\n<p>B\u00fcdc\u0259 z\u0259rfin\u0259 daxil olan qanun layih\u0259l\u0259ri geni\u015f m\u00fczakir\u0259l\u0259r a\u00e7\u0131lmadan \u00fc\u00e7\u00fcnc\u00fc\u00a0 oxunu\u015fda v\u0259 b\u00fct\u00f6vl\u00fckd\u0259 s\u0259sverm\u0259y\u0259 \u00e7\u0131xar\u0131laraq\u00a0q\u0259bul edil\u0259c\u0259k v\u0259 imzalanmas\u0131, h\u00fcquqi q\u00fcvv\u0259y\u0259 minm\u0259si \u00fc\u00e7\u00fcn \u00f6lk\u0259 prezidenti<strong>\u00a0\u0130lham \u018fliyev<\/strong>\u0259 g\u00f6nd\u0259ril\u0259c\u0259k.<\/p>\n<p>Qeyd ed\u0259k ki, 2019-cu ilin d\u00f6vl\u0259t b\u00fcdc\u0259sinin x\u0259rcl\u0259ri ilkin olaraq 24 milyard 780 milyon manat n\u0259z\u0259rd\u0259 tutulsa da, deputatlar\u0131n t\u0259klifl\u0259rind\u0259n v\u0259 iradlar\u0131ndan\u00a0 sonra ikinci oxunu\u015fda daha 610 milyon manat art\u0131r\u0131l\u0131b.<\/p>\n<p>H\u0259m\u00e7inin, ya\u015fay\u0131\u015f minimumunun h\u0259ddi 173 manatdan 180 manata, ehtiyac meyar\u0131n\u0131n h\u0259ddi is\u0259 130 manatdan 143 manata qald\u0131r\u0131l\u0131b.<\/p>\n<p>Eyni zamanda, DSMF-nin b\u00fcdc\u0259 x\u0259rcl\u0259ri v\u0259 g\u0259lirl\u0259ri eyni h\u0259cmd\u0259, 3 milyard manat h\u0259cmind\u0259 m\u00fc\u0259yy\u0259nl\u0259\u015fdirilib v\u0259 d\u0259yi\u015fm\u0259z qal\u0131b.oxu.az<\/p>\n","protected":false},"excerpt":{"rendered":"<p>Milli M\u0259clisd\u0259 (MM) bir aya yax\u0131n m\u00fcdd\u0259t \u0259rzind\u0259\u00a0davam ed\u0259n b\u00fcdc\u0259 m\u00fczakir\u0259l\u0259ri art\u0131q ba\u015fa \u00e7at\u0131r. ARANTV.AZ\u00a0\u00a0x\u0259b\u0259r verir ki, 2019-cu ilin d\u00f6vl\u0259t b\u00fcdc\u0259si z\u0259rfin\u0259 daxil olan qanun layih\u0259l\u0259rinin sonuncu &#8211; \u00fc\u00e7\u00fcnc\u00fc oxunu\u015fda m\u00fczakir\u0259l\u0259rin\u0259 parlamentin sabah (noyabr\u0131n 30-da) ke\u00e7iril\u0259c\u0259k\u00a0 n\u00f6vb\u0259ti plenar iclas\u0131nda yekun vurulacaq. B\u00fcdc\u0259 z\u0259rfin\u0259 daxil olan qanun layih\u0259l\u0259ri geni\u015f m\u00fczakir\u0259l\u0259r a\u00e7\u0131lmadan \u00fc\u00e7\u00fcnc\u00fc\u00a0 oxunu\u015fda v\u0259 b\u00fct\u00f6vl\u00fckd\u0259 s\u0259sverm\u0259y\u0259 \u00e7\u0131xar\u0131laraq\u00a0q\u0259bul edil\u0259c\u0259k v\u0259 imzalanmas\u0131, h\u00fcquqi q\u00fcvv\u0259y\u0259 minm\u0259si \u00fc\u00e7\u00fcn \u00f6lk\u0259 prezidenti\u00a0\u0130lham \u018fliyev\u0259 g\u00f6nd\u0259ril\u0259c\u0259k. Qeyd ed\u0259k ki, 2019-cu ilin d\u00f6vl\u0259t b\u00fcdc\u0259sinin x\u0259rcl\u0259ri ilkin olaraq 24 milyard 780 milyon manat n\u0259z\u0259rd\u0259 tutulsa da, deputatlar\u0131n t\u0259klifl\u0259rind\u0259n v\u0259 iradlar\u0131ndan\u00a0 sonra&hellip;<\/p>\n","protected":false},"author":2,"featured_media":25585,"comment_status":"closed","ping_status":"closed","sticky":false,"template":"","format":"standard","meta":{"om_disable_all_campaigns":false,"_monsterinsights_skip_tracking":false,"_monsterinsights_sitenote_active":false,"_monsterinsights_sitenote_note":"","_monsterinsights_sitenote_category":0},"categories":[19],"tags":[],"aioseo_notices":[],"gutentor_comment":0,"rttpg_featured_image_url":{"full":["https:\/\/arantv.az\/wp-content\/uploads\/2018\/11\/Milli-M\u00c9_clis.jpg",620,436,false],"landscape":["https:\/\/arantv.az\/wp-content\/uploads\/2018\/11\/Milli-M\u00c9_clis.jpg",620,436,false],"portraits":["https:\/\/arantv.az\/wp-content\/uploads\/2018\/11\/Milli-M\u00c9_clis.jpg",620,436,false],"thumbnail":["https:\/\/arantv.az\/wp-content\/uploads\/2018\/11\/Milli-M\u00c9_clis-150x150.jpg",150,150,true],"medium":["https:\/\/arantv.az\/wp-content\/uploads\/2018\/11\/Milli-M\u00c9_clis-300x211.jpg",300,211,true],"large":["https:\/\/arantv.az\/wp-content\/uploads\/2018\/11\/Milli-M\u00c9_clis.jpg",620,436,false],"1536x1536":["https:\/\/arantv.az\/wp-content\/uploads\/2018\/11\/Milli-M\u00c9_clis.jpg",620,436,false],"2048x2048":["https:\/\/arantv.az\/wp-content\/uploads\/2018\/11\/Milli-M\u00c9_clis.jpg",620,436,false],"post-thumbnail":["https:\/\/arantv.az\/wp-content\/uploads\/2018\/11\/Milli-M\u00c9_clis-240x172.jpg",240,172,true],"advps-thumb-one":["https:\/\/arantv.az\/wp-content\/uploads\/2018\/11\/Milli-M\u00c9_clis.jpg",620,436,false]},"rttpg_author":{"display_name":"V\u00fcsal Rafiqo\u011flu","author_link":"https:\/\/arantv.az\/?author=2"},"rttpg_comment":0,"rttpg_category":"<a href=\"https:\/\/arantv.az\/?cat=19\" rel=\"category\">G\u00fcnd\u0259m<\/a>","rttpg_excerpt":"Milli M\u0259clisd\u0259 (MM) bir aya yax\u0131n m\u00fcdd\u0259t \u0259rzind\u0259\u00a0davam ed\u0259n b\u00fcdc\u0259 m\u00fczakir\u0259l\u0259ri art\u0131q ba\u015fa \u00e7at\u0131r. ARANTV.AZ\u00a0\u00a0x\u0259b\u0259r verir ki, 2019-cu ilin d\u00f6vl\u0259t b\u00fcdc\u0259si z\u0259rfin\u0259 daxil olan qanun layih\u0259l\u0259rinin sonuncu &#8211; \u00fc\u00e7\u00fcnc\u00fc oxunu\u015fda m\u00fczakir\u0259l\u0259rin\u0259 parlamentin sabah (noyabr\u0131n 30-da) ke\u00e7iril\u0259c\u0259k\u00a0 n\u00f6vb\u0259ti plenar iclas\u0131nda yekun vurulacaq. B\u00fcdc\u0259 z\u0259rfin\u0259 daxil olan qanun layih\u0259l\u0259ri geni\u015f m\u00fczakir\u0259l\u0259r a\u00e7\u0131lmadan \u00fc\u00e7\u00fcnc\u00fc\u00a0 oxunu\u015fda v\u0259 b\u00fct\u00f6vl\u00fckd\u0259 s\u0259sverm\u0259y\u0259&hellip;","_links":{"self":[{"href":"https:\/\/arantv.az\/index.php?rest_route=\/wp\/v2\/posts\/25584"}],"collection":[{"href":"https:\/\/arantv.az\/index.php?rest_route=\/wp\/v2\/posts"}],"about":[{"href":"https:\/\/arantv.az\/index.php?rest_route=\/wp\/v2\/types\/post"}],"author":[{"embeddable":true,"href":"https:\/\/arantv.az\/index.php?rest_route=\/wp\/v2\/users\/2"}],"replies":[{"embeddable":true,"href":"https:\/\/arantv.az\/index.php?rest_route=%2Fwp%2Fv2%2Fcomments&post=25584"}],"version-history":[{"count":0,"href":"https:\/\/arantv.az\/index.php?rest_route=\/wp\/v2\/posts\/25584\/revisions"}],"wp:featuredmedia":[{"embeddable":true,"href":"https:\/\/arantv.az\/index.php?rest_route=\/wp\/v2\/media\/25585"}],"wp:attachment":[{"href":"https:\/\/arantv.az\/index.php?rest_route=%2Fwp%2Fv2%2Fmedia&parent=25584"}],"wp:term":[{"taxonomy":"category","embeddable":true,"href":"https:\/\/arantv.az\/index.php?rest_route=%2Fwp%2Fv2%2Fcategories&post=25584"},{"taxonomy":"post_tag","embeddable":true,"href":"https:\/\/arantv.az\/index.php?rest_route=%2Fwp%2Fv2%2Ftags&post=25584"}],"curies":[{"name":"wp","href":"https:\/\/api.w.org\/{rel}","templated":true}]}}