{"id":25590,"date":"2018-11-29T12:15:10","date_gmt":"2018-11-29T09:15:10","guid":{"rendered":"http:\/\/arantv.az\/?p=25590"},"modified":"2018-11-29T12:15:10","modified_gmt":"2018-11-29T09:15:10","slug":"cin-m%c9%99rk%c9%99zi-televiziyasinda-az%c9%99rbaycanla-bagli-silsil%c9%99-verilisl%c9%99r-yayimlanib","status":"publish","type":"post","link":"https:\/\/arantv.az\/?p=25590","title":{"rendered":"\u00c7in M\u0259rk\u0259zi Televiziyas\u0131nda Az\u0259rbaycanla ba\u011fl\u0131 silsil\u0259 verili\u015fl\u0259r yay\u0131mlan\u0131b"},"content":{"rendered":"<p>\u00c7in M\u0259rk\u0259zi Televiziyas\u0131n\u0131n 4-c\u00fc kanal\u0131n\u0131n (CCTV4) \u201cBir k\u0259m\u0259r, bir yol\u201d m\u00f6vzusuna h\u0259sr olunan proqram\u0131n\u0131n n\u00f6vb\u0259ti s\u0259kkiz\u00a0burax\u0131l\u0131\u015f\u0131nda Az\u0259rbaycandan b\u0259hs olunub.<\/p>\n<p><b>ARANTV.AZ\u00a0<\/b>AZ\u018fRTAC-a istinad\u0259n x\u0259b\u0259r verir ki, verili\u015fl\u0259rd\u0259 Az\u0259rbaycan\u0131n tarixi, co\u011frafi m\u00f6vqeyi, m\u00fcasir inki\u015faf\u0131, iqtisadi imkanlar\u0131, turizm potensial\u0131, m\u0259tb\u0259xind\u0259n s\u00f6z a\u00e7\u0131l\u0131b, iki \u00f6lk\u0259 aras\u0131nda m\u00fcnasib\u0259tl\u0259r\u0259 toxunulub.<\/p>\n<p>Qeyd olunur ki, Az\u0259rbaycan C\u0259nubi Qafqaz regionunda, X\u0259z\u0259r d\u0259nizinin q\u0259rb sahilind\u0259 yerl\u0259\u015fm\u0259kl\u0259 \u015e\u0259rq il\u0259 Avropan\u0131 birl\u0259\u015fdirir. Az\u0259rbaycan\u0131n co\u011frafi m\u00f6vqeyin\u0259 baxmaqla onun n\u0259 q\u0259d\u0259r vacib oldu\u011funu anlamaq olar. Bir \u00e7ox sivilizasiyalar\u0131n, m\u0259d\u0259niyy\u0259tl\u0259rin, dinl\u0259rin qovu\u015fdu\u011fu m\u0259kan olan Az\u0259rbaycan \u0259srl\u0259r boyu \u0130p\u0259k yolu \u00fcz\u0259rind\u0259 \u015f\u0259rq il\u0259 q\u0259rb aras\u0131nda ticar\u0259td\u0259 vacib rol oynay\u0131b.<\/p>\n<p>Bildirilir ki, 1991-ci ild\u0259 m\u00fcst\u0259qilliyini b\u0259rpa ed\u0259n Az\u0259rbaycan\u0131n inki\u015faf\u0131nda yeni d\u00f6vr ba\u015flay\u0131b. Az\u0259rbaycan g\u0259nc \u00f6lk\u0259 olmas\u0131na baxmayaraq, \u00e7ox vacib beyn\u0259lxalq iqtisadi qov\u015fa\u011fa \u00e7evril\u0259 bilib. M\u00fcst\u0259qil d\u00f6vl\u0259t kimi xarici \u00f6lk\u0259l\u0259rl\u0259, o c\u00fcml\u0259d\u0259n \u00c7in Xalq Respublikas\u0131 il\u0259 diplomatik \u0259laq\u0259l\u0259r yarad\u0131l\u0131b.<\/p>\n<p>Verili\u015fin apar\u0131c\u0131s\u0131 paytaxt Bak\u0131da apar\u0131lan tikinti v\u0259 inki\u015faf prosesl\u0259rind\u0259n s\u00f6z a\u00e7araq, qeyd edir ki, \u201cK\u00fcl\u0259kl\u0259r \u015f\u0259h\u0259ri\u201dnd\u0259 tarixi v\u0259 m\u00fcasir memarl\u0131q n\u00fcmun\u0259l\u0259rini yan-yana g\u00f6rm\u0259k m\u00fcmk\u00fcnd\u00fcr.<\/p>\n<p>Bildirilir ki, \u0130\u00e7\u0259ri\u015f\u0259h\u0259r tarixi \u0130p\u0259k yolu \u00fcz\u0259rind\u0259ki \u0259n \u00e7ox ya\u015f\u0131 olan v\u0259 yax\u015f\u0131 m\u00fchafiz\u0259 olunan ya\u015fay\u0131\u015f m\u0259nt\u0259q\u0259l\u0259rind\u0259n, \u201cAlov q\u00fcll\u0259l\u0259ri\u201d is\u0259 m\u00fcasir Bak\u0131n\u0131n r\u0259mzl\u0259rind\u0259n biridir. Bundan ba\u015fqa, turistl\u0259rin b\u00f6y\u00fck maraq g\u00f6st\u0259rdikl\u0259ri \u201cAt\u0259\u015fgah\u201d m\u0259b\u0259dind\u0259n, \u201cYanar da\u011f\u201ddan da b\u0259hs olunub.<\/p>\n<p>Az\u0259rbaycan\u0131n t\u0259bii g\u00f6z\u0259llikl\u0259rind\u0259n d\u0259 b\u0259hs olunan verili\u015fd\u0259 pal\u00e7\u0131q vulkanlar\u0131 haqq\u0131nda s\u00f6hb\u0259t a\u00e7\u0131l\u0131b. Bildirilib ki, Az\u0259rbaycan bu n\u00f6v vulkanlar\u0131n say\u0131na g\u00f6r\u0259 d\u00fcnyada birincidir. Tama\u015fa\u00e7\u0131lara t\u0259bii \u015f\u0259faverici x\u00fcsusiyy\u0259ti olan Naftalan neftinin bir \u00e7ox x\u0259st\u0259likl\u0259rin m\u00fcalic\u0259sind\u0259 istifad\u0259 olunmas\u0131 bar\u0259d\u0259 m\u0259lumat verilib.<\/p>\n<p>CCTV-nin \u0259m\u0259kda\u015flar\u0131 Az\u0259rbaycan\u0131n bir ne\u00e7\u0259 b\u00f6lg\u0259sind\u0259, o c\u00fcml\u0259d\u0259n Nax\u00e7\u0131vanda \u201cDuzda\u011f\u201d sanatoriyas\u0131nda, \u018flinc\u0259qalada \u00e7\u0259kili\u015fl\u0259r apar\u0131b, \u015e\u0259kid\u0259 milli m\u0259tb\u0259ximizd\u0259 x\u00fcsusi yeri olan piti, Tovuzda is\u0259 \u015f\u0259rab\u00e7\u0131l\u0131q \u0259n\u0259n\u0259l\u0259ri il\u0259 tan\u0131\u015f olublar.<\/p>\n<p>Kanal tama\u015fa\u00e7\u0131lar\u0131na Az\u0259rbaycan\u0131n z\u0259ngin m\u0259d\u0259ni irsi, o c\u00fcml\u0259d\u0259n xalq yarad\u0131c\u0131l\u0131\u011f\u0131, ad\u0259t-\u0259n\u0259n\u0259l\u0259ri bar\u0259d\u0259 m\u0259lumat verib. Bundan ba\u015fqa, Az\u0259rbaycan\u0131n iqtisadi inki\u015faf\u0131ndan, neft strategiyas\u0131ndan, qeyri-neft sektorunun inki\u015faf\u0131na olan diqq\u0259td\u0259n, iki \u00f6lk\u0259 aras\u0131nda iqtisadi-ticari \u0259laq\u0259l\u0259rd\u0259n, y\u00fcks\u0259k keyfiyy\u0259tli Az\u0259rbaycan m\u0259hsullar\u0131n\u0131n \u00c7in\u0259 ixrac imkanlar\u0131ndan s\u00f6z a\u00e7\u0131l\u0131b.<\/p>\n<p>CCTV4 kanal\u0131 Az\u0259rbaycan Respublikas\u0131 Prezidentinin Administrasiyas\u0131n\u0131n xarici siyas\u0259t m\u0259s\u0259l\u0259l\u0259ri \u015f\u00f6b\u0259sinin m\u00fcdiri Hikm\u0259t Hac\u0131yev v\u0259 \u00c7inin Az\u0259rbaycandak\u0131 s\u0259firi Vey Cinxua il\u0259 ikit\u0259r\u0259fli \u0259laq\u0259l\u0259rimiz\u0259 dair m\u00fcsahib\u0259l\u0259ri d\u0259 yay\u0131mlay\u0131b.<\/p>\n","protected":false},"excerpt":{"rendered":"<p>\u00c7in M\u0259rk\u0259zi Televiziyas\u0131n\u0131n 4-c\u00fc kanal\u0131n\u0131n (CCTV4) \u201cBir k\u0259m\u0259r, bir yol\u201d m\u00f6vzusuna h\u0259sr olunan proqram\u0131n\u0131n n\u00f6vb\u0259ti s\u0259kkiz\u00a0burax\u0131l\u0131\u015f\u0131nda Az\u0259rbaycandan b\u0259hs olunub. ARANTV.AZ\u00a0AZ\u018fRTAC-a istinad\u0259n x\u0259b\u0259r verir ki, verili\u015fl\u0259rd\u0259 Az\u0259rbaycan\u0131n tarixi, co\u011frafi m\u00f6vqeyi, m\u00fcasir inki\u015faf\u0131, iqtisadi imkanlar\u0131, turizm potensial\u0131, m\u0259tb\u0259xind\u0259n s\u00f6z a\u00e7\u0131l\u0131b, iki \u00f6lk\u0259 aras\u0131nda m\u00fcnasib\u0259tl\u0259r\u0259 toxunulub. Qeyd olunur ki, Az\u0259rbaycan C\u0259nubi Qafqaz regionunda, X\u0259z\u0259r d\u0259nizinin q\u0259rb sahilind\u0259 yerl\u0259\u015fm\u0259kl\u0259 \u015e\u0259rq il\u0259 Avropan\u0131 birl\u0259\u015fdirir. Az\u0259rbaycan\u0131n co\u011frafi m\u00f6vqeyin\u0259 baxmaqla onun n\u0259 q\u0259d\u0259r vacib oldu\u011funu anlamaq olar. Bir \u00e7ox sivilizasiyalar\u0131n, m\u0259d\u0259niyy\u0259tl\u0259rin, dinl\u0259rin qovu\u015fdu\u011fu m\u0259kan olan Az\u0259rbaycan \u0259srl\u0259r boyu \u0130p\u0259k yolu \u00fcz\u0259rind\u0259 \u015f\u0259rq il\u0259 q\u0259rb aras\u0131nda ticar\u0259td\u0259 vacib&hellip;<\/p>\n","protected":false},"author":2,"featured_media":25591,"comment_status":"closed","ping_status":"closed","sticky":false,"template":"","format":"standard","meta":{"om_disable_all_campaigns":false,"_monsterinsights_skip_tracking":false,"_monsterinsights_sitenote_active":false,"_monsterinsights_sitenote_note":"","_monsterinsights_sitenote_category":0},"categories":[4],"tags":[],"aioseo_notices":[],"gutentor_comment":0,"rttpg_featured_image_url":{"full":["https:\/\/arantv.az\/wp-content\/uploads\/2018\/11\/x1080-ZLA.jpg",620,349,false],"landscape":["https:\/\/arantv.az\/wp-content\/uploads\/2018\/11\/x1080-ZLA.jpg",620,349,false],"portraits":["https:\/\/arantv.az\/wp-content\/uploads\/2018\/11\/x1080-ZLA.jpg",620,349,false],"thumbnail":["https:\/\/arantv.az\/wp-content\/uploads\/2018\/11\/x1080-ZLA-150x150.jpg",150,150,true],"medium":["https:\/\/arantv.az\/wp-content\/uploads\/2018\/11\/x1080-ZLA-300x169.jpg",300,169,true],"large":["https:\/\/arantv.az\/wp-content\/uploads\/2018\/11\/x1080-ZLA.jpg",620,349,false],"1536x1536":["https:\/\/arantv.az\/wp-content\/uploads\/2018\/11\/x1080-ZLA.jpg",620,349,false],"2048x2048":["https:\/\/arantv.az\/wp-content\/uploads\/2018\/11\/x1080-ZLA.jpg",620,349,false],"post-thumbnail":["https:\/\/arantv.az\/wp-content\/uploads\/2018\/11\/x1080-ZLA-240x172.jpg",240,172,true],"advps-thumb-one":["https:\/\/arantv.az\/wp-content\/uploads\/2018\/11\/x1080-ZLA.jpg",620,349,false]},"rttpg_author":{"display_name":"V\u00fcsal Rafiqo\u011flu","author_link":"https:\/\/arantv.az\/?author=2"},"rttpg_comment":0,"rttpg_category":"<a href=\"https:\/\/arantv.az\/?cat=4\" rel=\"category\">Siyas\u0259t<\/a>","rttpg_excerpt":"\u00c7in M\u0259rk\u0259zi Televiziyas\u0131n\u0131n 4-c\u00fc kanal\u0131n\u0131n (CCTV4) \u201cBir k\u0259m\u0259r, bir yol\u201d m\u00f6vzusuna h\u0259sr olunan proqram\u0131n\u0131n n\u00f6vb\u0259ti s\u0259kkiz\u00a0burax\u0131l\u0131\u015f\u0131nda Az\u0259rbaycandan b\u0259hs olunub. ARANTV.AZ\u00a0AZ\u018fRTAC-a istinad\u0259n x\u0259b\u0259r verir ki, verili\u015fl\u0259rd\u0259 Az\u0259rbaycan\u0131n tarixi, co\u011frafi m\u00f6vqeyi, m\u00fcasir inki\u015faf\u0131, iqtisadi imkanlar\u0131, turizm potensial\u0131, m\u0259tb\u0259xind\u0259n s\u00f6z a\u00e7\u0131l\u0131b, iki \u00f6lk\u0259 aras\u0131nda m\u00fcnasib\u0259tl\u0259r\u0259 toxunulub. Qeyd olunur ki, Az\u0259rbaycan C\u0259nubi Qafqaz regionunda, X\u0259z\u0259r d\u0259nizinin q\u0259rb sahilind\u0259 yerl\u0259\u015fm\u0259kl\u0259&hellip;","_links":{"self":[{"href":"https:\/\/arantv.az\/index.php?rest_route=\/wp\/v2\/posts\/25590"}],"collection":[{"href":"https:\/\/arantv.az\/index.php?rest_route=\/wp\/v2\/posts"}],"about":[{"href":"https:\/\/arantv.az\/index.php?rest_route=\/wp\/v2\/types\/post"}],"author":[{"embeddable":true,"href":"https:\/\/arantv.az\/index.php?rest_route=\/wp\/v2\/users\/2"}],"replies":[{"embeddable":true,"href":"https:\/\/arantv.az\/index.php?rest_route=%2Fwp%2Fv2%2Fcomments&post=25590"}],"version-history":[{"count":0,"href":"https:\/\/arantv.az\/index.php?rest_route=\/wp\/v2\/posts\/25590\/revisions"}],"wp:featuredmedia":[{"embeddable":true,"href":"https:\/\/arantv.az\/index.php?rest_route=\/wp\/v2\/media\/25591"}],"wp:attachment":[{"href":"https:\/\/arantv.az\/index.php?rest_route=%2Fwp%2Fv2%2Fmedia&parent=25590"}],"wp:term":[{"taxonomy":"category","embeddable":true,"href":"https:\/\/arantv.az\/index.php?rest_route=%2Fwp%2Fv2%2Fcategories&post=25590"},{"taxonomy":"post_tag","embeddable":true,"href":"https:\/\/arantv.az\/index.php?rest_route=%2Fwp%2Fv2%2Ftags&post=25590"}],"curies":[{"name":"wp","href":"https:\/\/api.w.org\/{rel}","templated":true}]}}