{"id":25600,"date":"2018-11-29T15:54:27","date_gmt":"2018-11-29T12:54:27","guid":{"rendered":"http:\/\/arantv.az\/?p=25600"},"modified":"2018-11-29T15:54:27","modified_gmt":"2018-11-29T12:54:27","slug":"socar-san-marino-sirk%c9%99ti-il%c9%99-anlasma-memorandumu-imzalayib","status":"publish","type":"post","link":"https:\/\/arantv.az\/?p=25600","title":{"rendered":"SOCAR San-Marino \u015firk\u0259ti il\u0259 Anla\u015fma Memorandumu imzalay\u0131b"},"content":{"rendered":"<p>Az\u0259rbaycan D\u00f6vl\u0259t Neft \u015eirk\u0259ti (SOCAR) San-Marinonun \u0130ctimai Xidm\u0259tl\u0259r \u00fczr\u0259 D\u00f6vl\u0259t \u015eirk\u0259ti (\u201cAASS\u201d) il\u0259 Anla\u015fma Memorandumu imzalay\u0131b.<\/p>\n<p><strong>ARANTV.AZ\u00a0<\/strong>\u00a0AZ\u018fRTAC-a istinad\u0259n x\u0259b\u0259r verir ki, s\u0259n\u0259d SOCAR-\u0131n s\u0259rmay\u0259l\u0259r v\u0259 marketinq \u00fczr\u0259 vitse-prezidentinin m\u00fcavini\u00a0<strong>Vitali B\u0259yl\u0259rb\u0259yov<\/strong>un r\u0259hb\u0259rlik etdiyi n\u00fcmay\u0259nd\u0259 hey\u0259tinin San-Marinoya s\u0259f\u0259ri zaman\u0131 imzalan\u0131b.<\/p>\n<p>Bel\u0259 ki, s\u0259f\u0259r \u00e7\u0259r\u00e7iv\u0259sind\u0259 Xarici \u0130\u015fl\u0259r \u00fczr\u0259 D\u00f6vl\u0259t Katibliyinin binas\u0131nda San-Marinonun enerji m\u0259s\u0259l\u0259l\u0259rin\u0259 m\u0259sul olan d\u00f6vl\u0259t katibi Marco Podeski v\u0259 \u201cAASS\u201d prezidenti Fedriko Kre\u015fentini il\u0259 g\u00f6r\u00fc\u015fl\u0259r ke\u00e7irilib.<\/p>\n<p>Sonda SOCAR v\u0259 \u201cAASS\u201d aras\u0131nda Anla\u015fma Memorandumu imzalan\u0131b. \u0130ki \u015firk\u0259t aras\u0131nda enerji sah\u0259sind\u0259 \u0259m\u0259kda\u015fl\u0131\u011f\u0131 n\u0259z\u0259rd\u0259 tutan s\u0259n\u0259d cari ilin may\u0131nda San-Marinonun xarici i\u015fl\u0259r \u00fczr\u0259 d\u00f6vl\u0259t katibi Nikola Renzinin Az\u0259rbaycana s\u0259f\u0259ri zaman\u0131 iki \u00f6lk\u0259nin Xarici \u0130\u015fl\u0259r nazirlikl\u0259ri aras\u0131nda imzalanm\u0131\u015f Anla\u015fma Memorandumundan ir\u0259li g\u0259l\u0259n ilk add\u0131md\u0131r.<\/p>\n","protected":false},"excerpt":{"rendered":"<p>Az\u0259rbaycan D\u00f6vl\u0259t Neft \u015eirk\u0259ti (SOCAR) San-Marinonun \u0130ctimai Xidm\u0259tl\u0259r \u00fczr\u0259 D\u00f6vl\u0259t \u015eirk\u0259ti (\u201cAASS\u201d) il\u0259 Anla\u015fma Memorandumu imzalay\u0131b. ARANTV.AZ\u00a0\u00a0AZ\u018fRTAC-a istinad\u0259n x\u0259b\u0259r verir ki, s\u0259n\u0259d SOCAR-\u0131n s\u0259rmay\u0259l\u0259r v\u0259 marketinq \u00fczr\u0259 vitse-prezidentinin m\u00fcavini\u00a0Vitali B\u0259yl\u0259rb\u0259yovun r\u0259hb\u0259rlik etdiyi n\u00fcmay\u0259nd\u0259 hey\u0259tinin San-Marinoya s\u0259f\u0259ri zaman\u0131 imzalan\u0131b. Bel\u0259 ki, s\u0259f\u0259r \u00e7\u0259r\u00e7iv\u0259sind\u0259 Xarici \u0130\u015fl\u0259r \u00fczr\u0259 D\u00f6vl\u0259t Katibliyinin binas\u0131nda San-Marinonun enerji m\u0259s\u0259l\u0259l\u0259rin\u0259 m\u0259sul olan d\u00f6vl\u0259t katibi Marco Podeski v\u0259 \u201cAASS\u201d prezidenti Fedriko Kre\u015fentini il\u0259 g\u00f6r\u00fc\u015fl\u0259r ke\u00e7irilib. Sonda SOCAR v\u0259 \u201cAASS\u201d aras\u0131nda Anla\u015fma Memorandumu imzalan\u0131b. \u0130ki \u015firk\u0259t aras\u0131nda enerji sah\u0259sind\u0259 \u0259m\u0259kda\u015fl\u0131\u011f\u0131 n\u0259z\u0259rd\u0259 tutan s\u0259n\u0259d cari ilin may\u0131nda San-Marinonun xarici i\u015fl\u0259r \u00fczr\u0259 d\u00f6vl\u0259t&hellip;<\/p>\n","protected":false},"author":2,"featured_media":25601,"comment_status":"closed","ping_status":"closed","sticky":false,"template":"","format":"standard","meta":{"om_disable_all_campaigns":false,"_monsterinsights_skip_tracking":false,"_monsterinsights_sitenote_active":false,"_monsterinsights_sitenote_note":"","_monsterinsights_sitenote_category":0},"categories":[19],"tags":[],"aioseo_notices":[],"gutentor_comment":0,"rttpg_featured_image_url":{"full":["https:\/\/arantv.az\/wp-content\/uploads\/2018\/11\/87f0f2b6-6f95-455b-8247-2076bc75931d.jpg",620,414,false],"landscape":["https:\/\/arantv.az\/wp-content\/uploads\/2018\/11\/87f0f2b6-6f95-455b-8247-2076bc75931d.jpg",620,414,false],"portraits":["https:\/\/arantv.az\/wp-content\/uploads\/2018\/11\/87f0f2b6-6f95-455b-8247-2076bc75931d.jpg",620,414,false],"thumbnail":["https:\/\/arantv.az\/wp-content\/uploads\/2018\/11\/87f0f2b6-6f95-455b-8247-2076bc75931d-150x150.jpg",150,150,true],"medium":["https:\/\/arantv.az\/wp-content\/uploads\/2018\/11\/87f0f2b6-6f95-455b-8247-2076bc75931d-300x200.jpg",300,200,true],"large":["https:\/\/arantv.az\/wp-content\/uploads\/2018\/11\/87f0f2b6-6f95-455b-8247-2076bc75931d.jpg",620,414,false],"1536x1536":["https:\/\/arantv.az\/wp-content\/uploads\/2018\/11\/87f0f2b6-6f95-455b-8247-2076bc75931d.jpg",620,414,false],"2048x2048":["https:\/\/arantv.az\/wp-content\/uploads\/2018\/11\/87f0f2b6-6f95-455b-8247-2076bc75931d.jpg",620,414,false],"post-thumbnail":["https:\/\/arantv.az\/wp-content\/uploads\/2018\/11\/87f0f2b6-6f95-455b-8247-2076bc75931d-240x172.jpg",240,172,true],"advps-thumb-one":["https:\/\/arantv.az\/wp-content\/uploads\/2018\/11\/87f0f2b6-6f95-455b-8247-2076bc75931d.jpg",620,414,false]},"rttpg_author":{"display_name":"V\u00fcsal Rafiqo\u011flu","author_link":"https:\/\/arantv.az\/?author=2"},"rttpg_comment":0,"rttpg_category":"<a href=\"https:\/\/arantv.az\/?cat=19\" rel=\"category\">G\u00fcnd\u0259m<\/a>","rttpg_excerpt":"Az\u0259rbaycan D\u00f6vl\u0259t Neft \u015eirk\u0259ti (SOCAR) San-Marinonun \u0130ctimai Xidm\u0259tl\u0259r \u00fczr\u0259 D\u00f6vl\u0259t \u015eirk\u0259ti (\u201cAASS\u201d) il\u0259 Anla\u015fma Memorandumu imzalay\u0131b. ARANTV.AZ\u00a0\u00a0AZ\u018fRTAC-a istinad\u0259n x\u0259b\u0259r verir ki, s\u0259n\u0259d SOCAR-\u0131n s\u0259rmay\u0259l\u0259r v\u0259 marketinq \u00fczr\u0259 vitse-prezidentinin m\u00fcavini\u00a0Vitali B\u0259yl\u0259rb\u0259yovun r\u0259hb\u0259rlik etdiyi n\u00fcmay\u0259nd\u0259 hey\u0259tinin San-Marinoya s\u0259f\u0259ri zaman\u0131 imzalan\u0131b. Bel\u0259 ki, s\u0259f\u0259r \u00e7\u0259r\u00e7iv\u0259sind\u0259 Xarici \u0130\u015fl\u0259r \u00fczr\u0259 D\u00f6vl\u0259t Katibliyinin binas\u0131nda San-Marinonun enerji m\u0259s\u0259l\u0259l\u0259rin\u0259 m\u0259sul olan d\u00f6vl\u0259t katibi&hellip;","_links":{"self":[{"href":"https:\/\/arantv.az\/index.php?rest_route=\/wp\/v2\/posts\/25600"}],"collection":[{"href":"https:\/\/arantv.az\/index.php?rest_route=\/wp\/v2\/posts"}],"about":[{"href":"https:\/\/arantv.az\/index.php?rest_route=\/wp\/v2\/types\/post"}],"author":[{"embeddable":true,"href":"https:\/\/arantv.az\/index.php?rest_route=\/wp\/v2\/users\/2"}],"replies":[{"embeddable":true,"href":"https:\/\/arantv.az\/index.php?rest_route=%2Fwp%2Fv2%2Fcomments&post=25600"}],"version-history":[{"count":0,"href":"https:\/\/arantv.az\/index.php?rest_route=\/wp\/v2\/posts\/25600\/revisions"}],"wp:featuredmedia":[{"embeddable":true,"href":"https:\/\/arantv.az\/index.php?rest_route=\/wp\/v2\/media\/25601"}],"wp:attachment":[{"href":"https:\/\/arantv.az\/index.php?rest_route=%2Fwp%2Fv2%2Fmedia&parent=25600"}],"wp:term":[{"taxonomy":"category","embeddable":true,"href":"https:\/\/arantv.az\/index.php?rest_route=%2Fwp%2Fv2%2Fcategories&post=25600"},{"taxonomy":"post_tag","embeddable":true,"href":"https:\/\/arantv.az\/index.php?rest_route=%2Fwp%2Fv2%2Ftags&post=25600"}],"curies":[{"name":"wp","href":"https:\/\/api.w.org\/{rel}","templated":true}]}}