{"id":25603,"date":"2018-11-29T15:56:04","date_gmt":"2018-11-29T12:56:04","guid":{"rendered":"http:\/\/arantv.az\/?p=25603"},"modified":"2018-11-29T15:56:04","modified_gmt":"2018-11-29T12:56:04","slug":"qarabag-futbolculari-meydana-s%c9%99hid-ovladlari-il%c9%99-cixacaq-ekskluziv","status":"publish","type":"post","link":"https:\/\/arantv.az\/?p=25603","title":{"rendered":"\u201cQaraba\u011f\u201d futbol\u00e7ular\u0131 meydana \u015f\u0259hid \u00f6vladlar\u0131 il\u0259 \u00e7\u0131xacaq &#8211; EKSKL\u00dcZ\u0130V"},"content":{"rendered":"<p>Bu g\u00fcn 21:55-d\u0259 70 min azarke\u015f tutumu olan Bak\u0131 Olimpiya Stadionunda Az\u0259rbaycan\u0131n \u201cQaraba\u011f\u201d klubu Avropa Liqas\u0131n\u0131n qrup m\u0259rh\u0259l\u0259si \u00e7\u0259r\u00e7iv\u0259sind\u0259 n\u00f6vb\u0259ti oyununa \u00e7\u0131xacaq.<\/p>\n<p><strong>ARANTV.AZ\u00a0<\/strong>x\u0259b\u0259r verir ki, \u201cQaraba\u011f\u201d\u0131n Portuqaliyan\u0131n \u201cSportinq\u201d klubu il\u0259 oyununun ba\u015flan\u011f\u0131c\u0131 simvolik olacaq.<\/p>\n<p>Qurban Qurbanovun yetirm\u0259l\u0259ri\u00a0meydana \u00e7\u0131xark\u0259n onlar\u0131 A\u011fdamdan olan m\u0259cburi k\u00f6\u00e7k\u00fcn u\u015faqlar m\u00fc\u015fayi\u0259t ed\u0259c\u0259kl\u0259r.<\/p>\n<p>\u201cFutbol ulduzlar\u0131 il\u0259 yana\u015f\u0131, meydana Az\u0259rbaycan\u0131n \u0259razi b\u00fct\u00f6vl\u00fcy\u00fc u\u011frunda \u015f\u0259hid olan \u015f\u0259xsl\u0259rin \u00f6vladlar\u0131 da \u00e7\u0131xacaq.<\/p>\n<p>Onlar\u0131n aras\u0131nda Milli Q\u0259hr\u0259man \u015eirin Mirz\u0259yevin n\u0259v\u0259si &#8211; yeddi\u00a0ya\u015fl\u0131 Mirz\u0259yev \u015eirin Vaqif o\u011flu, Milli Q\u0259hr\u0259man Allahverdi Ba\u011f\u0131rovun n\u0259v\u0259si &#8211; alt\u0131 ya\u015fl\u0131 Ba\u011f\u0131rov \u018fli El\u015f\u0259n o\u011flu v\u0259 \u0259fsan\u0259vi k\u0259\u015ffiyyat\u00e7\u0131, 2016-c\u0131 ilin Aprel d\u00f6y\u00fc\u015fl\u0259rinin \u015f\u0259hidi polkovnik-leytenant Raquf Orucovun o\u011flu &#8211;\u00a012 ya\u015fl\u0131 Oruclu Nihad Raquf o\u011flu da olacaqlar\u201d, &#8211;\u00a0<strong>Oxu.Az<\/strong>-a Qa\u00e7q\u0131nlar v\u0259 M\u0259cburi K\u00f6\u00e7k\u00fcnl\u0259rl\u0259 \u0130\u015f \u00fczr\u0259 D\u00f6vl\u0259t Komit\u0259sind\u0259n bildirilib.<\/p>\n<p>H\u0259m\u00e7inin qeyd edilib ki, bu aksiyan\u0131n m\u0259qs\u0259di futbolda varislik \u0259n\u0259n\u0259sinin r\u0259mzi kimi komandan\u0131 d\u0259st\u0259kl\u0259m\u0259k, futbol\u00e7ular\u0131 q\u0259l\u0259b\u0259y\u0259 ruhland\u0131rmaq,\u00a0d\u00fcnya ictimaiyy\u0259tinin diqq\u0259tini bir daha A\u011fdam\u0131n h\u0259l\u0259 d\u0259 i\u015f\u011fal alt\u0131nda olmas\u0131 fakt\u0131na y\u00f6n\u0259ltm\u0259kl\u0259 m\u0259cburi k\u00f6\u00e7k\u00fcn ail\u0259l\u0259rin v\u0259 onlar\u0131n \u00f6vladlar\u0131n\u0131n \u00f6z torpaqlar\u0131na qay\u0131tmaq ist\u0259yini, komandan\u0131n oyunlar\u0131n\u0131n do\u011fma torpaqda ke\u00e7irilm\u0259si arzusunu n\u00fcmayi\u015f etdirm\u0259kdir.<\/p>\n<p>\u201cBu t\u0259klif d\u00f6vl\u0259t komit\u0259si t\u0259r\u0259find\u0259n haz\u0131rlan\u0131b v\u0259 \u201cQaraba\u011f\u201d klubu t\u0259r\u0259find\u0259n d\u0259st\u0259kl\u0259nib. M\u0259lumdur ki, Az\u0259rbaycanda idmana x\u00fcsusi qay\u011f\u0131 var v\u0259 g\u0259nc n\u0259slin idmana mara\u011f\u0131 g\u00fcnd\u0259n-g\u00fcn\u0259\u00a0art\u0131r. V\u0259 burada Az\u0259rbaycan prezidenti\u00a0<strong>\u0130lham \u018fliyev\u00a0<\/strong>kimi, vitse-prezident, \u00f6lk\u0259nin birinci xan\u0131m\u0131\u00a0<strong>Mehriban \u018fliyeva<\/strong>n\u0131n b\u00f6y\u00fck xidm\u0259tl\u0259ri var\u201d, &#8211; t\u0259\u015fkilatdan bildirilib. oxu.az<\/p>\n","protected":false},"excerpt":{"rendered":"<p>Bu g\u00fcn 21:55-d\u0259 70 min azarke\u015f tutumu olan Bak\u0131 Olimpiya Stadionunda Az\u0259rbaycan\u0131n \u201cQaraba\u011f\u201d klubu Avropa Liqas\u0131n\u0131n qrup m\u0259rh\u0259l\u0259si \u00e7\u0259r\u00e7iv\u0259sind\u0259 n\u00f6vb\u0259ti oyununa \u00e7\u0131xacaq. ARANTV.AZ\u00a0x\u0259b\u0259r verir ki, \u201cQaraba\u011f\u201d\u0131n Portuqaliyan\u0131n \u201cSportinq\u201d klubu il\u0259 oyununun ba\u015flan\u011f\u0131c\u0131 simvolik olacaq. Qurban Qurbanovun yetirm\u0259l\u0259ri\u00a0meydana \u00e7\u0131xark\u0259n onlar\u0131 A\u011fdamdan olan m\u0259cburi k\u00f6\u00e7k\u00fcn u\u015faqlar m\u00fc\u015fayi\u0259t ed\u0259c\u0259kl\u0259r. \u201cFutbol ulduzlar\u0131 il\u0259 yana\u015f\u0131, meydana Az\u0259rbaycan\u0131n \u0259razi b\u00fct\u00f6vl\u00fcy\u00fc u\u011frunda \u015f\u0259hid olan \u015f\u0259xsl\u0259rin \u00f6vladlar\u0131 da \u00e7\u0131xacaq. Onlar\u0131n aras\u0131nda Milli Q\u0259hr\u0259man \u015eirin Mirz\u0259yevin n\u0259v\u0259si &#8211; yeddi\u00a0ya\u015fl\u0131 Mirz\u0259yev \u015eirin Vaqif o\u011flu, Milli Q\u0259hr\u0259man Allahverdi Ba\u011f\u0131rovun n\u0259v\u0259si &#8211; alt\u0131 ya\u015fl\u0131 Ba\u011f\u0131rov \u018fli El\u015f\u0259n o\u011flu v\u0259 \u0259fsan\u0259vi k\u0259\u015ffiyyat\u00e7\u0131, 2016-c\u0131&hellip;<\/p>\n","protected":false},"author":2,"featured_media":25604,"comment_status":"closed","ping_status":"closed","sticky":false,"template":"","format":"standard","meta":{"om_disable_all_campaigns":false,"_monsterinsights_skip_tracking":false,"_monsterinsights_sitenote_active":false,"_monsterinsights_sitenote_note":"","_monsterinsights_sitenote_category":0},"categories":[6],"tags":[],"aioseo_notices":[],"gutentor_comment":0,"rttpg_featured_image_url":{"full":["https:\/\/arantv.az\/wp-content\/uploads\/2018\/11\/1539958267.jpg",620,436,false],"landscape":["https:\/\/arantv.az\/wp-content\/uploads\/2018\/11\/1539958267.jpg",620,436,false],"portraits":["https:\/\/arantv.az\/wp-content\/uploads\/2018\/11\/1539958267.jpg",620,436,false],"thumbnail":["https:\/\/arantv.az\/wp-content\/uploads\/2018\/11\/1539958267-150x150.jpg",150,150,true],"medium":["https:\/\/arantv.az\/wp-content\/uploads\/2018\/11\/1539958267-300x211.jpg",300,211,true],"large":["https:\/\/arantv.az\/wp-content\/uploads\/2018\/11\/1539958267.jpg",620,436,false],"1536x1536":["https:\/\/arantv.az\/wp-content\/uploads\/2018\/11\/1539958267.jpg",620,436,false],"2048x2048":["https:\/\/arantv.az\/wp-content\/uploads\/2018\/11\/1539958267.jpg",620,436,false],"post-thumbnail":["https:\/\/arantv.az\/wp-content\/uploads\/2018\/11\/1539958267-240x172.jpg",240,172,true],"advps-thumb-one":["https:\/\/arantv.az\/wp-content\/uploads\/2018\/11\/1539958267.jpg",620,436,false]},"rttpg_author":{"display_name":"V\u00fcsal Rafiqo\u011flu","author_link":"https:\/\/arantv.az\/?author=2"},"rttpg_comment":0,"rttpg_category":"<a href=\"https:\/\/arantv.az\/?cat=6\" rel=\"category\">\u0130dman<\/a>","rttpg_excerpt":"Bu g\u00fcn 21:55-d\u0259 70 min azarke\u015f tutumu olan Bak\u0131 Olimpiya Stadionunda Az\u0259rbaycan\u0131n \u201cQaraba\u011f\u201d klubu Avropa Liqas\u0131n\u0131n qrup m\u0259rh\u0259l\u0259si \u00e7\u0259r\u00e7iv\u0259sind\u0259 n\u00f6vb\u0259ti oyununa \u00e7\u0131xacaq. ARANTV.AZ\u00a0x\u0259b\u0259r verir ki, \u201cQaraba\u011f\u201d\u0131n Portuqaliyan\u0131n \u201cSportinq\u201d klubu il\u0259 oyununun ba\u015flan\u011f\u0131c\u0131 simvolik olacaq. Qurban Qurbanovun yetirm\u0259l\u0259ri\u00a0meydana \u00e7\u0131xark\u0259n onlar\u0131 A\u011fdamdan olan m\u0259cburi k\u00f6\u00e7k\u00fcn u\u015faqlar m\u00fc\u015fayi\u0259t ed\u0259c\u0259kl\u0259r. \u201cFutbol ulduzlar\u0131 il\u0259 yana\u015f\u0131, meydana Az\u0259rbaycan\u0131n \u0259razi b\u00fct\u00f6vl\u00fcy\u00fc u\u011frunda&hellip;","_links":{"self":[{"href":"https:\/\/arantv.az\/index.php?rest_route=\/wp\/v2\/posts\/25603"}],"collection":[{"href":"https:\/\/arantv.az\/index.php?rest_route=\/wp\/v2\/posts"}],"about":[{"href":"https:\/\/arantv.az\/index.php?rest_route=\/wp\/v2\/types\/post"}],"author":[{"embeddable":true,"href":"https:\/\/arantv.az\/index.php?rest_route=\/wp\/v2\/users\/2"}],"replies":[{"embeddable":true,"href":"https:\/\/arantv.az\/index.php?rest_route=%2Fwp%2Fv2%2Fcomments&post=25603"}],"version-history":[{"count":0,"href":"https:\/\/arantv.az\/index.php?rest_route=\/wp\/v2\/posts\/25603\/revisions"}],"wp:featuredmedia":[{"embeddable":true,"href":"https:\/\/arantv.az\/index.php?rest_route=\/wp\/v2\/media\/25604"}],"wp:attachment":[{"href":"https:\/\/arantv.az\/index.php?rest_route=%2Fwp%2Fv2%2Fmedia&parent=25603"}],"wp:term":[{"taxonomy":"category","embeddable":true,"href":"https:\/\/arantv.az\/index.php?rest_route=%2Fwp%2Fv2%2Fcategories&post=25603"},{"taxonomy":"post_tag","embeddable":true,"href":"https:\/\/arantv.az\/index.php?rest_route=%2Fwp%2Fv2%2Ftags&post=25603"}],"curies":[{"name":"wp","href":"https:\/\/api.w.org\/{rel}","templated":true}]}}