{"id":25606,"date":"2018-11-29T15:57:24","date_gmt":"2018-11-29T12:57:24","guid":{"rendered":"http:\/\/arantv.az\/?p=25606"},"modified":"2018-11-29T15:57:24","modified_gmt":"2018-11-29T12:57:24","slug":"erm%c9%99nil%c9%99rin-kanadada-az%c9%99rbaycana-qarsi-t%c9%99xribati-m%c9%99s%c9%99l%c9%99y%c9%99-xin-qarisdi-foto","status":"publish","type":"post","link":"https:\/\/arantv.az\/?p=25606","title":{"rendered":"Erm\u0259nil\u0259rin Kanadada Az\u0259rbaycana qar\u015f\u0131 t\u0259xribat\u0131: M\u0259s\u0259l\u0259y\u0259 X\u0130N qar\u0131\u015fd\u0131 &#8211; FOTO"},"content":{"rendered":"<p>Kanada\u00a0d\u00fcnyan\u0131n m\u00fcxt\u0259lif \u00f6lk\u0259l\u0259rind\u0259n insanlar\u0131n diqq\u0259tini c\u0259lb edir. Statistikaya \u0259sas\u0259n, dem\u0259k olar ki, b\u00fct\u00fcn \u00f6lk\u0259l\u0259rd\u0259n olan insanlar bu \u015eimali Amerika \u00f6lk\u0259sin\u0259 ba\u015f \u00e7\u0259kibl\u0259r.<\/p>\n<p>\u0130mmiqrantlar, x\u00fcsus\u0259n d\u0259 Vankuver, Toronto v\u0259 Monreal kimi \u015f\u0259h\u0259rl\u0259rd\u0259 m\u0259sk\u0259n sal\u0131rlar. Lakin b\u0259z\u0259n k\u00fctl\u0259vi immiqrasiya ziddiyy\u0259tli n\u0259tic\u0259l\u0259r\u0259 s\u0259b\u0259b olur. Hidd\u0259t do\u011furan insidentl\u0259rd\u0259n biri Torontonun \u015f\u0259rq hiss\u0259sind\u0259 yerl\u0259\u015f\u0259n Skarboro rayonunda ba\u015f verib.<\/p>\n<p><strong>ARANTV.AZ\u00a0\u00a0<\/strong>x\u0259b\u0259r verir ki, bu fotonu Media.Az-a Kanadada ya\u015fayan az\u0259rbaycanl\u0131\u00a0<strong>Fariz K\u0259rimli\u00a0<\/strong>g\u00f6nd\u0259rib.<\/p>\n<p>O bildirib ki, Skarboro rayonunun m\u0259rk\u0259zind\u0259 yerl\u0259\u015f\u0259n erm\u0259ni kils\u0259sinin qar\u015f\u0131s\u0131nda Kanada bayra\u011f\u0131 il\u0259 yana\u015f\u0131, Az\u0259rbaycan\u0131n i\u015f\u011fal olunmu\u015f torpaqlar\u0131nda qanunsuz yarad\u0131lm\u0131\u015f rejimin d\u0259 bayra\u011f\u0131 as\u0131l\u0131b.<\/p>\n<p>Kanadadak\u0131 az\u0259rbaycanl\u0131lar\u0131 bu fakt q\u0259z\u0259bl\u0259ndirib. Bu, o m\u0259naya g\u0259lir ki, beyn\u0259lxalq qanunlar\u0131 kobud \u015f\u0259kild\u0259 pozaraq, dig\u0259r \u00f6lk\u0259nin \u0259razisini g\u00fccl\u0259 \u0259l\u0259 ke\u00e7irm\u0259k m\u00fcmk\u00fcnd\u00fcr, nec\u0259 ki erm\u0259nil\u0259r Az\u0259rbaycan\u0131n Da\u011fl\u0131q Qaraba\u011f regionunda analoji add\u0131m at\u0131b.<\/p>\n<p>\u201cBununla \u0259laq\u0259dar Toronto meriyas\u0131na m\u00fcraci\u0259t edilib, ancaq cavab m\u0259nfi olub. Onlar bildiribl\u0259r ki, bu, \u201c\u015f\u0259xsi m\u00fclkd\u00fcr v\u0259 n\u0259 is\u0259 etm\u0259k m\u00fcmk\u00fcn deyil\u201d, &#8211; F.K\u0259rimli qeyd edib.<\/p>\n<p>H\u0259myerlil\u0259rimiz\u0259 tam ayd\u0131n deyil ki, \u015f\u0259xsi m\u00fclkd\u0259 beyn\u0259lxalq h\u00fcquq v\u0259 prinsipl\u0259rin, x\u00fcsus\u0259n d\u0259 BMT T\u0259hl\u00fck\u0259sizlik \u015euras\u0131n\u0131n q\u0259bul etdiyi d\u00f6rd q\u0259tnam\u0259 v\u0259 beyn\u0259lxalq t\u0259\u015fkilatlar\u0131n haz\u0131rlad\u0131\u011f\u0131 dig\u0259r s\u0259n\u0259dl\u0259rd\u0259 g\u00f6st\u0259rilmi\u015f qaydalar\u0131n pozulmas\u0131na nec\u0259 yol veril\u0259 bil\u0259r?<\/p>\n<p>F.K\u0259rimli \u0259lav\u0259 edib ki, erm\u0259ni t\u0259r\u0259fi b\u00fct\u00fcnl\u00fckl\u0259 Kanada \u0259razisind\u0259 kifay\u0259t q\u0259d\u0259r g\u00fccl\u00fc piar-kampaniya apar\u0131r, ayr\u0131-ayr\u0131 soyda\u015flar\u0131m\u0131z is\u0259 d\u0259st\u0259k almadan f\u0259rdi qaydada add\u0131mlar atma\u011fa m\u0259cburdur. O hesab edir ki, bu c\u00fcr m\u0259s\u0259l\u0259l\u0259r r\u0259smi Bak\u0131n\u0131n i\u015ftirak\u0131 il\u0259 d\u00f6vl\u0259t s\u0259viyy\u0259sind\u0259 t\u0259nziml\u0259nm\u0259lidir.<\/p>\n<p>Media.Az m\u0259s\u0259l\u0259 il\u0259 \u0259laq\u0259dar Az\u0259rbaycan Xarici \u0130\u015fl\u0259r Nazirliyi (X\u0130N) il\u0259 \u0259laq\u0259 saxlay\u0131b.<\/p>\n<p>Nazirlikd\u0259n bildirilib ki, bu m\u0259s\u0259l\u0259 il\u0259 ba\u011fl\u0131 art\u0131q m\u0259lumat al\u0131blar v\u0259 m\u0259\u015f\u011ful olacaqlar.<\/p>\n<p><img src=\"https:\/\/assets.oxu.az\/uploads\/W1siZiIsIjIwMTgvMTEvMjkvMTUvNDgvMzUvMTU4ZWNhNjItNDJjZC00NWI0LWE3NDMtYzU1NDc0ZWVhMzk1LzE1NDM0OTA3MTJfMS5qcGciXSxbInAiLCJlbmNvZGUiLCJqcGciLCItcXVhbGl0eSA4MCJdLFsicCIsInRodW1iIiwiNTkweDU5MFx1MDAzZSJdXQ?sha=1d66165d897bd077\" \/><\/p>\n<p>oxu.az<\/p>\n","protected":false},"excerpt":{"rendered":"<p>Kanada\u00a0d\u00fcnyan\u0131n m\u00fcxt\u0259lif \u00f6lk\u0259l\u0259rind\u0259n insanlar\u0131n diqq\u0259tini c\u0259lb edir. Statistikaya \u0259sas\u0259n, dem\u0259k olar ki, b\u00fct\u00fcn \u00f6lk\u0259l\u0259rd\u0259n olan insanlar bu \u015eimali Amerika \u00f6lk\u0259sin\u0259 ba\u015f \u00e7\u0259kibl\u0259r. \u0130mmiqrantlar, x\u00fcsus\u0259n d\u0259 Vankuver, Toronto v\u0259 Monreal kimi \u015f\u0259h\u0259rl\u0259rd\u0259 m\u0259sk\u0259n sal\u0131rlar. Lakin b\u0259z\u0259n k\u00fctl\u0259vi immiqrasiya ziddiyy\u0259tli n\u0259tic\u0259l\u0259r\u0259 s\u0259b\u0259b olur. Hidd\u0259t do\u011furan insidentl\u0259rd\u0259n biri Torontonun \u015f\u0259rq hiss\u0259sind\u0259 yerl\u0259\u015f\u0259n Skarboro rayonunda ba\u015f verib. ARANTV.AZ\u00a0\u00a0x\u0259b\u0259r verir ki, bu fotonu Media.Az-a Kanadada ya\u015fayan az\u0259rbaycanl\u0131\u00a0Fariz K\u0259rimli\u00a0g\u00f6nd\u0259rib. O bildirib ki, Skarboro rayonunun m\u0259rk\u0259zind\u0259 yerl\u0259\u015f\u0259n erm\u0259ni kils\u0259sinin qar\u015f\u0131s\u0131nda Kanada bayra\u011f\u0131 il\u0259 yana\u015f\u0131, Az\u0259rbaycan\u0131n i\u015f\u011fal olunmu\u015f torpaqlar\u0131nda qanunsuz yarad\u0131lm\u0131\u015f rejimin d\u0259 bayra\u011f\u0131 as\u0131l\u0131b. Kanadadak\u0131 az\u0259rbaycanl\u0131lar\u0131 bu&hellip;<\/p>\n","protected":false},"author":2,"featured_media":25607,"comment_status":"closed","ping_status":"closed","sticky":false,"template":"","format":"standard","meta":{"om_disable_all_campaigns":false,"_monsterinsights_skip_tracking":false,"_monsterinsights_sitenote_active":false,"_monsterinsights_sitenote_note":"","_monsterinsights_sitenote_category":0},"categories":[1],"tags":[],"aioseo_notices":[],"gutentor_comment":0,"rttpg_featured_image_url":{"full":["https:\/\/arantv.az\/wp-content\/uploads\/2018\/11\/fazil.jpg",620,331,false],"landscape":["https:\/\/arantv.az\/wp-content\/uploads\/2018\/11\/fazil.jpg",620,331,false],"portraits":["https:\/\/arantv.az\/wp-content\/uploads\/2018\/11\/fazil.jpg",620,331,false],"thumbnail":["https:\/\/arantv.az\/wp-content\/uploads\/2018\/11\/fazil-150x150.jpg",150,150,true],"medium":["https:\/\/arantv.az\/wp-content\/uploads\/2018\/11\/fazil-300x160.jpg",300,160,true],"large":["https:\/\/arantv.az\/wp-content\/uploads\/2018\/11\/fazil.jpg",620,331,false],"1536x1536":["https:\/\/arantv.az\/wp-content\/uploads\/2018\/11\/fazil.jpg",620,331,false],"2048x2048":["https:\/\/arantv.az\/wp-content\/uploads\/2018\/11\/fazil.jpg",620,331,false],"post-thumbnail":["https:\/\/arantv.az\/wp-content\/uploads\/2018\/11\/fazil-240x172.jpg",240,172,true],"advps-thumb-one":["https:\/\/arantv.az\/wp-content\/uploads\/2018\/11\/fazil.jpg",620,331,false]},"rttpg_author":{"display_name":"V\u00fcsal Rafiqo\u011flu","author_link":"https:\/\/arantv.az\/?author=2"},"rttpg_comment":0,"rttpg_category":"<a href=\"https:\/\/arantv.az\/?cat=1\" rel=\"category\">C\u0259miyy\u0259t<\/a>","rttpg_excerpt":"Kanada\u00a0d\u00fcnyan\u0131n m\u00fcxt\u0259lif \u00f6lk\u0259l\u0259rind\u0259n insanlar\u0131n diqq\u0259tini c\u0259lb edir. Statistikaya \u0259sas\u0259n, dem\u0259k olar ki, b\u00fct\u00fcn \u00f6lk\u0259l\u0259rd\u0259n olan insanlar bu \u015eimali Amerika \u00f6lk\u0259sin\u0259 ba\u015f \u00e7\u0259kibl\u0259r. \u0130mmiqrantlar, x\u00fcsus\u0259n d\u0259 Vankuver, Toronto v\u0259 Monreal kimi \u015f\u0259h\u0259rl\u0259rd\u0259 m\u0259sk\u0259n sal\u0131rlar. Lakin b\u0259z\u0259n k\u00fctl\u0259vi immiqrasiya ziddiyy\u0259tli n\u0259tic\u0259l\u0259r\u0259 s\u0259b\u0259b olur. Hidd\u0259t do\u011furan insidentl\u0259rd\u0259n biri Torontonun \u015f\u0259rq hiss\u0259sind\u0259 yerl\u0259\u015f\u0259n Skarboro rayonunda ba\u015f verib. ARANTV.AZ\u00a0\u00a0x\u0259b\u0259r verir&hellip;","_links":{"self":[{"href":"https:\/\/arantv.az\/index.php?rest_route=\/wp\/v2\/posts\/25606"}],"collection":[{"href":"https:\/\/arantv.az\/index.php?rest_route=\/wp\/v2\/posts"}],"about":[{"href":"https:\/\/arantv.az\/index.php?rest_route=\/wp\/v2\/types\/post"}],"author":[{"embeddable":true,"href":"https:\/\/arantv.az\/index.php?rest_route=\/wp\/v2\/users\/2"}],"replies":[{"embeddable":true,"href":"https:\/\/arantv.az\/index.php?rest_route=%2Fwp%2Fv2%2Fcomments&post=25606"}],"version-history":[{"count":0,"href":"https:\/\/arantv.az\/index.php?rest_route=\/wp\/v2\/posts\/25606\/revisions"}],"wp:featuredmedia":[{"embeddable":true,"href":"https:\/\/arantv.az\/index.php?rest_route=\/wp\/v2\/media\/25607"}],"wp:attachment":[{"href":"https:\/\/arantv.az\/index.php?rest_route=%2Fwp%2Fv2%2Fmedia&parent=25606"}],"wp:term":[{"taxonomy":"category","embeddable":true,"href":"https:\/\/arantv.az\/index.php?rest_route=%2Fwp%2Fv2%2Fcategories&post=25606"},{"taxonomy":"post_tag","embeddable":true,"href":"https:\/\/arantv.az\/index.php?rest_route=%2Fwp%2Fv2%2Ftags&post=25606"}],"curies":[{"name":"wp","href":"https:\/\/api.w.org\/{rel}","templated":true}]}}