{"id":25609,"date":"2018-11-29T16:00:18","date_gmt":"2018-11-29T13:00:18","guid":{"rendered":"http:\/\/arantv.az\/?p=25609"},"modified":"2018-11-29T16:00:18","modified_gmt":"2018-11-29T13:00:18","slug":"az%c9%99rbaycan-hokum%c9%99ti-il%c9%99-bmt-nin-avropa-iqtisadi-komissiyasi-arasinda-birg%c9%99-b%c9%99yanat-imzalanib","status":"publish","type":"post","link":"https:\/\/arantv.az\/?p=25609","title":{"rendered":"Az\u0259rbaycan H\u00f6kum\u0259ti il\u0259 BMT-nin Avropa \u0130qtisadi Komissiyas\u0131 aras\u0131nda Birg\u0259 B\u0259yanat imzalan\u0131b"},"content":{"rendered":"<p><strong>ARANTV.AZ<\/strong> x\u0259b\u0259r verir ki, noyabr\u0131n 29-da Nazirl\u0259r Kabinetind\u0259 Az\u0259rbaycan H\u00f6kum\u0259ti il\u0259 BMT-nin Avropa \u0130qtisadi Komissiyas\u0131 aras\u0131nda Dayan\u0131ql\u0131 \u0130nki\u015faf M\u0259qs\u0259dl\u0259rinin h\u0259yata ke\u00e7irilm\u0259si il\u0259 ba\u011fl\u0131 \u0259m\u0259kda\u015fl\u0131\u011fa dair Birg\u0259 B\u0259yanat imzalan\u0131b.<\/p>\n<p>S\u0259n\u0259di Az\u0259rbaycan Respublikas\u0131 Ba\u015f nazirinin m\u00fcavini, Dayan\u0131ql\u0131 \u0130nki\u015faf \u00fczr\u0259 Milli \u018flaq\u0259l\u0259ndirm\u0259 \u015euras\u0131n\u0131n s\u0259dri \u018fli \u018fhm\u0259dov v\u0259 \u00f6lk\u0259mizd\u0259 s\u0259f\u0259rd\u0259 olan BMT ba\u015f katibinin m\u00fcavini, t\u0259\u015fkilat\u0131n Avropa \u0130qtisadi Komissiyas\u0131n\u0131n icra\u00e7\u0131 katibi Olga Algayerova imzalay\u0131blar.<\/p>\n<p>Az\u0259rbaycanla BMT aras\u0131nda \u0259m\u0259kda\u015fl\u0131\u011f\u0131n m\u00fczakir\u0259 edildiyi g\u00f6r\u00fc\u015fd\u0259 Ba\u015f nazirin m\u00fcavini bir s\u0131ra sah\u0259l\u0259rd\u0259 u\u011furlu layih\u0259l\u0259rin realla\u015fd\u0131r\u0131ld\u0131\u011f\u0131n\u0131 bildirib, h\u0259min layih\u0259l\u0259rin bir \u00e7oxunun dayan\u0131ql\u0131 inki\u015fafla ba\u011fl\u0131 oldu\u011funu vur\u011fulay\u0131b.<\/p>\n<p>BMT ba\u015f katibinin m\u00fcavini Olga Algayerova Az\u0259rbaycanla \u0259m\u0259kda\u015fl\u0131\u011f\u0131n m\u0259mnunluq do\u011furdu\u011funu qeyd edib. Qonaq Dayan\u0131ql\u0131 \u0130nki\u015faf M\u0259qs\u0259dl\u0259rind\u0259n ir\u0259li g\u0259l\u0259n v\u0259zif\u0259l\u0259ri h\u0259yata ke\u00e7irm\u0259k \u00fc\u00e7\u00fcn realla\u015fd\u0131r\u0131lan layih\u0259l\u0259r\u0259 d\u0259st\u0259k verm\u0259y\u0259 haz\u0131r olduqlar\u0131n\u0131 deyib.<\/p>\n","protected":false},"excerpt":{"rendered":"<p>ARANTV.AZ x\u0259b\u0259r verir ki, noyabr\u0131n 29-da Nazirl\u0259r Kabinetind\u0259 Az\u0259rbaycan H\u00f6kum\u0259ti il\u0259 BMT-nin Avropa \u0130qtisadi Komissiyas\u0131 aras\u0131nda Dayan\u0131ql\u0131 \u0130nki\u015faf M\u0259qs\u0259dl\u0259rinin h\u0259yata ke\u00e7irilm\u0259si il\u0259 ba\u011fl\u0131 \u0259m\u0259kda\u015fl\u0131\u011fa dair Birg\u0259 B\u0259yanat imzalan\u0131b. S\u0259n\u0259di Az\u0259rbaycan Respublikas\u0131 Ba\u015f nazirinin m\u00fcavini, Dayan\u0131ql\u0131 \u0130nki\u015faf \u00fczr\u0259 Milli \u018flaq\u0259l\u0259ndirm\u0259 \u015euras\u0131n\u0131n s\u0259dri \u018fli \u018fhm\u0259dov v\u0259 \u00f6lk\u0259mizd\u0259 s\u0259f\u0259rd\u0259 olan BMT ba\u015f katibinin m\u00fcavini, t\u0259\u015fkilat\u0131n Avropa \u0130qtisadi Komissiyas\u0131n\u0131n icra\u00e7\u0131 katibi Olga Algayerova imzalay\u0131blar. Az\u0259rbaycanla BMT aras\u0131nda \u0259m\u0259kda\u015fl\u0131\u011f\u0131n m\u00fczakir\u0259 edildiyi g\u00f6r\u00fc\u015fd\u0259 Ba\u015f nazirin m\u00fcavini bir s\u0131ra sah\u0259l\u0259rd\u0259 u\u011furlu layih\u0259l\u0259rin realla\u015fd\u0131r\u0131ld\u0131\u011f\u0131n\u0131 bildirib, h\u0259min layih\u0259l\u0259rin bir \u00e7oxunun dayan\u0131ql\u0131 inki\u015fafla ba\u011fl\u0131 oldu\u011funu vur\u011fulay\u0131b. BMT ba\u015f katibinin m\u00fcavini&hellip;<\/p>\n","protected":false},"author":2,"featured_media":25610,"comment_status":"closed","ping_status":"closed","sticky":false,"template":"","format":"standard","meta":{"om_disable_all_campaigns":false,"_monsterinsights_skip_tracking":false,"_monsterinsights_sitenote_active":false,"_monsterinsights_sitenote_note":"","_monsterinsights_sitenote_category":0},"categories":[19],"tags":[],"aioseo_notices":[],"gutentor_comment":0,"rttpg_featured_image_url":{"full":["https:\/\/arantv.az\/wp-content\/uploads\/2018\/11\/fiopmd3urqtucdc7i63okl20i0bmt.jpg",1000,604,false],"landscape":["https:\/\/arantv.az\/wp-content\/uploads\/2018\/11\/fiopmd3urqtucdc7i63okl20i0bmt.jpg",1000,604,false],"portraits":["https:\/\/arantv.az\/wp-content\/uploads\/2018\/11\/fiopmd3urqtucdc7i63okl20i0bmt.jpg",1000,604,false],"thumbnail":["https:\/\/arantv.az\/wp-content\/uploads\/2018\/11\/fiopmd3urqtucdc7i63okl20i0bmt-150x150.jpg",150,150,true],"medium":["https:\/\/arantv.az\/wp-content\/uploads\/2018\/11\/fiopmd3urqtucdc7i63okl20i0bmt-300x181.jpg",300,181,true],"large":["https:\/\/arantv.az\/wp-content\/uploads\/2018\/11\/fiopmd3urqtucdc7i63okl20i0bmt.jpg",640,387,false],"1536x1536":["https:\/\/arantv.az\/wp-content\/uploads\/2018\/11\/fiopmd3urqtucdc7i63okl20i0bmt.jpg",1000,604,false],"2048x2048":["https:\/\/arantv.az\/wp-content\/uploads\/2018\/11\/fiopmd3urqtucdc7i63okl20i0bmt.jpg",1000,604,false],"post-thumbnail":["https:\/\/arantv.az\/wp-content\/uploads\/2018\/11\/fiopmd3urqtucdc7i63okl20i0bmt-240x172.jpg",240,172,true],"advps-thumb-one":["https:\/\/arantv.az\/wp-content\/uploads\/2018\/11\/fiopmd3urqtucdc7i63okl20i0bmt.jpg",1000,604,false]},"rttpg_author":{"display_name":"V\u00fcsal Rafiqo\u011flu","author_link":"https:\/\/arantv.az\/?author=2"},"rttpg_comment":0,"rttpg_category":"<a href=\"https:\/\/arantv.az\/?cat=19\" rel=\"category\">G\u00fcnd\u0259m<\/a>","rttpg_excerpt":"ARANTV.AZ x\u0259b\u0259r verir ki, noyabr\u0131n 29-da Nazirl\u0259r Kabinetind\u0259 Az\u0259rbaycan H\u00f6kum\u0259ti il\u0259 BMT-nin Avropa \u0130qtisadi Komissiyas\u0131 aras\u0131nda Dayan\u0131ql\u0131 \u0130nki\u015faf M\u0259qs\u0259dl\u0259rinin h\u0259yata ke\u00e7irilm\u0259si il\u0259 ba\u011fl\u0131 \u0259m\u0259kda\u015fl\u0131\u011fa dair Birg\u0259 B\u0259yanat imzalan\u0131b. S\u0259n\u0259di Az\u0259rbaycan Respublikas\u0131 Ba\u015f nazirinin m\u00fcavini, Dayan\u0131ql\u0131 \u0130nki\u015faf \u00fczr\u0259 Milli \u018flaq\u0259l\u0259ndirm\u0259 \u015euras\u0131n\u0131n s\u0259dri \u018fli \u018fhm\u0259dov v\u0259 \u00f6lk\u0259mizd\u0259 s\u0259f\u0259rd\u0259 olan BMT ba\u015f katibinin m\u00fcavini, t\u0259\u015fkilat\u0131n Avropa \u0130qtisadi Komissiyas\u0131n\u0131n&hellip;","_links":{"self":[{"href":"https:\/\/arantv.az\/index.php?rest_route=\/wp\/v2\/posts\/25609"}],"collection":[{"href":"https:\/\/arantv.az\/index.php?rest_route=\/wp\/v2\/posts"}],"about":[{"href":"https:\/\/arantv.az\/index.php?rest_route=\/wp\/v2\/types\/post"}],"author":[{"embeddable":true,"href":"https:\/\/arantv.az\/index.php?rest_route=\/wp\/v2\/users\/2"}],"replies":[{"embeddable":true,"href":"https:\/\/arantv.az\/index.php?rest_route=%2Fwp%2Fv2%2Fcomments&post=25609"}],"version-history":[{"count":0,"href":"https:\/\/arantv.az\/index.php?rest_route=\/wp\/v2\/posts\/25609\/revisions"}],"wp:featuredmedia":[{"embeddable":true,"href":"https:\/\/arantv.az\/index.php?rest_route=\/wp\/v2\/media\/25610"}],"wp:attachment":[{"href":"https:\/\/arantv.az\/index.php?rest_route=%2Fwp%2Fv2%2Fmedia&parent=25609"}],"wp:term":[{"taxonomy":"category","embeddable":true,"href":"https:\/\/arantv.az\/index.php?rest_route=%2Fwp%2Fv2%2Fcategories&post=25609"},{"taxonomy":"post_tag","embeddable":true,"href":"https:\/\/arantv.az\/index.php?rest_route=%2Fwp%2Fv2%2Ftags&post=25609"}],"curies":[{"name":"wp","href":"https:\/\/api.w.org\/{rel}","templated":true}]}}