{"id":25618,"date":"2018-11-29T16:07:28","date_gmt":"2018-11-29T13:07:28","guid":{"rendered":"http:\/\/arantv.az\/?p=25618"},"modified":"2018-11-29T16:07:28","modified_gmt":"2018-11-29T13:07:28","slug":"m%c9%99n-9-yasli-qiza-asiq-olmusamsa-b%c9%99s-s%c9%99n-niy%c9%99-9-yasli-qizini-m%c9%99nim-yanima-gond%c9%99rirdin-mu%c9%99llim-direktora-cavab-verdi","status":"publish","type":"post","link":"https:\/\/arantv.az\/?p=25618","title":{"rendered":"&#8220;M\u0259n 9 ya\u015fl\u0131 q\u0131za a\u015fiq olmu\u015famsa, b\u0259s s\u0259n niy\u0259 9 ya\u015fl\u0131 q\u0131z\u0131n\u0131 m\u0259nim yan\u0131ma g\u00f6nd\u0259rirdin?&#8221; &#8211; M\u00fc\u0259llim direktora cavab verdi"},"content":{"rendered":"<p><strong>&#8220;\u018fg\u0259r R\u00f6v\u015f\u0259n bel\u0259 \u015fey edibs\u0259, b\u0259s s\u0259n onda niy\u0259 9 ya\u015fl\u0131 q\u0131z\u0131n\u0131 m\u0259nim yan\u0131ma g\u00f6nd\u0259rirdin?&#8221;\u00a0<\/strong><\/p>\n<p><strong>ARANTV.AZ<\/strong> x\u0259b\u0259r verir ki, bu s\u00f6zl\u0259ri azxeber.com-a a\u00e7\u0131qlamas\u0131nda 220 n\u00f6mr\u0259li m\u0259kt\u0259bin i\u015fd\u0259n \u00e7\u0131xar\u0131lan m\u00fc\u0259llimi R\u00f6v\u015f\u0259n \u018fzizov deyib.<\/p>\n<p>O direktor Tural Mirz\u0259liyevin onun haqq\u0131nda s\u0259sl\u0259ndirdiyi &#8220;9 ya\u015fl\u0131 q\u0131za a\u015fiq olub&#8221; iddias\u0131na m\u00fcnasib\u0259t bildirib: &#8220;Bunlar ham\u0131s\u0131 \u015f\u0259rdir, b\u00f6htand\u0131r. Bel\u0259 \u015fey olmay\u0131b. M\u0259n yen\u0259 d\u0259 deyir\u0259m ki, \u0259g\u0259r bel\u0259 \u015fey varsa, s\u0259n niy\u0259 q\u0131z\u0131n\u0131 o m\u00fc\u0259llimin yan\u0131na g\u00f6nd\u0259rirdin? Onun q\u0131z\u0131 m\u0259nim \u00e7\u0259kdiyim videolarda var, &#8220;youtube&#8221;d\u0259 d\u0259, saytlarda da bu haqda m\u0259lumat yay\u0131mlan\u0131b. Hans\u0131 ki\u015fi 9 ya\u015fl\u0131 q\u0131z\u0131n\u0131 &#8220;pedofil&#8221; dediyi adam\u0131n yan\u0131na g\u0259tir\u0259r?&#8221;<\/p>\n<p>R\u00f6v\u015f\u0259n \u018fzizov Tural Mirz\u0259liyevi yalan dan\u0131\u015fmaqda ittiham edib: &#8220;N\u0259y\u0259 g\u00f6r\u0259 bu adam bu g\u00fcn\u0259 q\u0259d\u0259r dan\u0131\u015fm\u0131rd\u0131? \u018fg\u0259r \u0259lind\u0259 fakt var idis\u0259, onda niy\u0259 susurdun. M\u0259nim d\u00fcn\u0259nki video m\u00fcraci\u0259timd\u0259n sonra dan\u0131\u015fmaq q\u0259rar\u0131na g\u0259lib, ancaq dan\u0131\u015fd\u0131qlar\u0131 yaland\u0131r, \u015f\u0259rdir. \u00dcz\u00fcn\u0259 z\u0259rb\u0259 d\u0259y\u0259n adam nec\u0259 oldu ki, bel\u0259 tez aya\u011fa qalxd\u0131, sa\u011fald\u0131? Bu suallara cavab tapmaq laz\u0131md\u0131r.<\/p>\n<p>Xat\u0131rladaq ki, Tural Mirz\u0259liyev bu g\u00fcn &#8220;Yeni M\u00fcsavat&#8221;\u0131n canl\u0131 yay\u0131m\u0131nda R\u00f6v\u015f\u0259n \u018fzizovun bir m\u00fcdd\u0259t \u00f6nc\u0259 sosial \u015f\u0259b\u0259k\u0259d\u0259 yazd\u0131\u011f\u0131 iddia olunan fikirl\u0259ri s\u0259sl\u0259ndirib v\u0259 deyib: &#8220;R\u00f6v\u015f\u0259n \u018fzizovun yazd\u0131\u011f\u0131 1 statusu oxuyacam v\u0259 \u00f6z\u00fcn\u00fcz h\u0259r \u015feyi anlayacaqs\u0131z. O yaz\u0131r: &#8220;\u00d6l\u00fcm bar\u0259d\u0259 d\u00fc\u015f\u00fcnd\u00fcy\u00fcm anda o qar\u015f\u0131ma \u00e7\u0131xd\u0131. O zaman m\u0259n yeni m\u00fc\u0259llim i\u015fl\u0259yirdim v\u0259 onun 9 ya\u015f\u0131 var idi. \u0130lk g\u00f6rd\u00fcy\u00fcm g\u00fcn h\u0259yat\u0131mda g\u00fcn\u0259\u015f do\u011fdu. M\u00fc\u0259llimin 9 ya\u015fl\u0131 q\u0131za qar\u015f\u0131 vurulmas\u0131na h\u0259r k\u0259s qar\u015f\u0131 \u00e7\u0131xd\u0131. Ancaq biz b\u00fct\u00fcn \u0259ng\u0259ll\u0259ri a\u015fd\u0131q v\u0259 xo\u015fb\u0259xt olduq&#8221;.<\/p>\n","protected":false},"excerpt":{"rendered":"<p>&#8220;\u018fg\u0259r R\u00f6v\u015f\u0259n bel\u0259 \u015fey edibs\u0259, b\u0259s s\u0259n onda niy\u0259 9 ya\u015fl\u0131 q\u0131z\u0131n\u0131 m\u0259nim yan\u0131ma g\u00f6nd\u0259rirdin?&#8221;\u00a0 ARANTV.AZ x\u0259b\u0259r verir ki, bu s\u00f6zl\u0259ri azxeber.com-a a\u00e7\u0131qlamas\u0131nda 220 n\u00f6mr\u0259li m\u0259kt\u0259bin i\u015fd\u0259n \u00e7\u0131xar\u0131lan m\u00fc\u0259llimi R\u00f6v\u015f\u0259n \u018fzizov deyib. O direktor Tural Mirz\u0259liyevin onun haqq\u0131nda s\u0259sl\u0259ndirdiyi &#8220;9 ya\u015fl\u0131 q\u0131za a\u015fiq olub&#8221; iddias\u0131na m\u00fcnasib\u0259t bildirib: &#8220;Bunlar ham\u0131s\u0131 \u015f\u0259rdir, b\u00f6htand\u0131r. Bel\u0259 \u015fey olmay\u0131b. M\u0259n yen\u0259 d\u0259 deyir\u0259m ki, \u0259g\u0259r bel\u0259 \u015fey varsa, s\u0259n niy\u0259 q\u0131z\u0131n\u0131 o m\u00fc\u0259llimin yan\u0131na g\u00f6nd\u0259rirdin? Onun q\u0131z\u0131 m\u0259nim \u00e7\u0259kdiyim videolarda var, &#8220;youtube&#8221;d\u0259 d\u0259, saytlarda da bu haqda m\u0259lumat yay\u0131mlan\u0131b. Hans\u0131 ki\u015fi 9 ya\u015fl\u0131 q\u0131z\u0131n\u0131 &#8220;pedofil&#8221;&hellip;<\/p>\n","protected":false},"author":2,"featured_media":25619,"comment_status":"closed","ping_status":"closed","sticky":false,"template":"","format":"standard","meta":{"om_disable_all_campaigns":false,"_monsterinsights_skip_tracking":false,"_monsterinsights_sitenote_active":false,"_monsterinsights_sitenote_note":"","_monsterinsights_sitenote_category":0},"categories":[1],"tags":[],"aioseo_notices":[],"gutentor_comment":0,"rttpg_featured_image_url":{"full":["https:\/\/arantv.az\/wp-content\/uploads\/2018\/11\/708199.jpg",800,600,false],"landscape":["https:\/\/arantv.az\/wp-content\/uploads\/2018\/11\/708199.jpg",800,600,false],"portraits":["https:\/\/arantv.az\/wp-content\/uploads\/2018\/11\/708199.jpg",800,600,false],"thumbnail":["https:\/\/arantv.az\/wp-content\/uploads\/2018\/11\/708199-150x150.jpg",150,150,true],"medium":["https:\/\/arantv.az\/wp-content\/uploads\/2018\/11\/708199-300x225.jpg",300,225,true],"large":["https:\/\/arantv.az\/wp-content\/uploads\/2018\/11\/708199.jpg",640,480,false],"1536x1536":["https:\/\/arantv.az\/wp-content\/uploads\/2018\/11\/708199.jpg",800,600,false],"2048x2048":["https:\/\/arantv.az\/wp-content\/uploads\/2018\/11\/708199.jpg",800,600,false],"post-thumbnail":["https:\/\/arantv.az\/wp-content\/uploads\/2018\/11\/708199-240x172.jpg",240,172,true],"advps-thumb-one":["https:\/\/arantv.az\/wp-content\/uploads\/2018\/11\/708199.jpg",800,600,false]},"rttpg_author":{"display_name":"V\u00fcsal Rafiqo\u011flu","author_link":"https:\/\/arantv.az\/?author=2"},"rttpg_comment":0,"rttpg_category":"<a href=\"https:\/\/arantv.az\/?cat=1\" rel=\"category\">C\u0259miyy\u0259t<\/a>","rttpg_excerpt":"&#8220;\u018fg\u0259r R\u00f6v\u015f\u0259n bel\u0259 \u015fey edibs\u0259, b\u0259s s\u0259n onda niy\u0259 9 ya\u015fl\u0131 q\u0131z\u0131n\u0131 m\u0259nim yan\u0131ma g\u00f6nd\u0259rirdin?&#8221;\u00a0 ARANTV.AZ x\u0259b\u0259r verir ki, bu s\u00f6zl\u0259ri azxeber.com-a a\u00e7\u0131qlamas\u0131nda 220 n\u00f6mr\u0259li m\u0259kt\u0259bin i\u015fd\u0259n \u00e7\u0131xar\u0131lan m\u00fc\u0259llimi R\u00f6v\u015f\u0259n \u018fzizov deyib. O direktor Tural Mirz\u0259liyevin onun haqq\u0131nda s\u0259sl\u0259ndirdiyi &#8220;9 ya\u015fl\u0131 q\u0131za a\u015fiq olub&#8221; iddias\u0131na m\u00fcnasib\u0259t bildirib: &#8220;Bunlar ham\u0131s\u0131 \u015f\u0259rdir, b\u00f6htand\u0131r. Bel\u0259 \u015fey olmay\u0131b. M\u0259n&hellip;","_links":{"self":[{"href":"https:\/\/arantv.az\/index.php?rest_route=\/wp\/v2\/posts\/25618"}],"collection":[{"href":"https:\/\/arantv.az\/index.php?rest_route=\/wp\/v2\/posts"}],"about":[{"href":"https:\/\/arantv.az\/index.php?rest_route=\/wp\/v2\/types\/post"}],"author":[{"embeddable":true,"href":"https:\/\/arantv.az\/index.php?rest_route=\/wp\/v2\/users\/2"}],"replies":[{"embeddable":true,"href":"https:\/\/arantv.az\/index.php?rest_route=%2Fwp%2Fv2%2Fcomments&post=25618"}],"version-history":[{"count":0,"href":"https:\/\/arantv.az\/index.php?rest_route=\/wp\/v2\/posts\/25618\/revisions"}],"wp:featuredmedia":[{"embeddable":true,"href":"https:\/\/arantv.az\/index.php?rest_route=\/wp\/v2\/media\/25619"}],"wp:attachment":[{"href":"https:\/\/arantv.az\/index.php?rest_route=%2Fwp%2Fv2%2Fmedia&parent=25618"}],"wp:term":[{"taxonomy":"category","embeddable":true,"href":"https:\/\/arantv.az\/index.php?rest_route=%2Fwp%2Fv2%2Fcategories&post=25618"},{"taxonomy":"post_tag","embeddable":true,"href":"https:\/\/arantv.az\/index.php?rest_route=%2Fwp%2Fv2%2Ftags&post=25618"}],"curies":[{"name":"wp","href":"https:\/\/api.w.org\/{rel}","templated":true}]}}