{"id":25621,"date":"2018-11-29T16:10:17","date_gmt":"2018-11-29T13:10:17","guid":{"rendered":"http:\/\/arantv.az\/?p=25621"},"modified":"2018-11-29T16:10:17","modified_gmt":"2018-11-29T13:10:17","slug":"hava-s%c9%99raitinin-k%c9%99skin-d%c9%99yis%c9%99c%c9%99yi-bar%c9%99d%c9%99-x%c9%99b%c9%99rdarliq","status":"publish","type":"post","link":"https:\/\/arantv.az\/?p=25621","title":{"rendered":"Hava \u015f\u0259raitinin k\u0259skin d\u0259yi\u015f\u0259c\u0259yi bar\u0259d\u0259 x\u0259b\u0259rdarl\u0131q"},"content":{"rendered":"<p><strong>ARANTV.AZ<\/strong> x\u0259b\u0259r verir ki, Ekologiya v\u0259 T\u0259bii S\u0259rv\u0259tl\u0259r Nazirliyinin Milli Hidrometeorologiya Departamentinin verdiyi m\u0259lumata g\u00f6r\u0259:<\/p>\n<p><strong>Bak\u0131da v\u0259 Ab\u015feron yar\u0131madas\u0131nda<\/strong><\/p>\n<p>Noyabr\u0131n 30-u ax\u015famdan dekabr\u0131n 02-si g\u00fcnd\u00fcz\u0259d\u0259k Bak\u0131da v\u0259 Ab\u015feron yar\u0131madas\u0131nda hava \u015f\u0259raitinin arabir ya\u011f\u0131nt\u0131l\u0131 olaca\u011f\u0131,\u00a0 yar\u0131madan\u0131n b\u0259zi yerl\u0259rind\u0259 intensivl\u0259\u015f\u0259c\u0259yi g\u00f6zl\u0259nilir. G\u00fccl\u00fc \u015fimal-q\u0259rb k\u00fcl\u0259yi noyabr\u0131n 29-dan 30-na ke\u00e7\u0259n gec\u0259 arabir \u015fidd\u0259tl\u0259n\u0259c\u0259k.<\/p>\n<p><strong>Az\u0259rbaycan\u0131n rayonlar\u0131nda<\/strong><\/p>\n<p>Noyabr\u0131n 30-dan dekabr\u0131n 02-si g\u00fcnd\u00fcz\u0259d\u0259k hava \u015f\u0259raitinin qeyri-sabit ke\u00e7\u0259c\u0259yi, arabir ya\u011f\u0131\u015f, da\u011fl\u0131q v\u0259 da\u011f\u0259t\u0259yi rayonlarda qar ya\u011faca\u011f\u0131 g\u00f6zl\u0259nilir. B\u0259zi yerl\u0259rd\u0259 intensiv olaca\u011f\u0131 ehtimal\u0131 var. \u00c7aylarda sululu\u011fun artaca\u011f\u0131, L\u0259nk\u0259ran-Astara b\u00f6lg\u0259sinin b\u0259zi \u00e7aylar\u0131ndan q\u0131sam\u00fcdd\u0259tli da\u015fq\u0131n ke\u00e7\u0259c\u0259yi ehtimal olunur.<\/p>\n","protected":false},"excerpt":{"rendered":"<p>ARANTV.AZ x\u0259b\u0259r verir ki, Ekologiya v\u0259 T\u0259bii S\u0259rv\u0259tl\u0259r Nazirliyinin Milli Hidrometeorologiya Departamentinin verdiyi m\u0259lumata g\u00f6r\u0259: Bak\u0131da v\u0259 Ab\u015feron yar\u0131madas\u0131nda Noyabr\u0131n 30-u ax\u015famdan dekabr\u0131n 02-si g\u00fcnd\u00fcz\u0259d\u0259k Bak\u0131da v\u0259 Ab\u015feron yar\u0131madas\u0131nda hava \u015f\u0259raitinin arabir ya\u011f\u0131nt\u0131l\u0131 olaca\u011f\u0131,\u00a0 yar\u0131madan\u0131n b\u0259zi yerl\u0259rind\u0259 intensivl\u0259\u015f\u0259c\u0259yi g\u00f6zl\u0259nilir. G\u00fccl\u00fc \u015fimal-q\u0259rb k\u00fcl\u0259yi noyabr\u0131n 29-dan 30-na ke\u00e7\u0259n gec\u0259 arabir \u015fidd\u0259tl\u0259n\u0259c\u0259k. Az\u0259rbaycan\u0131n rayonlar\u0131nda Noyabr\u0131n 30-dan dekabr\u0131n 02-si g\u00fcnd\u00fcz\u0259d\u0259k hava \u015f\u0259raitinin qeyri-sabit ke\u00e7\u0259c\u0259yi, arabir ya\u011f\u0131\u015f, da\u011fl\u0131q v\u0259 da\u011f\u0259t\u0259yi rayonlarda qar ya\u011faca\u011f\u0131 g\u00f6zl\u0259nilir. B\u0259zi yerl\u0259rd\u0259 intensiv olaca\u011f\u0131 ehtimal\u0131 var. \u00c7aylarda sululu\u011fun artaca\u011f\u0131, L\u0259nk\u0259ran-Astara b\u00f6lg\u0259sinin b\u0259zi \u00e7aylar\u0131ndan q\u0131sam\u00fcdd\u0259tli da\u015fq\u0131n ke\u00e7\u0259c\u0259yi ehtimal olunur.<\/p>\n","protected":false},"author":2,"featured_media":25622,"comment_status":"closed","ping_status":"closed","sticky":false,"template":"","format":"standard","meta":{"om_disable_all_campaigns":false,"_monsterinsights_skip_tracking":false,"_monsterinsights_sitenote_active":false,"_monsterinsights_sitenote_note":"","_monsterinsights_sitenote_category":0},"categories":[1],"tags":[],"aioseo_notices":[],"gutentor_comment":0,"rttpg_featured_image_url":{"full":["https:\/\/arantv.az\/wp-content\/uploads\/2018\/11\/yagis_hava-1.gif",400,225,false],"landscape":["https:\/\/arantv.az\/wp-content\/uploads\/2018\/11\/yagis_hava-1.gif",400,225,false],"portraits":["https:\/\/arantv.az\/wp-content\/uploads\/2018\/11\/yagis_hava-1.gif",400,225,false],"thumbnail":["https:\/\/arantv.az\/wp-content\/uploads\/2018\/11\/yagis_hava-1-150x150.gif",150,150,true],"medium":["https:\/\/arantv.az\/wp-content\/uploads\/2018\/11\/yagis_hava-1-300x169.gif",300,169,true],"large":["https:\/\/arantv.az\/wp-content\/uploads\/2018\/11\/yagis_hava-1.gif",400,225,false],"1536x1536":["https:\/\/arantv.az\/wp-content\/uploads\/2018\/11\/yagis_hava-1.gif",400,225,false],"2048x2048":["https:\/\/arantv.az\/wp-content\/uploads\/2018\/11\/yagis_hava-1.gif",400,225,false],"post-thumbnail":["https:\/\/arantv.az\/wp-content\/uploads\/2018\/11\/yagis_hava-1-240x172.gif",240,172,true],"advps-thumb-one":["https:\/\/arantv.az\/wp-content\/uploads\/2018\/11\/yagis_hava-1.gif",400,225,false]},"rttpg_author":{"display_name":"V\u00fcsal Rafiqo\u011flu","author_link":"https:\/\/arantv.az\/?author=2"},"rttpg_comment":0,"rttpg_category":"<a href=\"https:\/\/arantv.az\/?cat=1\" rel=\"category\">C\u0259miyy\u0259t<\/a>","rttpg_excerpt":"ARANTV.AZ x\u0259b\u0259r verir ki, Ekologiya v\u0259 T\u0259bii S\u0259rv\u0259tl\u0259r Nazirliyinin Milli Hidrometeorologiya Departamentinin verdiyi m\u0259lumata g\u00f6r\u0259: Bak\u0131da v\u0259 Ab\u015feron yar\u0131madas\u0131nda Noyabr\u0131n 30-u ax\u015famdan dekabr\u0131n 02-si g\u00fcnd\u00fcz\u0259d\u0259k Bak\u0131da v\u0259 Ab\u015feron yar\u0131madas\u0131nda hava \u015f\u0259raitinin arabir ya\u011f\u0131nt\u0131l\u0131 olaca\u011f\u0131,\u00a0 yar\u0131madan\u0131n b\u0259zi yerl\u0259rind\u0259 intensivl\u0259\u015f\u0259c\u0259yi g\u00f6zl\u0259nilir. G\u00fccl\u00fc \u015fimal-q\u0259rb k\u00fcl\u0259yi noyabr\u0131n 29-dan 30-na ke\u00e7\u0259n gec\u0259 arabir \u015fidd\u0259tl\u0259n\u0259c\u0259k. Az\u0259rbaycan\u0131n rayonlar\u0131nda Noyabr\u0131n 30-dan dekabr\u0131n 02-si&hellip;","_links":{"self":[{"href":"https:\/\/arantv.az\/index.php?rest_route=\/wp\/v2\/posts\/25621"}],"collection":[{"href":"https:\/\/arantv.az\/index.php?rest_route=\/wp\/v2\/posts"}],"about":[{"href":"https:\/\/arantv.az\/index.php?rest_route=\/wp\/v2\/types\/post"}],"author":[{"embeddable":true,"href":"https:\/\/arantv.az\/index.php?rest_route=\/wp\/v2\/users\/2"}],"replies":[{"embeddable":true,"href":"https:\/\/arantv.az\/index.php?rest_route=%2Fwp%2Fv2%2Fcomments&post=25621"}],"version-history":[{"count":0,"href":"https:\/\/arantv.az\/index.php?rest_route=\/wp\/v2\/posts\/25621\/revisions"}],"wp:featuredmedia":[{"embeddable":true,"href":"https:\/\/arantv.az\/index.php?rest_route=\/wp\/v2\/media\/25622"}],"wp:attachment":[{"href":"https:\/\/arantv.az\/index.php?rest_route=%2Fwp%2Fv2%2Fmedia&parent=25621"}],"wp:term":[{"taxonomy":"category","embeddable":true,"href":"https:\/\/arantv.az\/index.php?rest_route=%2Fwp%2Fv2%2Fcategories&post=25621"},{"taxonomy":"post_tag","embeddable":true,"href":"https:\/\/arantv.az\/index.php?rest_route=%2Fwp%2Fv2%2Ftags&post=25621"}],"curies":[{"name":"wp","href":"https:\/\/api.w.org\/{rel}","templated":true}]}}