{"id":25716,"date":"2018-11-30T13:32:56","date_gmt":"2018-11-30T10:32:56","guid":{"rendered":"http:\/\/arantv.az\/?p=25716"},"modified":"2018-11-30T13:32:56","modified_gmt":"2018-11-30T10:32:56","slug":"az%c9%99rbaycanda-bir-nec%c9%99-b%c9%99l%c9%99diyy%c9%99nin-adi-d%c9%99yisdirilir","status":"publish","type":"post","link":"https:\/\/arantv.az\/?p=25716","title":{"rendered":"Az\u0259rbaycanda bir ne\u00e7\u0259 b\u0259l\u0259diyy\u0259nin ad\u0131 d\u0259yi\u015fdirilir"},"content":{"rendered":"<p>Parlamentin bu g\u00fcn ke\u00e7iril\u0259n plenar iclas\u0131nda Az\u0259rbaycanda bir ne\u00e7\u0259 b\u0259l\u0259diyy\u0259nin ad\u0131 d\u0259yi\u015fdirilm\u0259si m\u0259s\u0259l\u0259si m\u00fczakir\u0259 edilib.<\/p>\n<p><b>ARANTV.AZ\u00a0<\/b>x\u0259b\u0259r verir ki, iclasda bildirilib ki, bununla ba\u011fl\u0131 \u201cAz\u0259rbaycan Respublikas\u0131nda b\u0259l\u0259diyy\u0259l\u0259rin siyah\u0131s\u0131\u201dnda d\u0259yi\u015fiklik edilm\u0259si t\u0259klif olunub.<\/p>\n<p>D\u0259yi\u015fiklikl\u0259, A\u011fsu rayonunun G\u00fcrc\u00fcvan b\u0259l\u0259diyy\u0259si Xanbulaq, Goranboy rayonunun A\u011famal\u0131o\u011flu b\u0259l\u0259diyy\u0259si D\u00fczq\u0131\u015flaq, \u018fzizb\u0259yov b\u0259l\u0259diyy\u0259si K\u0259hrizli, Xa\u00e7maz rayonunun Alekseyevka b\u0259l\u0259diyy\u0259si \u00c7ayk\u0259nar\u0131, M\u00fcqt\u0259dir b\u0259l\u0259diyy\u0259si \u0130stisu, X\u0131z\u0131 rayonunun \u015euraabad b\u0259l\u0259diyy\u0259si \u015eorabad, Qusar rayonunun \u015eirvanovka b\u0259l\u0259diyy\u0259si \u015eirvanl\u0131, Masall\u0131 rayonunun Kalinovka b\u0259l\u0259diyy\u0259si Vil\u0259\u015f, Saatl\u0131 rayonunun Xanlark\u0259nd b\u0259l\u0259diyy\u0259si Nabatk\u0259nd, Qarayevk\u0259nd b\u0259l\u0259diyy\u0259si Orta Mu\u011fan, Samux rayonunun Q\u0131rm\u0131z\u0131 Samux b\u0259l\u0259diyy\u0259si Qaraa\u011facl\u0131, \u015e\u0259mkir rayonunun Qas\u0131m \u0130smay\u0131lov b\u0259l\u0259diyy\u0259si A\u011flava\u015fl\u0131, Muxtariyyat b\u0259l\u0259diyy\u0259si Q\u0259dimqala adland\u0131r\u0131l\u0131r.<\/p>\n<p>Layih\u0259 m\u00fczakir\u0259l\u0259rd\u0259n sonra s\u0259sverm\u0259y\u0259 \u00e7\u0131xar\u0131laraq q\u0259bul edilib.<\/p>\n<p>oxu.az<\/p>\n","protected":false},"excerpt":{"rendered":"<p>Parlamentin bu g\u00fcn ke\u00e7iril\u0259n plenar iclas\u0131nda Az\u0259rbaycanda bir ne\u00e7\u0259 b\u0259l\u0259diyy\u0259nin ad\u0131 d\u0259yi\u015fdirilm\u0259si m\u0259s\u0259l\u0259si m\u00fczakir\u0259 edilib. ARANTV.AZ\u00a0x\u0259b\u0259r verir ki, iclasda bildirilib ki, bununla ba\u011fl\u0131 \u201cAz\u0259rbaycan Respublikas\u0131nda b\u0259l\u0259diyy\u0259l\u0259rin siyah\u0131s\u0131\u201dnda d\u0259yi\u015fiklik edilm\u0259si t\u0259klif olunub. D\u0259yi\u015fiklikl\u0259, A\u011fsu rayonunun G\u00fcrc\u00fcvan b\u0259l\u0259diyy\u0259si Xanbulaq, Goranboy rayonunun A\u011famal\u0131o\u011flu b\u0259l\u0259diyy\u0259si D\u00fczq\u0131\u015flaq, \u018fzizb\u0259yov b\u0259l\u0259diyy\u0259si K\u0259hrizli, Xa\u00e7maz rayonunun Alekseyevka b\u0259l\u0259diyy\u0259si \u00c7ayk\u0259nar\u0131, M\u00fcqt\u0259dir b\u0259l\u0259diyy\u0259si \u0130stisu, X\u0131z\u0131 rayonunun \u015euraabad b\u0259l\u0259diyy\u0259si \u015eorabad, Qusar rayonunun \u015eirvanovka b\u0259l\u0259diyy\u0259si \u015eirvanl\u0131, Masall\u0131 rayonunun Kalinovka b\u0259l\u0259diyy\u0259si Vil\u0259\u015f, Saatl\u0131 rayonunun Xanlark\u0259nd b\u0259l\u0259diyy\u0259si Nabatk\u0259nd, Qarayevk\u0259nd b\u0259l\u0259diyy\u0259si Orta Mu\u011fan, Samux rayonunun Q\u0131rm\u0131z\u0131 Samux b\u0259l\u0259diyy\u0259si Qaraa\u011facl\u0131, \u015e\u0259mkir rayonunun Qas\u0131m \u0130smay\u0131lov b\u0259l\u0259diyy\u0259si A\u011flava\u015fl\u0131, Muxtariyyat&hellip;<\/p>\n","protected":false},"author":2,"featured_media":25717,"comment_status":"closed","ping_status":"closed","sticky":false,"template":"","format":"standard","meta":{"om_disable_all_campaigns":false,"_monsterinsights_skip_tracking":false,"_monsterinsights_sitenote_active":false,"_monsterinsights_sitenote_note":"","_monsterinsights_sitenote_category":0},"categories":[1],"tags":[],"aioseo_notices":[],"gutentor_comment":0,"rttpg_featured_image_url":{"full":["https:\/\/arantv.az\/wp-content\/uploads\/2018\/11\/podpisanie-aktov-sverki.jpg",620,381,false],"landscape":["https:\/\/arantv.az\/wp-content\/uploads\/2018\/11\/podpisanie-aktov-sverki.jpg",620,381,false],"portraits":["https:\/\/arantv.az\/wp-content\/uploads\/2018\/11\/podpisanie-aktov-sverki.jpg",620,381,false],"thumbnail":["https:\/\/arantv.az\/wp-content\/uploads\/2018\/11\/podpisanie-aktov-sverki-150x150.jpg",150,150,true],"medium":["https:\/\/arantv.az\/wp-content\/uploads\/2018\/11\/podpisanie-aktov-sverki-300x184.jpg",300,184,true],"large":["https:\/\/arantv.az\/wp-content\/uploads\/2018\/11\/podpisanie-aktov-sverki.jpg",620,381,false],"1536x1536":["https:\/\/arantv.az\/wp-content\/uploads\/2018\/11\/podpisanie-aktov-sverki.jpg",620,381,false],"2048x2048":["https:\/\/arantv.az\/wp-content\/uploads\/2018\/11\/podpisanie-aktov-sverki.jpg",620,381,false],"post-thumbnail":["https:\/\/arantv.az\/wp-content\/uploads\/2018\/11\/podpisanie-aktov-sverki-240x172.jpg",240,172,true],"advps-thumb-one":["https:\/\/arantv.az\/wp-content\/uploads\/2018\/11\/podpisanie-aktov-sverki.jpg",620,381,false]},"rttpg_author":{"display_name":"V\u00fcsal Rafiqo\u011flu","author_link":"https:\/\/arantv.az\/?author=2"},"rttpg_comment":0,"rttpg_category":"<a href=\"https:\/\/arantv.az\/?cat=1\" rel=\"category\">C\u0259miyy\u0259t<\/a>","rttpg_excerpt":"Parlamentin bu g\u00fcn ke\u00e7iril\u0259n plenar iclas\u0131nda Az\u0259rbaycanda bir ne\u00e7\u0259 b\u0259l\u0259diyy\u0259nin ad\u0131 d\u0259yi\u015fdirilm\u0259si m\u0259s\u0259l\u0259si m\u00fczakir\u0259 edilib. ARANTV.AZ\u00a0x\u0259b\u0259r verir ki, iclasda bildirilib ki, bununla ba\u011fl\u0131 \u201cAz\u0259rbaycan Respublikas\u0131nda b\u0259l\u0259diyy\u0259l\u0259rin siyah\u0131s\u0131\u201dnda d\u0259yi\u015fiklik edilm\u0259si t\u0259klif olunub. D\u0259yi\u015fiklikl\u0259, A\u011fsu rayonunun G\u00fcrc\u00fcvan b\u0259l\u0259diyy\u0259si Xanbulaq, Goranboy rayonunun A\u011famal\u0131o\u011flu b\u0259l\u0259diyy\u0259si D\u00fczq\u0131\u015flaq, \u018fzizb\u0259yov b\u0259l\u0259diyy\u0259si K\u0259hrizli, Xa\u00e7maz rayonunun Alekseyevka b\u0259l\u0259diyy\u0259si \u00c7ayk\u0259nar\u0131, M\u00fcqt\u0259dir b\u0259l\u0259diyy\u0259si \u0130stisu, X\u0131z\u0131 rayonunun&hellip;","_links":{"self":[{"href":"https:\/\/arantv.az\/index.php?rest_route=\/wp\/v2\/posts\/25716"}],"collection":[{"href":"https:\/\/arantv.az\/index.php?rest_route=\/wp\/v2\/posts"}],"about":[{"href":"https:\/\/arantv.az\/index.php?rest_route=\/wp\/v2\/types\/post"}],"author":[{"embeddable":true,"href":"https:\/\/arantv.az\/index.php?rest_route=\/wp\/v2\/users\/2"}],"replies":[{"embeddable":true,"href":"https:\/\/arantv.az\/index.php?rest_route=%2Fwp%2Fv2%2Fcomments&post=25716"}],"version-history":[{"count":0,"href":"https:\/\/arantv.az\/index.php?rest_route=\/wp\/v2\/posts\/25716\/revisions"}],"wp:featuredmedia":[{"embeddable":true,"href":"https:\/\/arantv.az\/index.php?rest_route=\/wp\/v2\/media\/25717"}],"wp:attachment":[{"href":"https:\/\/arantv.az\/index.php?rest_route=%2Fwp%2Fv2%2Fmedia&parent=25716"}],"wp:term":[{"taxonomy":"category","embeddable":true,"href":"https:\/\/arantv.az\/index.php?rest_route=%2Fwp%2Fv2%2Fcategories&post=25716"},{"taxonomy":"post_tag","embeddable":true,"href":"https:\/\/arantv.az\/index.php?rest_route=%2Fwp%2Fv2%2Ftags&post=25716"}],"curies":[{"name":"wp","href":"https:\/\/api.w.org\/{rel}","templated":true}]}}