{"id":25722,"date":"2018-11-30T13:34:40","date_gmt":"2018-11-30T10:34:40","guid":{"rendered":"http:\/\/arantv.az\/?p=25722"},"modified":"2018-11-30T13:34:40","modified_gmt":"2018-11-30T10:34:40","slug":"xeyriyy%c9%99cilik-f%c9%99aliyy%c9%99ti-il%c9%99-m%c9%99sgul-olanlar-vergid%c9%99n-azad-olunur-aciqlama","status":"publish","type":"post","link":"https:\/\/arantv.az\/?p=25722","title":{"rendered":"Xeyriyy\u0259\u00e7ilik f\u0259aliyy\u0259ti il\u0259 m\u0259\u015f\u011ful olanlar vergid\u0259n azad olunur? &#8211; A\u00c7IQLAMA"},"content":{"rendered":"<p>Vergil\u0259r naziri\u00a0<strong>Mikay\u0131l Cabbarov<\/strong>\u00a0xeyriyy\u0259\u00e7ilik f\u0259aliyy\u0259ti il\u0259 m\u0259\u015f\u011ful olan \u015f\u0259xsl\u0259rin vergid\u0259n azad olunmas\u0131 il\u0259 deputatlar\u0131n t\u0259klifin\u0259 m\u00fcnasib\u0259t bildirib.<\/p>\n<p><b>ARANTV.AZ\u00a0<\/b>x\u0259b\u0259r verir ki, parlamentd\u0259 M.Cabbarov qeyd edib ki, nazirlik ilk d\u0259f\u0259dir ki, bu tip azadolmalar\u0131 Vergi M\u0259c\u0259ll\u0259sin\u0259 daxil olunmas\u0131n\u0131 t\u0259klif edir:<\/p>\n<p>\u201cM\u00f6vcud d\u0259yi\u015fiklikl\u0259r n\u0259z\u0259r\u0259 al\u0131nmaqla b\u00fcdc\u0259 bazas\u0131 hesablan\u0131b. Haz\u0131rda \u0259lav\u0259 geni\u015f azadolunmalar\u0131n t\u0259qdim edilm\u0259si m\u0259s\u0259l\u0259si d\u0259 m\u00fcmk\u00fcnd\u00fcrs\u0259, o zaman buna n\u00f6vb\u0259ti b\u00fcdc\u0259 layih\u0259l\u0259rinin m\u00fczakir\u0259sind\u0259 baxar\u0131q\u201d.oxu.az<\/p>\n","protected":false},"excerpt":{"rendered":"<p>Vergil\u0259r naziri\u00a0Mikay\u0131l Cabbarov\u00a0xeyriyy\u0259\u00e7ilik f\u0259aliyy\u0259ti il\u0259 m\u0259\u015f\u011ful olan \u015f\u0259xsl\u0259rin vergid\u0259n azad olunmas\u0131 il\u0259 deputatlar\u0131n t\u0259klifin\u0259 m\u00fcnasib\u0259t bildirib. ARANTV.AZ\u00a0x\u0259b\u0259r verir ki, parlamentd\u0259 M.Cabbarov qeyd edib ki, nazirlik ilk d\u0259f\u0259dir ki, bu tip azadolmalar\u0131 Vergi M\u0259c\u0259ll\u0259sin\u0259 daxil olunmas\u0131n\u0131 t\u0259klif edir: \u201cM\u00f6vcud d\u0259yi\u015fiklikl\u0259r n\u0259z\u0259r\u0259 al\u0131nmaqla b\u00fcdc\u0259 bazas\u0131 hesablan\u0131b. Haz\u0131rda \u0259lav\u0259 geni\u015f azadolunmalar\u0131n t\u0259qdim edilm\u0259si m\u0259s\u0259l\u0259si d\u0259 m\u00fcmk\u00fcnd\u00fcrs\u0259, o zaman buna n\u00f6vb\u0259ti b\u00fcdc\u0259 layih\u0259l\u0259rinin m\u00fczakir\u0259sind\u0259 baxar\u0131q\u201d.oxu.az<\/p>\n","protected":false},"author":2,"featured_media":25723,"comment_status":"closed","ping_status":"closed","sticky":false,"template":"","format":"standard","meta":{"om_disable_all_campaigns":false,"_monsterinsights_skip_tracking":false,"_monsterinsights_sitenote_active":false,"_monsterinsights_sitenote_note":"","_monsterinsights_sitenote_category":0},"categories":[4],"tags":[],"aioseo_notices":[],"gutentor_comment":0,"rttpg_featured_image_url":{"full":["https:\/\/arantv.az\/wp-content\/uploads\/2018\/11\/43582767_1701299893333035_4535886558686871552_n-1.jpg",620,395,false],"landscape":["https:\/\/arantv.az\/wp-content\/uploads\/2018\/11\/43582767_1701299893333035_4535886558686871552_n-1.jpg",620,395,false],"portraits":["https:\/\/arantv.az\/wp-content\/uploads\/2018\/11\/43582767_1701299893333035_4535886558686871552_n-1.jpg",620,395,false],"thumbnail":["https:\/\/arantv.az\/wp-content\/uploads\/2018\/11\/43582767_1701299893333035_4535886558686871552_n-1-150x150.jpg",150,150,true],"medium":["https:\/\/arantv.az\/wp-content\/uploads\/2018\/11\/43582767_1701299893333035_4535886558686871552_n-1-300x191.jpg",300,191,true],"large":["https:\/\/arantv.az\/wp-content\/uploads\/2018\/11\/43582767_1701299893333035_4535886558686871552_n-1.jpg",620,395,false],"1536x1536":["https:\/\/arantv.az\/wp-content\/uploads\/2018\/11\/43582767_1701299893333035_4535886558686871552_n-1.jpg",620,395,false],"2048x2048":["https:\/\/arantv.az\/wp-content\/uploads\/2018\/11\/43582767_1701299893333035_4535886558686871552_n-1.jpg",620,395,false],"post-thumbnail":["https:\/\/arantv.az\/wp-content\/uploads\/2018\/11\/43582767_1701299893333035_4535886558686871552_n-1-240x172.jpg",240,172,true],"advps-thumb-one":["https:\/\/arantv.az\/wp-content\/uploads\/2018\/11\/43582767_1701299893333035_4535886558686871552_n-1.jpg",620,395,false]},"rttpg_author":{"display_name":"V\u00fcsal Rafiqo\u011flu","author_link":"https:\/\/arantv.az\/?author=2"},"rttpg_comment":0,"rttpg_category":"<a href=\"https:\/\/arantv.az\/?cat=4\" rel=\"category\">Siyas\u0259t<\/a>","rttpg_excerpt":"Vergil\u0259r naziri\u00a0Mikay\u0131l Cabbarov\u00a0xeyriyy\u0259\u00e7ilik f\u0259aliyy\u0259ti il\u0259 m\u0259\u015f\u011ful olan \u015f\u0259xsl\u0259rin vergid\u0259n azad olunmas\u0131 il\u0259 deputatlar\u0131n t\u0259klifin\u0259 m\u00fcnasib\u0259t bildirib. ARANTV.AZ\u00a0x\u0259b\u0259r verir ki, parlamentd\u0259 M.Cabbarov qeyd edib ki, nazirlik ilk d\u0259f\u0259dir ki, bu tip azadolmalar\u0131 Vergi M\u0259c\u0259ll\u0259sin\u0259 daxil olunmas\u0131n\u0131 t\u0259klif edir: \u201cM\u00f6vcud d\u0259yi\u015fiklikl\u0259r n\u0259z\u0259r\u0259 al\u0131nmaqla b\u00fcdc\u0259 bazas\u0131 hesablan\u0131b. Haz\u0131rda \u0259lav\u0259 geni\u015f azadolunmalar\u0131n t\u0259qdim edilm\u0259si m\u0259s\u0259l\u0259si d\u0259 m\u00fcmk\u00fcnd\u00fcrs\u0259, o zaman&hellip;","_links":{"self":[{"href":"https:\/\/arantv.az\/index.php?rest_route=\/wp\/v2\/posts\/25722"}],"collection":[{"href":"https:\/\/arantv.az\/index.php?rest_route=\/wp\/v2\/posts"}],"about":[{"href":"https:\/\/arantv.az\/index.php?rest_route=\/wp\/v2\/types\/post"}],"author":[{"embeddable":true,"href":"https:\/\/arantv.az\/index.php?rest_route=\/wp\/v2\/users\/2"}],"replies":[{"embeddable":true,"href":"https:\/\/arantv.az\/index.php?rest_route=%2Fwp%2Fv2%2Fcomments&post=25722"}],"version-history":[{"count":0,"href":"https:\/\/arantv.az\/index.php?rest_route=\/wp\/v2\/posts\/25722\/revisions"}],"wp:featuredmedia":[{"embeddable":true,"href":"https:\/\/arantv.az\/index.php?rest_route=\/wp\/v2\/media\/25723"}],"wp:attachment":[{"href":"https:\/\/arantv.az\/index.php?rest_route=%2Fwp%2Fv2%2Fmedia&parent=25722"}],"wp:term":[{"taxonomy":"category","embeddable":true,"href":"https:\/\/arantv.az\/index.php?rest_route=%2Fwp%2Fv2%2Fcategories&post=25722"},{"taxonomy":"post_tag","embeddable":true,"href":"https:\/\/arantv.az\/index.php?rest_route=%2Fwp%2Fv2%2Ftags&post=25722"}],"curies":[{"name":"wp","href":"https:\/\/api.w.org\/{rel}","templated":true}]}}