{"id":25725,"date":"2018-11-30T13:37:01","date_gmt":"2018-11-30T10:37:01","guid":{"rendered":"http:\/\/arantv.az\/?p=25725"},"modified":"2018-11-30T13:37:01","modified_gmt":"2018-11-30T10:37:01","slug":"az%c9%99rbaycanda-%c9%99m%c9%99k-pensiyalari-il%c9%99-bagli-muhum-d%c9%99yisiklikl%c9%99r","status":"publish","type":"post","link":"https:\/\/arantv.az\/?p=25725","title":{"rendered":"Az\u0259rbaycanda \u0259m\u0259k pensiyalar\u0131 il\u0259 ba\u011fl\u0131 &#8211; M\u00dcH\u00dcM D\u018fY\u0130\u015e\u0130KL\u0130KL\u018fR"},"content":{"rendered":"<p>Parlamentin bu g\u00fcn ke\u00e7iril\u0259n plenar iclas\u0131nda \u201c\u018fm\u0259k pensiyalar\u0131 haqq\u0131nda\u201d qanuna d\u0259yi\u015fiklik layih\u0259si ikinci v\u0259 \u00fc\u00e7\u00fcnc\u00fc (sonuncu) oxunu\u015fda m\u00fczakir\u0259 olunub.<\/p>\n<p><strong>ARANTV.AZ<\/strong>\u00a0 x\u0259b\u0259r verir ki, layih\u0259 bar\u0259d\u0259 parlamentin \u018fm\u0259k v\u0259 sosial siyas\u0259t komit\u0259sinin s\u0259dri\u00a0<strong>Hadi R\u0259c\u0259bli<\/strong>\u00a0m\u0259lumat verib.<\/p>\n<p>Komit\u0259 s\u0259dri qeyd edib ki, qanunun 20-ci (Qulluq staj\u0131na g\u00f6r\u0259 \u0259m\u0259k pensiyas\u0131na \u0259lav\u0259l\u0259r) madd\u0259sin\u0259 \u0259lav\u0259 edil\u0259n yeni \u2013 30-cu b\u0259nd\u0259 \u0259sas\u0259n, bu madd\u0259d\u0259 n\u0259z\u0259rd\u0259 tutulan \u015f\u0259xsl\u0259rin \u0259m\u0259k pensiyalar\u0131na qulluq staj\u0131na g\u00f6r\u0259 \u0259lav\u0259 hesablanark\u0259n \u0259m\u0259k haqq\u0131na, d\u00f6vl\u0259t m\u0259vacibin\u0259 v\u0259 v\u0259zif\u0259 maa\u015f\u0131na b\u00fcdc\u0259d\u0259nk\u0259nar v\u0259saitl\u0259r hesab\u0131na veril\u0259n \u00f6d\u0259ni\u015fl\u0259r n\u0259z\u0259r\u0259 al\u0131nm\u0131r.<\/p>\n<p>Qanuna \u0259lav\u0259 edil\u0259n 22-1-ci (\u018fm\u0259k pensiyas\u0131n\u0131n avtomatla\u015fd\u0131r\u0131lm\u0131\u015f qaydada t\u0259yinat\u0131 zaman\u0131 2006-c\u0131 il yanvar\u0131n 1-d\u0259k olan s\u0131\u011forta staj\u0131n\u0131n hesablanmas\u0131 x\u00fcsusiyy\u0259tl\u0259ri) madd\u0259sin\u0259 \u0259sas\u0259n, 2019-cu il yanvar\u0131n 1-d\u0259n etibar\u0259n s\u0131\u011fortaolunan\u0131n \u0259m\u0259k pensiyas\u0131 avtomatla\u015fd\u0131r\u0131lm\u0131\u015f qaydada t\u0259yin edil\u0259rk\u0259n, onun f\u0259rdi hesab\u0131n\u0131n s\u0131\u011forta hiss\u0259sind\u0259 2018-ci ilin 1 iyul tarixin\u0259 qeyd\u0259 al\u0131nm\u0131\u015f pensiya kapital\u0131 olduqda, 2006-c\u0131 il yanvar\u0131n 1-d\u0259k olan s\u0131\u011forta staj\u0131 bu madd\u0259y\u0259 uy\u011fun olaraq hesablan\u0131r.<\/p>\n<blockquote>\n<div><em><strong>Oxu:\u00a0<a href=\"https:\/\/oxu.az\/economy\/286607\" target=\"_blank\" rel=\"noopener\">Ya\u015fa g\u00f6r\u0259 pensiyaya d\u00fc\u015f\u0259n amnistiya n\u0259dir? &#8211; R\u018fY<\/a><\/strong><\/em><\/div>\n<\/blockquote>\n<p>2019-cu il yanvar\u0131n 1-d\u0259n etibar\u0259n s\u0131\u011fortaolunan\u0131n 2006-c\u0131 il yanvar\u0131n 1-d\u0259k olan s\u0131\u011forta staj\u0131, bu madd\u0259nin t\u0259l\u0259bl\u0259ri n\u0259z\u0259r\u0259 al\u0131nmaqla a\u015fad\u0131\u011f\u0131dak\u0131 qaydada hesablan\u0131r:<br \/>\n2019-2020-cu ill\u0259rd\u0259 bu qanunun 7-ci madd\u0259si il\u0259 m\u00fc\u0259yy\u0259n edil\u0259n (63 ya\u015f\u0131na \u00e7atm\u0131\u015f ki\u015fil\u0259rin v\u0259 60 ya\u015f\u0131na \u00e7atm\u0131\u015f qad\u0131nlar\u0131n f\u0259rdi hesab\u0131n s\u0131\u011forta hiss\u0259sind\u0259 qeyd\u0259 al\u0131nm\u0131\u015f pensiya kapital\u0131 \u0259m\u0259k pensiyas\u0131n\u0131n minimum m\u0259bl\u0259\u011find\u0259n az olmayan pensiya t\u0259minat\u0131na imkan verdikd\u0259 s\u0131\u011forta staj\u0131ndan as\u0131l\u0131 olmayaraq, bu pensiya t\u0259minat\u0131na imkan verm\u0259dikd\u0259 is\u0259 az\u0131 25 il s\u0131\u011forta staj\u0131 olduqda (2017-ci il iyulun 1-d\u0259k ya\u015fa g\u00f6r\u0259 \u0259m\u0259k pensiyas\u0131 t\u0259yin edilmi\u015f \u015f\u0259xsl\u0259r istisna olmaqla) ya\u015fa g\u00f6r\u0259 \u0259m\u0259k pensiyas\u0131 h\u00fcququ var) ya\u015f h\u0259ddin\u0259 \u00e7atan s\u0131\u011fortaolunana ya\u015fa g\u00f6r\u0259 \u0259m\u0259k pensiyas\u0131 t\u0259yin edil\u0259rk\u0259n onun 2006-c\u0131 il yanvar\u0131n 1-d\u0259k olan s\u0131\u011forta staj\u0131 25 il, 2021-ci ild\u0259n etibar\u0259n is\u0259 h\u0259r t\u0259qvim ili \u00fc\u00e7\u00fcn bir il azald\u0131lmaqla hesablan\u0131r.<\/p>\n<p>\u018flilliyi m\u00fc\u0259yy\u0259n edil\u0259n \u015f\u0259xs\u0259 \u0259lliy\u0259 g\u00f6r\u0259 \u0259m\u0259k pensiyas\u0131 t\u0259yin edil\u0259rk\u0259n onun 2006-c\u0131 il yanvar\u0131n 1-d\u0259k olan s\u0131\u011forta staj\u0131 h\u0259min d\u00f6vr\u0259 olan \u0259m\u0259k qabiliyy\u0259tli ya\u015f d\u00f6vr\u00fcn\u00fcn h\u0259r ili \u00fc\u00e7\u00fcn 4 ay g\u00f6t\u00fcrm\u0259kl\u0259 hesablan\u0131r.<\/p>\n<blockquote>\n<div><em><strong>Oxu:\u00a0<a href=\"https:\/\/oxu.az\/society\/284578\" target=\"_blank\" rel=\"noopener\">Pensiya\u00e7\u0131lara m\u00fcjd\u0259: 35 faiz art\u0131m olacaq<\/a><\/strong><\/em><\/div>\n<\/blockquote>\n<p>Ail\u0259 ba\u015f\u00e7\u0131s\u0131n\u0131 itirm\u0259y\u0259 g\u00f6r\u0259 \u0259m\u0259k pensiyas\u0131 t\u0259yin edil\u0259rk\u0259n pensiya\u00e7\u0131 olmayan v\u0259fat etmi\u015f \u015f\u0259xsin 2006-c\u0131 il yanvar\u0131n 1-d\u0259k olan s\u0131\u011forta staj\u0131 bu qanunun 22-1 madd\u0259si il\u0259 hesablan\u0131r.<\/p>\n<p>\u018fm\u0259k pensiyas\u0131 h\u00fcququ olan \u015f\u0259xsl\u0259rin 2006-c\u0131 il yanvar\u0131n 1-d\u0259k faktiki s\u0131\u011forta staj\u0131 bu madd\u0259d\u0259 g\u00f6st\u0259ril\u0259n s\u0131\u011forta staj\u0131ndan \u00e7ox olduqda onlar\u0131n arzusuna \u0259sas\u0259n pensiya t\u0259yin edil\u0259rk\u0259n faktiki s\u0131\u011forta staj\u0131 n\u0259z\u0259r\u0259 al\u0131n\u0131r.<\/p>\n<p>Qeyd ed\u0259k ki, qanuna d\u0259yi\u015fiklikl\u0259rin 2019-cu ilin yanvar\u0131n 1-d\u0259n q\u00fcvv\u0259y\u0259 minm\u0259si n\u0259z\u0259rd\u0259 tutulur.<\/p>\n<p>Layih\u0259 s\u0259sverm\u0259y\u0259 \u00e7\u0131xar\u0131laraq ikinci v\u0259 \u00fc\u00e7\u00fcnc\u00fc (sonuncu) oxunu\u015fda q\u0259bul edilib.<\/p>\n<p>oxu.az<\/p>\n","protected":false},"excerpt":{"rendered":"<p>Parlamentin bu g\u00fcn ke\u00e7iril\u0259n plenar iclas\u0131nda \u201c\u018fm\u0259k pensiyalar\u0131 haqq\u0131nda\u201d qanuna d\u0259yi\u015fiklik layih\u0259si ikinci v\u0259 \u00fc\u00e7\u00fcnc\u00fc (sonuncu) oxunu\u015fda m\u00fczakir\u0259 olunub. ARANTV.AZ\u00a0 x\u0259b\u0259r verir ki, layih\u0259 bar\u0259d\u0259 parlamentin \u018fm\u0259k v\u0259 sosial siyas\u0259t komit\u0259sinin s\u0259dri\u00a0Hadi R\u0259c\u0259bli\u00a0m\u0259lumat verib. Komit\u0259 s\u0259dri qeyd edib ki, qanunun 20-ci (Qulluq staj\u0131na g\u00f6r\u0259 \u0259m\u0259k pensiyas\u0131na \u0259lav\u0259l\u0259r) madd\u0259sin\u0259 \u0259lav\u0259 edil\u0259n yeni \u2013 30-cu b\u0259nd\u0259 \u0259sas\u0259n, bu madd\u0259d\u0259 n\u0259z\u0259rd\u0259 tutulan \u015f\u0259xsl\u0259rin \u0259m\u0259k pensiyalar\u0131na qulluq staj\u0131na g\u00f6r\u0259 \u0259lav\u0259 hesablanark\u0259n \u0259m\u0259k haqq\u0131na, d\u00f6vl\u0259t m\u0259vacibin\u0259 v\u0259 v\u0259zif\u0259 maa\u015f\u0131na b\u00fcdc\u0259d\u0259nk\u0259nar v\u0259saitl\u0259r hesab\u0131na veril\u0259n \u00f6d\u0259ni\u015fl\u0259r n\u0259z\u0259r\u0259 al\u0131nm\u0131r. Qanuna \u0259lav\u0259 edil\u0259n 22-1-ci (\u018fm\u0259k pensiyas\u0131n\u0131n avtomatla\u015fd\u0131r\u0131lm\u0131\u015f qaydada t\u0259yinat\u0131&hellip;<\/p>\n","protected":false},"author":2,"featured_media":25726,"comment_status":"closed","ping_status":"closed","sticky":false,"template":"","format":"standard","meta":{"om_disable_all_campaigns":false,"_monsterinsights_skip_tracking":false,"_monsterinsights_sitenote_active":false,"_monsterinsights_sitenote_note":"","_monsterinsights_sitenote_category":0},"categories":[19],"tags":[],"aioseo_notices":[],"gutentor_comment":0,"rttpg_featured_image_url":{"full":["https:\/\/arantv.az\/wp-content\/uploads\/2018\/11\/1514092735_5a3e80002141e_pensiya-623933_455503.jpg",600,400,false],"landscape":["https:\/\/arantv.az\/wp-content\/uploads\/2018\/11\/1514092735_5a3e80002141e_pensiya-623933_455503.jpg",600,400,false],"portraits":["https:\/\/arantv.az\/wp-content\/uploads\/2018\/11\/1514092735_5a3e80002141e_pensiya-623933_455503.jpg",600,400,false],"thumbnail":["https:\/\/arantv.az\/wp-content\/uploads\/2018\/11\/1514092735_5a3e80002141e_pensiya-623933_455503-150x150.jpg",150,150,true],"medium":["https:\/\/arantv.az\/wp-content\/uploads\/2018\/11\/1514092735_5a3e80002141e_pensiya-623933_455503-300x200.jpg",300,200,true],"large":["https:\/\/arantv.az\/wp-content\/uploads\/2018\/11\/1514092735_5a3e80002141e_pensiya-623933_455503.jpg",600,400,false],"1536x1536":["https:\/\/arantv.az\/wp-content\/uploads\/2018\/11\/1514092735_5a3e80002141e_pensiya-623933_455503.jpg",600,400,false],"2048x2048":["https:\/\/arantv.az\/wp-content\/uploads\/2018\/11\/1514092735_5a3e80002141e_pensiya-623933_455503.jpg",600,400,false],"post-thumbnail":["https:\/\/arantv.az\/wp-content\/uploads\/2018\/11\/1514092735_5a3e80002141e_pensiya-623933_455503-240x172.jpg",240,172,true],"advps-thumb-one":["https:\/\/arantv.az\/wp-content\/uploads\/2018\/11\/1514092735_5a3e80002141e_pensiya-623933_455503.jpg",600,400,false]},"rttpg_author":{"display_name":"V\u00fcsal Rafiqo\u011flu","author_link":"https:\/\/arantv.az\/?author=2"},"rttpg_comment":0,"rttpg_category":"<a href=\"https:\/\/arantv.az\/?cat=19\" rel=\"category\">G\u00fcnd\u0259m<\/a>","rttpg_excerpt":"Parlamentin bu g\u00fcn ke\u00e7iril\u0259n plenar iclas\u0131nda \u201c\u018fm\u0259k pensiyalar\u0131 haqq\u0131nda\u201d qanuna d\u0259yi\u015fiklik layih\u0259si ikinci v\u0259 \u00fc\u00e7\u00fcnc\u00fc (sonuncu) oxunu\u015fda m\u00fczakir\u0259 olunub. ARANTV.AZ\u00a0 x\u0259b\u0259r verir ki, layih\u0259 bar\u0259d\u0259 parlamentin \u018fm\u0259k v\u0259 sosial siyas\u0259t komit\u0259sinin s\u0259dri\u00a0Hadi R\u0259c\u0259bli\u00a0m\u0259lumat verib. Komit\u0259 s\u0259dri qeyd edib ki, qanunun 20-ci (Qulluq staj\u0131na g\u00f6r\u0259 \u0259m\u0259k pensiyas\u0131na \u0259lav\u0259l\u0259r) madd\u0259sin\u0259 \u0259lav\u0259 edil\u0259n yeni \u2013 30-cu b\u0259nd\u0259 \u0259sas\u0259n,&hellip;","_links":{"self":[{"href":"https:\/\/arantv.az\/index.php?rest_route=\/wp\/v2\/posts\/25725"}],"collection":[{"href":"https:\/\/arantv.az\/index.php?rest_route=\/wp\/v2\/posts"}],"about":[{"href":"https:\/\/arantv.az\/index.php?rest_route=\/wp\/v2\/types\/post"}],"author":[{"embeddable":true,"href":"https:\/\/arantv.az\/index.php?rest_route=\/wp\/v2\/users\/2"}],"replies":[{"embeddable":true,"href":"https:\/\/arantv.az\/index.php?rest_route=%2Fwp%2Fv2%2Fcomments&post=25725"}],"version-history":[{"count":0,"href":"https:\/\/arantv.az\/index.php?rest_route=\/wp\/v2\/posts\/25725\/revisions"}],"wp:featuredmedia":[{"embeddable":true,"href":"https:\/\/arantv.az\/index.php?rest_route=\/wp\/v2\/media\/25726"}],"wp:attachment":[{"href":"https:\/\/arantv.az\/index.php?rest_route=%2Fwp%2Fv2%2Fmedia&parent=25725"}],"wp:term":[{"taxonomy":"category","embeddable":true,"href":"https:\/\/arantv.az\/index.php?rest_route=%2Fwp%2Fv2%2Fcategories&post=25725"},{"taxonomy":"post_tag","embeddable":true,"href":"https:\/\/arantv.az\/index.php?rest_route=%2Fwp%2Fv2%2Ftags&post=25725"}],"curies":[{"name":"wp","href":"https:\/\/api.w.org\/{rel}","templated":true}]}}