{"id":25728,"date":"2018-11-30T13:37:58","date_gmt":"2018-11-30T10:37:58","guid":{"rendered":"http:\/\/arantv.az\/?p=25728"},"modified":"2018-11-30T13:37:58","modified_gmt":"2018-11-30T10:37:58","slug":"parlamentd%c9%99-babalar-v%c9%99-n%c9%99v%c9%99l%c9%99r-problemi","status":"publish","type":"post","link":"https:\/\/arantv.az\/?p=25728","title":{"rendered":"Parlamentd\u0259 \u201cbabalar v\u0259 n\u0259v\u0259l\u0259r\u201d problemi"},"content":{"rendered":"<p>Parlamentd\u0259 Vergil\u0259r M\u0259c\u0259ll\u0259sin\u0259 edil\u0259n d\u0259yi\u015fiklikl\u0259rin m\u00fczakir\u0259sind\u0259 bir s\u0131ra maraql\u0131 t\u0259klifl\u0259r s\u0259sl\u0259ndirilib.<\/p>\n<p><strong>ARANTV.AZ<\/strong>-\u0131n m\u0259lumat\u0131na g\u00f6r\u0259, iclasda \u00e7\u0131x\u0131\u015f ed\u0259n deputat\u00a0<strong>\u018fli M\u0259simli<\/strong>\u00a0yeni d\u0259yi\u015fiklikd\u0259 qeyri-neft sektoru v\u0259 qeyri-d\u00f6vl\u0259t sektoruna\u00a0aid olan sah\u0259l\u0259rin yeddi\u00a0il m\u00fcdd\u0259tin\u0259 vergid\u0259n azad edil\u0259c\u0259yini qeyd edib:<\/p>\n<p>\u201cBurada\u00a0qeyri-d\u00f6vl\u0259t sektorunun hans\u0131 sah\u0259l\u0259ri \u0259hat\u0259 etdiyini\u00a0ara\u015fd\u0131rma\u011fa v\u0259 s\u0259rh\u0259dl\u0259ri m\u00fc\u0259yy\u0259n etm\u0259y\u0259 ehtiyac var.\u00a0\u0130nsanlar bununla ba\u011fl\u0131 biz\u0259 m\u00fcraci\u0259tl\u0259r edirl\u0259r. Cavab da verilib ki, bu s\u0259rh\u0259dl\u0259ri Nazirl\u0259r Kabineti m\u00fc\u0259yy\u0259nl\u0259\u015fdir\u0259c\u0259k. Xahi\u015f edir\u0259m ki, Nazirl\u0259r Kabineti bu s\u0259rh\u0259dl\u0259rin m\u00fc\u0259yy\u0259nl\u0259\u015fm\u0259si il\u0259 ba\u011fl\u0131 tez q\u0259rar q\u0259bul etsin ki, qeyri-m\u00fc\u0259yy\u0259nlik\u00a0qalmas\u0131n\u201d.<\/p>\n<div id=\"AdributorNativeVideo0\" class=\"AdributorNativeVideo\">\n<div class=\"adributor-inboard sm-screen\">\n<div>\n<p>Deputat\u00a0<strong>Fazil Mustafa<\/strong>\u00a0\u00e7\u0131x\u0131\u015f\u0131nda qeyd edib ki, Bak\u0131n\u0131n y\u00fck\u00fcn\u00fcn azald\u0131lmas\u0131 \u00fc\u00e7\u00fcn ikinci b\u00f6y\u00fck \u015f\u0259h\u0259rimiz olan G\u0259nc\u0259d\u0259 Bak\u0131 D\u00f6vl\u0259t Universiteti kimi yeni bir universitet a\u00e7\u0131lmal\u0131d\u0131r:<\/p>\n<p>\u201cSahibkarlara da imkan yarad\u0131lmal\u0131d\u0131r ki, onlar i\u015f yerl\u0259rini ikinci b\u00f6y\u00fck \u015f\u0259h\u0259rd\u0259 a\u00e7ma\u011fa maraql\u0131\u00a0 olsunlar.\u00a0\u0130ndi prezident t\u0259r\u0259find\u0259n ora insanlar\u0131n probleml\u0259ri olanda onlar\u0131n aya\u011f\u0131na ged\u0259n v\u0259 sahibkarlar\u0131 m\u00fct\u0259madi q\u0259bul ed\u0259n yeni ba\u015f\u00e7\u0131 t\u0259yin edilib. Bu bax\u0131mdan, ikinci b\u00f6y\u00fck \u015f\u0259h\u0259rimizi inki\u015faf etdirm\u0259y\u0259 ehtiyac var\u201d.<\/p>\n<p>Deputat\u00a0<strong>\u00c7ingiz Q\u0259nizad\u0259<\/strong>\u00a0n\u0259v\u0259l\u0259rin v\u0259 babalar\u0131n Vergil\u0259r M\u0259c\u0259ll\u0259sind\u0259 ail\u0259 \u00fczvl\u0259ri s\u0131ras\u0131na daxil edilm\u0259m\u0259sin\u0259 etiraz edib:<\/p>\n<p>\u201cBu m\u0259s\u0259l\u0259 h\u00fcquq sistemind\u0259 d\u0259 problem yarad\u0131r. \u00c7ox vaxt notariuslar \u015fikay\u0259t edir ki, bu, Vergil\u0259r M\u0259c\u0259ll\u0259sind\u0259ki bo\u015fluqla \u0259laq\u0259dard\u0131r. Nec\u0259 olur ki, \u00f6gey bac\u0131- qarda\u015f ail\u0259 \u00fczv\u00fc say\u0131l\u0131r, amma bir yerd\u0259\u00a0ya\u015fayan baba v\u0259 n\u0259v\u0259l\u0259r ail\u0259 \u00fczv\u00fc say\u0131lm\u0131r?\u00a0 Xahi\u015f edir\u0259m ki, yeni m\u0259c\u0259ll\u0259d\u0259 bu m\u0259s\u0259l\u0259 n\u0259z\u0259r\u0259 al\u0131ns\u0131n\u201d .<\/p>\n<p>Spiker\u00a0<strong>Oqtay \u018fs\u0259dov<\/strong>\u00a0s\u00f6z\u00fcged\u0259n M\u0259c\u0259ll\u0259y\u0259 d\u0259yi\u015fiklikl\u0259rin inqilabi xarakterli oldu\u011funu bildirib v\u0259 deputatlar\u0131 indid\u0259n onu y\u00fckl\u0259m\u0259m\u0259y\u0259 \u00e7a\u011f\u0131r\u0131b.<\/p>\n<p>Vergil\u0259r naziri\u00a0<strong>Mikay\u0131l Cabbarov<\/strong>\u00a0is\u0259 \u00c7.Q\u0259nizad\u0259y\u0259 cavab olaraq bildirib ki, bu m\u0259s\u0259l\u0259y\u0259 \u0130\u015f\u00e7i qrupu s\u0259viyy\u0259sind\u0259 bax\u0131la bil\u0259r:<\/p>\n<p>\u201cAmma \u0259slind\u0259, bu m\u0259s\u0259l\u0259d\u0259 problem yoxdur. Onlar da m\u0259ntiql\u0259 ail\u0259 \u00fczvl\u0259ri hesab olunur\u201d.<\/p>\n<p>oxu.az<\/p>\n<\/div>\n<div><\/div>\n<\/div>\n<\/div>\n","protected":false},"excerpt":{"rendered":"<p>Parlamentd\u0259 Vergil\u0259r M\u0259c\u0259ll\u0259sin\u0259 edil\u0259n d\u0259yi\u015fiklikl\u0259rin m\u00fczakir\u0259sind\u0259 bir s\u0131ra maraql\u0131 t\u0259klifl\u0259r s\u0259sl\u0259ndirilib. ARANTV.AZ-\u0131n m\u0259lumat\u0131na g\u00f6r\u0259, iclasda \u00e7\u0131x\u0131\u015f ed\u0259n deputat\u00a0\u018fli M\u0259simli\u00a0yeni d\u0259yi\u015fiklikd\u0259 qeyri-neft sektoru v\u0259 qeyri-d\u00f6vl\u0259t sektoruna\u00a0aid olan sah\u0259l\u0259rin yeddi\u00a0il m\u00fcdd\u0259tin\u0259 vergid\u0259n azad edil\u0259c\u0259yini qeyd edib: \u201cBurada\u00a0qeyri-d\u00f6vl\u0259t sektorunun hans\u0131 sah\u0259l\u0259ri \u0259hat\u0259 etdiyini\u00a0ara\u015fd\u0131rma\u011fa v\u0259 s\u0259rh\u0259dl\u0259ri m\u00fc\u0259yy\u0259n etm\u0259y\u0259 ehtiyac var.\u00a0\u0130nsanlar bununla ba\u011fl\u0131 biz\u0259 m\u00fcraci\u0259tl\u0259r edirl\u0259r. Cavab da verilib ki, bu s\u0259rh\u0259dl\u0259ri Nazirl\u0259r Kabineti m\u00fc\u0259yy\u0259nl\u0259\u015fdir\u0259c\u0259k. Xahi\u015f edir\u0259m ki, Nazirl\u0259r Kabineti bu s\u0259rh\u0259dl\u0259rin m\u00fc\u0259yy\u0259nl\u0259\u015fm\u0259si il\u0259 ba\u011fl\u0131 tez q\u0259rar q\u0259bul etsin ki, qeyri-m\u00fc\u0259yy\u0259nlik\u00a0qalmas\u0131n\u201d. Deputat\u00a0Fazil Mustafa\u00a0\u00e7\u0131x\u0131\u015f\u0131nda qeyd edib ki, Bak\u0131n\u0131n y\u00fck\u00fcn\u00fcn azald\u0131lmas\u0131 \u00fc\u00e7\u00fcn ikinci b\u00f6y\u00fck \u015f\u0259h\u0259rimiz olan G\u0259nc\u0259d\u0259&hellip;<\/p>\n","protected":false},"author":2,"featured_media":25729,"comment_status":"closed","ping_status":"closed","sticky":false,"template":"","format":"standard","meta":{"om_disable_all_campaigns":false,"_monsterinsights_skip_tracking":false,"_monsterinsights_sitenote_active":false,"_monsterinsights_sitenote_note":"","_monsterinsights_sitenote_category":0},"categories":[4],"tags":[],"aioseo_notices":[],"gutentor_comment":0,"rttpg_featured_image_url":{"full":["https:\/\/arantv.az\/wp-content\/uploads\/2018\/11\/3-4.jpg",607,465,false],"landscape":["https:\/\/arantv.az\/wp-content\/uploads\/2018\/11\/3-4.jpg",607,465,false],"portraits":["https:\/\/arantv.az\/wp-content\/uploads\/2018\/11\/3-4.jpg",607,465,false],"thumbnail":["https:\/\/arantv.az\/wp-content\/uploads\/2018\/11\/3-4-150x150.jpg",150,150,true],"medium":["https:\/\/arantv.az\/wp-content\/uploads\/2018\/11\/3-4-300x230.jpg",300,230,true],"large":["https:\/\/arantv.az\/wp-content\/uploads\/2018\/11\/3-4.jpg",607,465,false],"1536x1536":["https:\/\/arantv.az\/wp-content\/uploads\/2018\/11\/3-4.jpg",607,465,false],"2048x2048":["https:\/\/arantv.az\/wp-content\/uploads\/2018\/11\/3-4.jpg",607,465,false],"post-thumbnail":["https:\/\/arantv.az\/wp-content\/uploads\/2018\/11\/3-4-240x172.jpg",240,172,true],"advps-thumb-one":["https:\/\/arantv.az\/wp-content\/uploads\/2018\/11\/3-4.jpg",607,465,false]},"rttpg_author":{"display_name":"V\u00fcsal Rafiqo\u011flu","author_link":"https:\/\/arantv.az\/?author=2"},"rttpg_comment":0,"rttpg_category":"<a href=\"https:\/\/arantv.az\/?cat=4\" rel=\"category\">Siyas\u0259t<\/a>","rttpg_excerpt":"Parlamentd\u0259 Vergil\u0259r M\u0259c\u0259ll\u0259sin\u0259 edil\u0259n d\u0259yi\u015fiklikl\u0259rin m\u00fczakir\u0259sind\u0259 bir s\u0131ra maraql\u0131 t\u0259klifl\u0259r s\u0259sl\u0259ndirilib. ARANTV.AZ-\u0131n m\u0259lumat\u0131na g\u00f6r\u0259, iclasda \u00e7\u0131x\u0131\u015f ed\u0259n deputat\u00a0\u018fli M\u0259simli\u00a0yeni d\u0259yi\u015fiklikd\u0259 qeyri-neft sektoru v\u0259 qeyri-d\u00f6vl\u0259t sektoruna\u00a0aid olan sah\u0259l\u0259rin yeddi\u00a0il m\u00fcdd\u0259tin\u0259 vergid\u0259n azad edil\u0259c\u0259yini qeyd edib: \u201cBurada\u00a0qeyri-d\u00f6vl\u0259t sektorunun hans\u0131 sah\u0259l\u0259ri \u0259hat\u0259 etdiyini\u00a0ara\u015fd\u0131rma\u011fa v\u0259 s\u0259rh\u0259dl\u0259ri m\u00fc\u0259yy\u0259n etm\u0259y\u0259 ehtiyac var.\u00a0\u0130nsanlar bununla ba\u011fl\u0131 biz\u0259 m\u00fcraci\u0259tl\u0259r edirl\u0259r. Cavab da verilib ki,&hellip;","_links":{"self":[{"href":"https:\/\/arantv.az\/index.php?rest_route=\/wp\/v2\/posts\/25728"}],"collection":[{"href":"https:\/\/arantv.az\/index.php?rest_route=\/wp\/v2\/posts"}],"about":[{"href":"https:\/\/arantv.az\/index.php?rest_route=\/wp\/v2\/types\/post"}],"author":[{"embeddable":true,"href":"https:\/\/arantv.az\/index.php?rest_route=\/wp\/v2\/users\/2"}],"replies":[{"embeddable":true,"href":"https:\/\/arantv.az\/index.php?rest_route=%2Fwp%2Fv2%2Fcomments&post=25728"}],"version-history":[{"count":0,"href":"https:\/\/arantv.az\/index.php?rest_route=\/wp\/v2\/posts\/25728\/revisions"}],"wp:featuredmedia":[{"embeddable":true,"href":"https:\/\/arantv.az\/index.php?rest_route=\/wp\/v2\/media\/25729"}],"wp:attachment":[{"href":"https:\/\/arantv.az\/index.php?rest_route=%2Fwp%2Fv2%2Fmedia&parent=25728"}],"wp:term":[{"taxonomy":"category","embeddable":true,"href":"https:\/\/arantv.az\/index.php?rest_route=%2Fwp%2Fv2%2Fcategories&post=25728"},{"taxonomy":"post_tag","embeddable":true,"href":"https:\/\/arantv.az\/index.php?rest_route=%2Fwp%2Fv2%2Ftags&post=25728"}],"curies":[{"name":"wp","href":"https:\/\/api.w.org\/{rel}","templated":true}]}}