{"id":257290,"date":"2020-12-21T20:57:48","date_gmt":"2020-12-21T17:57:48","guid":{"rendered":"http:\/\/arantv.az\/?p=257290"},"modified":"2020-12-21T20:57:48","modified_gmt":"2020-12-21T17:57:48","slug":"ikinci-qarabag-muharib%c9%99sinin-19-yasli-s%c9%99hidi-foto","status":"publish","type":"post","link":"https:\/\/arantv.az\/?p=257290","title":{"rendered":"\u0130kinci Qaraba\u011f m\u00fcharib\u0259sinin 19 ya\u015fl\u0131 \u015f\u0259hidi &#8211; FOTO"},"content":{"rendered":"<p>F\u00fczuli rayonun D\u00f6vl\u0259tyarl\u0131 k\u0259ndind\u0259n anadan olan \u015f\u0259hid C\u0259f\u0259rli \u018fli \u0130sa o\u011flu 44 g\u00fcnl\u00fck V\u0259t\u0259n m\u00fcharib\u0259sind\u0259 \u015f\u0259hid olan 2783 \u015f\u0259hidd\u0259n biridir.<\/p>\n<p><img src=\"https:\/\/cdn.oxu.az\/uploads\/W1siZiIsIjIwMjAvMTIvMjEvMTYvMzQvNDYvODNhYjlhZDEtMDVlYy00OTY1LWExM2UtOTUzYjc3ZTY3YzU1L1doYXRzQXBwIEltYWdlIDIwMjAtMTItMjEgYXQgMTUuMDcuMDIgKDIpLmpwZWciXSxbInAiLCJlbmNvZGUiLCJqcGciLCItcXVhbGl0eSA4MCJdLFsicCIsInRodW1iIiwiNTkweDU5MFx1MDAzZSJdXQ?sha=337f6ef55c36ed31\" alt=\"\" \/><\/p>\n<p>Q\u0259hr\u0259man \u0259sg\u0259r Az\u0259rbaycan\u0131n \u0259razi b\u00fct\u00f6vl\u00fcy\u00fc u\u011frunda\u00a0ged\u0259n d\u00f6y\u00fc\u015fl\u0259rd\u0259 i\u015ftirak edib. T\u0259rt\u0259r u\u011frunda Suqovu\u015fan istiqam\u0259tind\u0259 d\u00f6y\u00fc\u015fl\u0259rd\u0259 q\u0259hr\u0259manl\u0131q g\u00f6st\u0259r\u0259r\u0259k \u015f\u0259hid olub.<\/p>\n<div id=\"AdviadNativeVideo0\" class=\"AdviadNativeVideo\"><\/div>\n<p><img src=\"https:\/\/cdn.oxu.az\/uploads\/W1siZiIsIjIwMjAvMTIvMjEvMTYvMzQvNDYvZDI2Mjk0NjUtMmExZi00OTUwLTlhZDAtNTE0NzcwZWM5YmI1L1doYXRzQXBwIEltYWdlIDIwMjAtMTItMjEgYXQgMTUuMDcuMDIgKDEpLmpwZWciXSxbInAiLCJlbmNvZGUiLCJqcGciLCItcXVhbGl0eSA4MCJdLFsicCIsInRodW1iIiwiNTkweDU5MFx1MDAzZSJdXQ?sha=fa7d6515fcfd03e3\" alt=\"\" \/><\/p>\n<p>\u018f.C\u0259f\u0259rov \u0130kinci Qaraba\u011f m\u00fcharib\u0259sinin ilk \u015f\u0259hidl\u0259rind\u0259n biridir. Ail\u0259nin t\u0259k o\u011ful \u00f6vlad\u0131 olan \u015f\u0259hidimiz iki bac\u0131n\u0131n bir qarda\u015f\u0131 olub.<\/p>\n<p><img src=\"https:\/\/cdn.oxu.az\/uploads\/W1siZiIsIjIwMjAvMTIvMjEvMTYvMzQvNDYvYTFmZDFmNGUtOWNhMi00NDJhLTllZDgtMmEzOTA5ZWRkNGFmL1doYXRzQXBwIEltYWdlIDIwMjAtMTItMjEgYXQgMTUuMDcuMDEgKDEpLmpwZWciXSxbInAiLCJlbmNvZGUiLCJqcGciLCItcXVhbGl0eSA4MCJdLFsicCIsInRodW1iIiwiNTkweDU5MFx1MDAzZSJdXQ?sha=ac12a13698386546\" alt=\"\" \/><\/p>\n<p>\u018f.C\u0259f\u0259rlinin \u0259misi C\u0259f\u0259rov Adil Ayd\u0131n o\u011flu da 1993-c\u00fc ild\u0259 F\u00fczuli u\u011frunda ged\u0259n d\u00f6y\u00fc\u015fl\u0259rd\u0259 \u015f\u0259hid olub.<\/p>\n<p><img src=\"https:\/\/cdn.oxu.az\/uploads\/W1siZiIsIjIwMjAvMTIvMjEvMTYvMzQvNDcvODc4ZWEwNzktYWFhZi00NDEwLTgzODQtMmIwM2ExZmE0ZTkyL1doYXRzQXBwIEltYWdlIDIwMjAtMTItMjEgYXQgMTUuMDcuMDEuanBlZyJdLFsicCIsImVuY29kZSIsImpwZyIsIi1xdWFsaXR5IDgwIl0sWyJwIiwidGh1bWIiLCI1OTB4NTkwXHUwMDNlIl1d?sha=3b6c7c33ffe84152\" alt=\"\" \/><\/p>\n<p>Sentyabr\u0131n 27-d\u0259 \u015f\u0259hid olan q\u0259hr\u0259man\u0131m\u0131z\u0131n n\u0259\u015fi bir ay sonra DNT analizi n\u0259tic\u0259sind\u0259 m\u00fc\u0259yy\u0259n olunaraq ail\u0259sin\u0259 t\u0259hvil verilib, oktyabr\u0131n 28-d\u0259 torpa\u011fa tap\u015f\u0131r\u0131l\u0131b.<\/p>\n<p><img src=\"https:\/\/cdn.oxu.az\/uploads\/W1siZiIsIjIwMjAvMTIvMjEvMTYvMzQvNDcvYzA5YzMyODUtYzUyMi00OWQ4LWFiMWEtODk5NjQ1MmRjNjJhL1doYXRzQXBwIEltYWdlIDIwMjAtMTItMjEgYXQgMTUuMDYuNTguanBlZyJdLFsicCIsImVuY29kZSIsImpwZyIsIi1xdWFsaXR5IDgwIl0sWyJwIiwidGh1bWIiLCI1OTB4NTkwXHUwMDNlIl1d?sha=a24709c9f9aca6d8\" alt=\"\" \/><\/p>\n<p>Ail\u0259 yax\u0131nlar\u0131n\u0131n s\u00f6zl\u0259rin\u0259 g\u00f6r\u0259, 19 ya\u015fl\u0131 \u015f\u0259hidimiz ali t\u0259hsil al\u0131b, tarix m\u00fc\u0259llimi olmaq ist\u0259yirdi. Lakin h\u0259yat el\u0259 g\u0259tirdi ki, g\u0259nc ya\u015fda tarix yazan q\u0259hr\u0259manlardan oldu.<\/p>\n<p><img src=\"https:\/\/cdn.oxu.az\/uploads\/W1siZiIsIjIwMjAvMTIvMjEvMTYvMzQvNDcvOTljNjhjZjMtNGRhMS00Mjg4LTg4M2EtNmJkNjFiNDhlYjI1L1doYXRzQXBwIEltYWdlIDIwMjAtMTItMjEgYXQgMTUuMDYuNTYuanBlZyJdLFsicCIsImVuY29kZSIsImpwZyIsIi1xdWFsaXR5IDgwIl0sWyJwIiwidGh1bWIiLCI1OTB4NTkwXHUwMDNlIl1d?sha=609e513f665755be\" alt=\"\" \/><\/p>\n<p>Allah r\u0259hm\u0259t el\u0259sin!<\/p>\n","protected":false},"excerpt":{"rendered":"<p>F\u00fczuli rayonun D\u00f6vl\u0259tyarl\u0131 k\u0259ndind\u0259n anadan olan \u015f\u0259hid C\u0259f\u0259rli \u018fli \u0130sa o\u011flu 44 g\u00fcnl\u00fck V\u0259t\u0259n m\u00fcharib\u0259sind\u0259 \u015f\u0259hid olan 2783 \u015f\u0259hidd\u0259n biridir. Q\u0259hr\u0259man \u0259sg\u0259r Az\u0259rbaycan\u0131n \u0259razi b\u00fct\u00f6vl\u00fcy\u00fc u\u011frunda\u00a0ged\u0259n d\u00f6y\u00fc\u015fl\u0259rd\u0259 i\u015ftirak edib. T\u0259rt\u0259r u\u011frunda Suqovu\u015fan istiqam\u0259tind\u0259 d\u00f6y\u00fc\u015fl\u0259rd\u0259 q\u0259hr\u0259manl\u0131q g\u00f6st\u0259r\u0259r\u0259k \u015f\u0259hid olub. \u018f.C\u0259f\u0259rov \u0130kinci Qaraba\u011f m\u00fcharib\u0259sinin ilk \u015f\u0259hidl\u0259rind\u0259n biridir. Ail\u0259nin t\u0259k o\u011ful \u00f6vlad\u0131 olan \u015f\u0259hidimiz iki bac\u0131n\u0131n bir qarda\u015f\u0131 olub. \u018f.C\u0259f\u0259rlinin \u0259misi C\u0259f\u0259rov Adil Ayd\u0131n o\u011flu da 1993-c\u00fc ild\u0259 F\u00fczuli u\u011frunda ged\u0259n d\u00f6y\u00fc\u015fl\u0259rd\u0259 \u015f\u0259hid olub. Sentyabr\u0131n 27-d\u0259 \u015f\u0259hid olan q\u0259hr\u0259man\u0131m\u0131z\u0131n n\u0259\u015fi bir ay sonra DNT analizi n\u0259tic\u0259sind\u0259 m\u00fc\u0259yy\u0259n olunaraq ail\u0259sin\u0259 t\u0259hvil verilib, oktyabr\u0131n 28-d\u0259&hellip;<\/p>\n","protected":false},"author":2,"featured_media":257291,"comment_status":"closed","ping_status":"closed","sticky":false,"template":"","format":"standard","meta":{"om_disable_all_campaigns":false,"_monsterinsights_skip_tracking":false,"_monsterinsights_sitenote_active":false,"_monsterinsights_sitenote_note":"","_monsterinsights_sitenote_category":0},"categories":[26],"tags":[],"aioseo_notices":[],"gutentor_comment":0,"rttpg_featured_image_url":{"full":["https:\/\/arantv.az\/wp-content\/uploads\/2020\/12\/FotoJet-5-3.jpg",577,465,false],"landscape":["https:\/\/arantv.az\/wp-content\/uploads\/2020\/12\/FotoJet-5-3.jpg",577,465,false],"portraits":["https:\/\/arantv.az\/wp-content\/uploads\/2020\/12\/FotoJet-5-3.jpg",577,465,false],"thumbnail":["https:\/\/arantv.az\/wp-content\/uploads\/2020\/12\/FotoJet-5-3-150x150.jpg",150,150,true],"medium":["https:\/\/arantv.az\/wp-content\/uploads\/2020\/12\/FotoJet-5-3-300x242.jpg",300,242,true],"large":["https:\/\/arantv.az\/wp-content\/uploads\/2020\/12\/FotoJet-5-3.jpg",577,465,false],"1536x1536":["https:\/\/arantv.az\/wp-content\/uploads\/2020\/12\/FotoJet-5-3.jpg",577,465,false],"2048x2048":["https:\/\/arantv.az\/wp-content\/uploads\/2020\/12\/FotoJet-5-3.jpg",577,465,false],"post-thumbnail":["https:\/\/arantv.az\/wp-content\/uploads\/2020\/12\/FotoJet-5-3-240x172.jpg",240,172,true],"advps-thumb-one":["https:\/\/arantv.az\/wp-content\/uploads\/2020\/12\/FotoJet-5-3.jpg",577,465,false]},"rttpg_author":{"display_name":"V\u00fcsal Rafiqo\u011flu","author_link":"https:\/\/arantv.az\/?author=2"},"rttpg_comment":0,"rttpg_category":"<a href=\"https:\/\/arantv.az\/?cat=26\" rel=\"category\">Sosial<\/a>","rttpg_excerpt":"F\u00fczuli rayonun D\u00f6vl\u0259tyarl\u0131 k\u0259ndind\u0259n anadan olan \u015f\u0259hid C\u0259f\u0259rli \u018fli \u0130sa o\u011flu 44 g\u00fcnl\u00fck V\u0259t\u0259n m\u00fcharib\u0259sind\u0259 \u015f\u0259hid olan 2783 \u015f\u0259hidd\u0259n biridir. Q\u0259hr\u0259man \u0259sg\u0259r Az\u0259rbaycan\u0131n \u0259razi b\u00fct\u00f6vl\u00fcy\u00fc u\u011frunda\u00a0ged\u0259n d\u00f6y\u00fc\u015fl\u0259rd\u0259 i\u015ftirak edib. T\u0259rt\u0259r u\u011frunda Suqovu\u015fan istiqam\u0259tind\u0259 d\u00f6y\u00fc\u015fl\u0259rd\u0259 q\u0259hr\u0259manl\u0131q g\u00f6st\u0259r\u0259r\u0259k \u015f\u0259hid olub. \u018f.C\u0259f\u0259rov \u0130kinci Qaraba\u011f m\u00fcharib\u0259sinin ilk \u015f\u0259hidl\u0259rind\u0259n biridir. Ail\u0259nin t\u0259k o\u011ful \u00f6vlad\u0131 olan \u015f\u0259hidimiz iki bac\u0131n\u0131n bir qarda\u015f\u0131&hellip;","_links":{"self":[{"href":"https:\/\/arantv.az\/index.php?rest_route=\/wp\/v2\/posts\/257290"}],"collection":[{"href":"https:\/\/arantv.az\/index.php?rest_route=\/wp\/v2\/posts"}],"about":[{"href":"https:\/\/arantv.az\/index.php?rest_route=\/wp\/v2\/types\/post"}],"author":[{"embeddable":true,"href":"https:\/\/arantv.az\/index.php?rest_route=\/wp\/v2\/users\/2"}],"replies":[{"embeddable":true,"href":"https:\/\/arantv.az\/index.php?rest_route=%2Fwp%2Fv2%2Fcomments&post=257290"}],"version-history":[{"count":0,"href":"https:\/\/arantv.az\/index.php?rest_route=\/wp\/v2\/posts\/257290\/revisions"}],"wp:featuredmedia":[{"embeddable":true,"href":"https:\/\/arantv.az\/index.php?rest_route=\/wp\/v2\/media\/257291"}],"wp:attachment":[{"href":"https:\/\/arantv.az\/index.php?rest_route=%2Fwp%2Fv2%2Fmedia&parent=257290"}],"wp:term":[{"taxonomy":"category","embeddable":true,"href":"https:\/\/arantv.az\/index.php?rest_route=%2Fwp%2Fv2%2Fcategories&post=257290"},{"taxonomy":"post_tag","embeddable":true,"href":"https:\/\/arantv.az\/index.php?rest_route=%2Fwp%2Fv2%2Ftags&post=257290"}],"curies":[{"name":"wp","href":"https:\/\/api.w.org\/{rel}","templated":true}]}}